{"id":14583,"date":"2023-01-16T08:00:00","date_gmt":"2023-01-16T11:00:00","guid":{"rendered":"https:\/\/latinoamerica21.com\/?p=14583"},"modified":"2023-01-16T10:56:56","modified_gmt":"2023-01-16T13:56:56","slug":"borrador-a-4t-feito-historico-ou-marco-argumentativo","status":"publish","type":"post","link":"https:\/\/latinoamerica21.com\/pt-br\/borrador-a-4t-feito-historico-ou-marco-argumentativo\/","title":{"rendered":"A 4T: feito hist\u00f3rico ou marco argumentativo?"},"content":{"rendered":"\n<p>A <a href=\"https:\/\/latinoamerica21.com\/br\/amlo-e-sua-quarta-transformacao\/\" target=\"_blank\" rel=\"noreferrer noopener\">Quarta Transforma\u00e7\u00e3o (4T)<\/a>, proposta pelo Presidente Andr\u00e9s Manuel L\u00f3pez Obrador, est\u00e1 se aproximando de um ponto culminante. Em 2024 ser\u00e1 determinado se o projeto ter\u00e1 continuidade ou ser\u00e1 interrompido no seu caminho pela oposi\u00e7\u00e3o. Neste contexto, \u00e9 conveniente perguntar se o que se destaca sobre a 4T \u00e9 a sua hist\u00f3ria ou o seu argumento.<\/p>\n\n\n\n<p>As palavras &#8220;hist\u00f3ria&#8221; e &#8220;argumento&#8221; n\u00e3o significam a mesma coisa. No livro publicado em Novembro de 2022, <a href=\"https:\/\/www.lanacion.com.ar\/ideas\/resena-como-piensan-los-escritores-de-richard-cohen-nid03122022\/\" target=\"_blank\" rel=\"noreferrer noopener\"><em>C\u00f3mo piensan los escritores<\/em>, Richard Cohen<\/a> cita o escritor E. M. Forster, que nas suas aulas de literatura estabeleceu uma c\u00e9lebre distin\u00e7\u00e3o entre ambas as palavras: &#8220;Uma hist\u00f3ria \u00e9: &#8216;O rei morreu e logo depois morreu a rainha&#8217;. Um argumento \u00e9: &#8216;O rei morreu e logo depois a rainha morreu de ang\u00fastia&#8217;.<\/p>\n\n\n\n<p>De uma perspectiva liter\u00e1ria, existe uma diferen\u00e7a substancial: a hist\u00f3ria \u00e9 uma mera descri\u00e7\u00e3o, um n\u00edvel inferior frente ao argumento. Este \u00faltimo tem como atributos a explica\u00e7\u00e3o, a causalidade, a justifica\u00e7\u00e3o.<\/p>\n\n\n\n<p>H\u00e1 um paradoxo: o presidente do M\u00e9xico que mais se empenhou em comunicar ainda n\u00e3o parece ter dado o salto da hist\u00f3ria para o argumento. Nas suas confer\u00eancias matinais, conhecidas como &#8220;las ma\u00f1aneras&#8221;, exerce mais o of\u00edcio de historiador, pelo qual \u00e9 t\u00e3o apaixonado, do que a de romancista, que d\u00e1 profundidade e conte\u00fado \u00e0s suas palavras. Existe uma dist\u00e2ncia acentuada entre a superficialidade e a complexidade.<\/p>\n\n\n\n<p>\u00c9 verdade que a superficialidade ajuda a maioria do p\u00fablico a compreender melhor o que se relata, mas abusar da simplicidade faz-se em detrimento da exig\u00eancia porque necessariamente a primeira \u00e9 acompanhada pela aus\u00eancia de detalhes e nuances.<\/p>\n\n\n\n<p>Nos menos de dois anos que lhe restam para abandonar o poder, a tarefa do governo federal chefiado por L\u00f3pez Obrador ter\u00e1 que evidenciar que uma Quarta Transforma\u00e7\u00e3o est\u00e1 em curso, ou que, pelo menos, as bases desta est\u00e3o sendo estabelecidas. Resultados concretos em vez de aspira\u00e7\u00f5es.<\/p>\n\n\n\n<p>O presidente mexicano acumula mais de mil confer\u00eancias matinais nas quais relata o estado do pa\u00eds. Na primeira que realizou h\u00e1 quatro anos, em 3 de dezembro de 2018, as qualificou como um &#8220;exerc\u00edcio de comunica\u00e7\u00e3o in\u00e9dito&#8221;.<\/p>\n\n\n\n<p>Desde ent\u00e3o, e at\u00e9 ao final do ano passado, os n\u00fameros foram os seguintes: 1.004 confer\u00eancias de imprensa matutinas ordin\u00e1rias, das quais 897 foram realizadas no Pal\u00e1cio Nacional e as restantes no interior do pa\u00eds. Devem ser acrescentadas as confer\u00eancias extraordin\u00e1rias e as presididas pelos Secret\u00e1rios do Interior em exerc\u00edcio, somando um total de 1.026.<\/p>\n\n\n\n<p>Todos os dias, de segunda a sexta-feira, de 3 de dezembro de 2018 a 23 de dezembro de 2022, as confer\u00eancias foram realizadas sem falta. Nesses quatro anos, n\u00e3o foram oferecidos em apenas 43 dias, por motivos diversos, como as festividades de Natal e Ano Novo, as viagens do presidente aos Estados Unidos ou a apresenta\u00e7\u00e3o de informes governamentais.<\/p>\n\n\n\n<p>Em diferentes setores, as mensagens do presidente que foram transmitidas durante estes exerc\u00edcios medi\u00e1ticos foram questionadas ao ponto de alguns meios de comunica\u00e7\u00e3o social terem afirmado que at\u00e9 94.000 falsidades podem ser contadas durante estas mais de mil confer\u00eancias. Trata-se de uma cifra muito superior ao do ex-Presidente Donald Trump, a quem s\u00e3o atribu\u00eddas 30.573 mentiras ou dados falsos em quatro anos de mandato.<\/p>\n\n\n\n<p>Declara\u00e7\u00f5es infelizes tamb\u00e9m podem ser assinaladas. A mais recente, quando o Presidente L\u00f3pez Obrador disse que ajudar os pobres faz parte da sua estrat\u00e9gia pol\u00edtica: &#8220;Ao ajudar os pobres ficamos em uma situa\u00e7\u00e3o de seguran\u00e7a, porque j\u00e1 se sabe que quando for necess\u00e1rio defender, neste caso a transforma\u00e7\u00e3o, contaremos com o apoio deles. N\u00e3o com os setores de classe m\u00e9dia, nem com os de topo, nem com os meios de comunica\u00e7\u00e3o, nem com a intelectualidade. N\u00e3o \u00e9 um assunto pessoal, \u00e9 um assunto de estrat\u00e9gia pol\u00edtica\u201d.<\/p>\n\n\n\n<p>O certo \u00e9 que a hist\u00f3ria tem sido privilegiada e, com ela, um discurso mais apropriado para o acesso do que para o exerc\u00edcio do poder. \u00c9 preocupante que, imbu\u00eddos da aridez e dos atritos pr\u00f3prios da batalha eleitoral, que praticamente j\u00e1 est\u00e1 em curso no per\u00edodo que antecede as elei\u00e7\u00f5es presidenciais de 2024, os argumentos que demonstram a implementa\u00e7\u00e3o de uma transforma\u00e7\u00e3o de tal natureza que \u00e9 compar\u00e1vel \u00e0 independ\u00eancia, \u00e0 reforma e \u00e0 Revolu\u00e7\u00e3o Mexicana estejam a ser adiados. A 4T apenas como um fato hist\u00f3rico, e n\u00e3o como um marco argumentativo.<\/p>\n\n\n\n<p>Uma hist\u00f3ria \u00e9: &#8220;O presidente ganhou as elei\u00e7\u00f5es em 2018 e logo falou-se de uma transforma\u00e7\u00e3o&#8221;. Um argumento \u00e9: &#8220;O presidente ganhou as elei\u00e7\u00f5es em 2018 e logo falou-se de uma transforma\u00e7\u00e3o a partir das mudan\u00e7as substanciais que perturbaram o regime pol\u00edtico&#8221;. A hist\u00f3ria ainda est\u00e1 por contar; os argumentos est\u00e3o \u00e0 espera de serem defendidos.<\/p>\n","protected":false},"excerpt":{"rendered":"<p>Nos menos de dois anos que restam antes de deixar o poder, L\u00f3pez Obrador ter\u00e1 que provar que se vive uma Quarta Transforma\u00e7\u00e3o, ou pelo menos que as bases est\u00e3o sendo lan\u00e7adas.<\/p>\n","protected":false},"author":357,"featured_media":14566,"comment_status":"closed","ping_status":"closed","sticky":false,"template":"","format":"standard","meta":{"_acf_changed":false,"episode_type":"","audio_file":"","cover_image":"","cover_image_id":"","duration":"","filesize":"","filesize_raw":"","date_recorded":"","explicit":"","block":"","itunes_episode_number":"","itunes_title":"","itunes_season_number":"","itunes_episode_type":"","footnotes":""},"categories":[16706,16706,16708,16708,16776,16776,544],"tags":[],"gps":[],"class_list":{"0":"post-14583","1":"post","2":"type-post","3":"status-publish","4":"format-standard","5":"has-post-thumbnail","7":"category-mexico-pt-br","9":"category-politica-pt-br","11":"category-lopez-obrador-pt-br","13":"category-politica-br"},"acf":[],"_links":{"self":[{"href":"https:\/\/latinoamerica21.com\/pt-br\/wp-json\/wp\/v2\/posts\/14583","targetHints":{"allow":["GET"]}}],"collection":[{"href":"https:\/\/latinoamerica21.com\/pt-br\/wp-json\/wp\/v2\/posts"}],"about":[{"href":"https:\/\/latinoamerica21.com\/pt-br\/wp-json\/wp\/v2\/types\/post"}],"author":[{"embeddable":true,"href":"https:\/\/latinoamerica21.com\/pt-br\/wp-json\/wp\/v2\/users\/357"}],"replies":[{"embeddable":true,"href":"https:\/\/latinoamerica21.com\/pt-br\/wp-json\/wp\/v2\/comments?post=14583"}],"version-history":[{"count":0,"href":"https:\/\/latinoamerica21.com\/pt-br\/wp-json\/wp\/v2\/posts\/14583\/revisions"}],"wp:featuredmedia":[{"embeddable":true,"href":"https:\/\/latinoamerica21.com\/pt-br\/wp-json\/wp\/v2\/media\/14566"}],"wp:attachment":[{"href":"https:\/\/latinoamerica21.com\/pt-br\/wp-json\/wp\/v2\/media?parent=14583"}],"wp:term":[{"taxonomy":"category","embeddable":true,"href":"https:\/\/latinoamerica21.com\/pt-br\/wp-json\/wp\/v2\/categories?post=14583"},{"taxonomy":"post_tag","embeddable":true,"href":"https:\/\/latinoamerica21.com\/pt-br\/wp-json\/wp\/v2\/tags?post=14583"},{"taxonomy":"gps","embeddable":true,"href":"https:\/\/latinoamerica21.com\/pt-br\/wp-json\/wp\/v2\/gps?post=14583"}],"curies":[{"name":"wp","href":"https:\/\/api.w.org\/{rel}","templated":true}]}}