{"id":1520,"date":"2020-02-27T08:16:00","date_gmt":"2020-02-27T11:16:00","guid":{"rendered":"http:\/\/latinoamerica21.com\/?p=1520"},"modified":"2023-02-14T19:18:19","modified_gmt":"2023-02-14T22:18:19","slug":"a-longa-sombra-de-lula","status":"publish","type":"post","link":"https:\/\/latinoamerica21.com\/pt-br\/a-longa-sombra-de-lula\/","title":{"rendered":"A longa sombra de Lula"},"content":{"rendered":"\n<p>O document\u00e1rio \u201cDemocracia em Vertigem\u201d, indicado ao Oscar em 2020, se converteu desde a estreia em uma refer\u00eancia para o setor majorit\u00e1rio da esquerda brasileira. Nele, a diretora Petra Costa tra\u00e7a um relato da crise pol\u00edtica e social que acabou com 13 anos de governo do Partido dos Trabalhadores, por meio de um processo de impeachment contra Dilma Rousseff. Essa explica\u00e7\u00e3o coincidiria em boa medida com aquela que o PT j\u00e1 vinha tecendo para dar sentido ao per\u00edodo turbulento que abarca das grandes manifesta\u00e7\u00f5es populares de junho de 2013 \u00e0 chegada da extrema direita ao poder com a vit\u00f3ria eleitoral de Jair Bolsonaro, em 2018. Em tra\u00e7os largos, esse relato estabeleceria que a sa\u00edda abrupta do partido s\u00f3 aconteceu por um processo esp\u00fario de julgamento pol\u00edtico da presidente, esporeado por mobiliza\u00e7\u00f5es de setores conservadores dirigidas por grandes interesses empresariais e de m\u00eddia, e apoiada pela parcialidade na condu\u00e7\u00e3o da Opera\u00e7\u00e3o Lava-Jato, que resultou em que <a href=\"https:\/\/institutolula.org\/biografia\" target=\"_blank\" rel=\"noreferrer noopener\">Lula<\/a> fosse encarcerado quando ele liderava as pesquisas para a elei\u00e7\u00e3o presidencial de 2018. Por isso, n\u00e3o caberia outra explica\u00e7\u00e3o para a crise pol\u00edtica do que uma conjun\u00e7\u00e3o entre grupos com interesses obscuros e parco respeito pelas normas democr\u00e1ticas, a fim de alijar o PT do poder a qualquer pre\u00e7o. Dessa forma, a normalidade democr\u00e1tica s\u00f3 voltar\u00e1 a ser alcan\u00e7ada quando o partido voltar a ganhar uma elei\u00e7\u00e3o, o que acontecer\u00e1 com simplicidade no momento em que n\u00e3o houver obst\u00e1culos \u00e0 candidatura de Lula, para que ele fa\u00e7a o Brasil \u201cfeliz de novo\u201d, como propunha seu slogan de campanha em 2018.<\/p>\n\n\n\n<p>Alguns detalhes do document\u00e1rio, no entanto, passaram muito mais despercebidos pelos simpatizantes e dirigentes do PT que consideram \u201cDemocracia em Vertigem\u201d como um retrato can\u00f4nico da atual realidade <a href=\"https:\/\/latinoamerica21.com\/br\/a-politica-externa-brasileira-no-diva\/\" rel=\"sponsored nofollow\">pol\u00edtica brasileira<\/a>, esquecendo-se de matizes que poderiam complementar essa vis\u00e3o. Em uma das cenas, que resgata a primeira vit\u00f3ria eleitoral de Dilma, em 2010, ela aparece no momento em que recebe a not\u00edcia da vit\u00f3ria, e presta homenagem a Lula com um tom reverente que nem corresponde \u00e0 import\u00e2ncia do cargo de chefe de Estado e nem se enquadra \u00e0 cultura igualit\u00e1ria de um partido de origens trabalhadoras. Em uma cena posterior, a ex-presidente confessa que jamais se imaginou como sucessora de Lula, afirmando que foi ele que a escolheu, contra sua vontade, como fruto de uma pol\u00edtica de fatos consumados que parece ser o tra\u00e7o caracter\u00edstico da personalidade do l\u00edder hist\u00f3rico do PT.<\/p>\n\n\n\n<blockquote class=\"wp-block-quote is-layout-flow wp-block-quote-is-layout-flow\">\n<p>A figura de Lula foi o eixo em torno do qual toda a pol\u00edtica brasileira girou desde a d\u00e9cada de 1970&#8243;<\/p>\n<\/blockquote>\n\n\n\n<p>De ambos os fragmentos se pode inferir caracter\u00edsticas\nreveladoras sobre o estilo de lideran\u00e7a de Lula, que gra\u00e7as ao seu carisma\npermitiu que a esquerda brasileira se conectasse com amplos setores populares e\ncom os exclu\u00eddos, pela primeira vez em sua hist\u00f3ria, mas que hoje em dia pode\nser visto como principal calcanhar de Aquiles na tarefa de articular uma\noposi\u00e7\u00e3o efetiva ao governo Bolsonaro. A figura de Lula foi o eixo em torno do\nqual toda a pol\u00edtica brasileira girou desde a d\u00e9cada de 1970. Ele esteve\npresente em todas as disputas eleitorais desde 1989, fosse como principal\naspirante, como candidato a derrotar ou como padrinho da candidatura mais\nforte. Ainda assim, n\u00e3o deixa de ser significativo que o protagonista principal\nda cria\u00e7\u00e3o e consolida\u00e7\u00e3o do PT \u2013 um dos poucos partidos latino-americanos com\num grau m\u00ednimo de institucionaliza\u00e7\u00e3o \u2013 tenha sido incapaz de aceitar um\nprocesso de sucess\u00e3o interna que permitiria a extens\u00e3o do programa para al\u00e9m do\npersonalismo que seu estilo muito individual de lideran\u00e7a pressup\u00f5e.<\/p>\n\n\n\n<p>Atualmente, Lula est\u00e1 em liberdade aguardando o resultado de\nrecursos, depois que o Supremo Tribunal ordenou sua liberta\u00e7\u00e3o, contrariando a\njurisprud\u00eancia que a institui\u00e7\u00e3o mesma estabeleceu e que impediu a candidatura\nde Lula em 2018. Desde que ele saiu da pris\u00e3o, a aten\u00e7\u00e3o da m\u00eddia voltou a se\nconcentrar no ex-presidente, que atualmente luta para resgatar o legado de seus\ngovernos e denunciar os desmandos cometidos pelo juiz S\u00e9rgio Moro \u2013 atual\nministro da Justi\u00e7a do governo Bolsonaro \u2013 nas investiga\u00e7\u00f5es da Opera\u00e7\u00e3o\nLava-Jato, que terminaram por lev\u00e1-lo \u00e0 pris\u00e3o e condicionaram o resultado da\nmais recente disputa presidencial. Mesmo assim, Lula se apresenta como\ncandidato em surdina para a elei\u00e7\u00e3o de 2022, e, gra\u00e7as \u00e0 sua capacidade de\natrair a aten\u00e7\u00e3o da m\u00eddia, se converteu no principal referencial da oposi\u00e7\u00e3o\nfrente ao governo Bolsonaro.<\/p>\n\n\n\n<p>No entanto, essa pretens\u00e3o de continuar ocupando posi\u00e7\u00e3o\ncentral na cena pol\u00edtica n\u00e3o deixa de ser problem\u00e1tica, inclusive para os\ninteresses de Lula e do PT. Em termos de estrat\u00e9gia eleitoral, n\u00e3o parece a\nmelhor op\u00e7\u00e3o insistir em um candidato cujo horizonte jur\u00eddico n\u00e3o est\u00e1 de todo\nclaro, tendo em conta os diversos processos que continuam em aberto contra ele.\nIsso pode levar o PT a cometer o mesmo erro que cometeu na elei\u00e7\u00e3o de 2018,\nquando ficou sem tempo efetivo para construir uma candidatura alternativa\ndepois que Lula foi encarcerado. Tamb\u00e9m pode ser um erro estrat\u00e9gico confiar em\numa lideran\u00e7a que, embora tenha capacidade \u00fanica de mobilizar o voto popular,\nenvolve uma figura altamente polarizadora, para a opini\u00e3o p\u00fablica. Nessas\ncircunst\u00e2ncias, o bolsonarismo, perfeitamente adaptado ao debate visceral,\npoderia obter vantagens, j\u00e1 que boa parte do seu apoio existe mais por oposi\u00e7\u00e3o\na Lula do que por ades\u00e3o real.<\/p>\n\n\n\n<p>Se considerarmos que a direita moderada foi praticamente\ndevorada pelo clima de radicaliza\u00e7\u00e3o que levou o presidente Bolsonaro ao poder,\nqualquer inten\u00e7\u00e3o de resgatar a democracia brasileira de seu progressivo\ndecl\u00ednio deve partir, ao menos em termos de iniciativa, da centro-esquerda.\nAinda assim, e embora existam motivos para que Lula se sinta injusti\u00e7ado,\nbasear todo seu discurso na den\u00fancia de conspira\u00e7\u00f5es, sem tentar propor um\nprograma mais consistente do que o apelo voluntarista de \u201cvoltar a fazer o\nBrasil feliz\u201d, pode resultar em um PT gravemente ensimesmado. \u201cDemocracia em\nVertigem\u201d traz um relato baseado em fatos contrastados, mas, para entender de\numa maneira mais global a atual crise da democracia brasileira, \u00e9 necess\u00e1rio se\nabrir a outras interpreta\u00e7\u00f5es complementares. Assim, caberia perguntar por que,\nem pleno s\u00e9culo 21, a figura do l\u00edder carism\u00e1tico, a meio caminho entre as\nhiperlideran\u00e7as constru\u00eddas pela pol\u00edtica 2.0 e o caudilhismo tradicional,\ncontinua a ter apelo t\u00e3o forte, polarizando o debate p\u00fablico e dificultando uma\nrenova\u00e7\u00e3o construtiva da vida pol\u00edtica.<\/p>\n","protected":false},"excerpt":{"rendered":"<p>O document\u00e1rio &#8220;Democracia na Vertigem&#8221; tornou-se uma refer\u00eancia para a esquerda brasileira. Tra\u00e7a um relato da crise pol\u00edtica e social que p\u00f4s fim a treze anos de governo do PT atrav\u00e9s do processo de impeachment contra Dilma Rousseff. Esta explica\u00e7\u00e3o coincidiria em grande parte com a do pr\u00f3prio PT.<\/p>\n","protected":false},"author":51,"featured_media":1510,"comment_status":"closed","ping_status":"closed","sticky":false,"template":"","format":"standard","meta":{"_acf_changed":false,"episode_type":"","audio_file":"","cover_image":"","cover_image_id":"","duration":"","filesize":"","filesize_raw":"","date_recorded":"","explicit":"","block":"","itunes_episode_number":"","itunes_title":"","itunes_season_number":"","itunes_episode_type":"","footnotes":""},"categories":[16768,16768,16728,16728,16746,16746,544],"tags":[],"gps":[],"class_list":{"0":"post-1520","1":"post","2":"type-post","3":"status-publish","4":"format-standard","5":"has-post-thumbnail","7":"category-lula-da-silva-pt-br","9":"category-brasil-pt-br","11":"category-jair-bolsonaro-pt-br","13":"category-politica-br"},"acf":[],"_links":{"self":[{"href":"https:\/\/latinoamerica21.com\/pt-br\/wp-json\/wp\/v2\/posts\/1520","targetHints":{"allow":["GET"]}}],"collection":[{"href":"https:\/\/latinoamerica21.com\/pt-br\/wp-json\/wp\/v2\/posts"}],"about":[{"href":"https:\/\/latinoamerica21.com\/pt-br\/wp-json\/wp\/v2\/types\/post"}],"author":[{"embeddable":true,"href":"https:\/\/latinoamerica21.com\/pt-br\/wp-json\/wp\/v2\/users\/51"}],"replies":[{"embeddable":true,"href":"https:\/\/latinoamerica21.com\/pt-br\/wp-json\/wp\/v2\/comments?post=1520"}],"version-history":[{"count":0,"href":"https:\/\/latinoamerica21.com\/pt-br\/wp-json\/wp\/v2\/posts\/1520\/revisions"}],"wp:featuredmedia":[{"embeddable":true,"href":"https:\/\/latinoamerica21.com\/pt-br\/wp-json\/wp\/v2\/media\/1510"}],"wp:attachment":[{"href":"https:\/\/latinoamerica21.com\/pt-br\/wp-json\/wp\/v2\/media?parent=1520"}],"wp:term":[{"taxonomy":"category","embeddable":true,"href":"https:\/\/latinoamerica21.com\/pt-br\/wp-json\/wp\/v2\/categories?post=1520"},{"taxonomy":"post_tag","embeddable":true,"href":"https:\/\/latinoamerica21.com\/pt-br\/wp-json\/wp\/v2\/tags?post=1520"},{"taxonomy":"gps","embeddable":true,"href":"https:\/\/latinoamerica21.com\/pt-br\/wp-json\/wp\/v2\/gps?post=1520"}],"curies":[{"name":"wp","href":"https:\/\/api.w.org\/{rel}","templated":true}]}}