{"id":15220,"date":"2023-02-14T08:00:00","date_gmt":"2023-02-14T11:00:00","guid":{"rendered":"https:\/\/latinoamerica21.com\/?p=15220"},"modified":"2023-02-13T13:22:47","modified_gmt":"2023-02-13T16:22:47","slug":"brazil-is-back-o-regresso-do-sul-na-agenda-externa-de-lula","status":"publish","type":"post","link":"https:\/\/latinoamerica21.com\/pt-br\/brazil-is-back-o-regresso-do-sul-na-agenda-externa-de-lula\/","title":{"rendered":"Brazil is back: o regresso do Sul na agenda externa de Lula"},"content":{"rendered":"\n<p>O <a href=\"https:\/\/latinoamerica21.com\/br\/ganhou-lula-venceu-a-democracia\/\">sucesso do presidente Lula da Silva nas elei\u00e7\u00f5es de outubro de 2022<\/a> sinalizou o melhoramento da imagem positiva do Brasil no exterior. Desde a confirma\u00e7\u00e3o dos resultados do pleito que diversas publica\u00e7\u00f5es ao redor do mundo v\u00eam redigindo \u201c<em>Brazil is back<\/em>\u201d como manchetes. <a href=\"https:\/\/latinoamerica21.com\/br\/lula-e-o-desafio-de-governar-para-215-milhoes-de-brasileiros\/\">A cerim\u00f4nia de inaugura\u00e7\u00e3o da nova presid\u00eancia confirmou essa aferi\u00e7\u00e3o<\/a>. Centenas de lideran\u00e7as mundiais participaram dos festejos da posse em Bras\u00edlia no primeiro de janeiro.<\/p>\n\n\n\n<p>Quem se ocupar da agenda oficial da primeira semana do presidente e de seus ministros vai constatar que eles receberam uma quantidade impressionante de representa\u00e7\u00f5es internacionais. \u00c9 prov\u00e1vel que o Brasil <a href=\"https:\/\/www1.folha.uol.com.br\/mundo\/2023\/01\/sem-maduro-73-delegacoes-estrangeiras-marcam-presenca-na-posse-de-lula.shtml\">jamais tenha recepcionado tantas lideran\u00e7as mundiais simultaneamente em sua hist\u00f3ria recente<\/a>. Nada disso ao acaso. \u201c<em>Brazil is back<\/em>\u201d.<\/p>\n\n\n\n<p>A ida do presidente Lula da Silva ao <a href=\"https:\/\/www1.folha.uol.com.br\/cotidiano\/2023\/01\/lula-fala-em-situacao-desumana-e-anuncia-auxilio-a-yanomamis-em-roraima.shtml\">socorro dos Yanomami<\/a>, em lugar de ir contemplar as paisagens su\u00ed\u00e7as de Davos imortalizadas pela <em>Montanha M\u00e1gica<\/em> de Thomas Mann, foi o melhor gesto que ele poderia realizar. Um gesto que fez dele onipresente e onisciente, simb\u00f3lica ou fisicamente, em m\u00faltiplos lugares.<\/p>\n\n\n\n<p>Com um mundo ainda soterrado nas consequ\u00eancias da <a href=\"https:\/\/www1.folha.uol.com.br\/mundo\/guerra-da-ucrania\/\">guerra da R\u00fassia na Ucr\u00e2nia<\/a>, contabilizando os dividendos econ\u00f4micos da pandemia de covid-19 e contemplando o f\u00e9retro de democracias nos quatro cantos do planeta, ele preferiu priorizar, fisicamente, o Brasil e o seu entorno imediato. O envio dos ministros-presidenci\u00e1veis Fernando Haddad e <a href=\"https:\/\/www1.folha.uol.com.br\/ambiente\/2023\/01\/em-davos-marina-reafirma-compromisso-do-governo-com-desmatamento-zero.shtml\">Marina Silva para o F\u00f3rum Econ\u00f4mico Mundial em Davos<\/a> foi o envio de seus olhos e ouvidos ao encontro.<\/p>\n\n\n\n<p>Fernando Haddad \u00e9 o homem forte do governo. Mesmo discreto, ele representa a supress\u00e3o do \u201cPosto Ipiranga\u201d e do monoc\u00f3rdio da \u201ccurva de Laffer\u201d assim como a troca do <em>economics<\/em> pela <em>political economy<\/em>. Marina Silva \u00e9 a express\u00e3o de gestos de m\u00faltipla grandeza. Especialmente, na supera\u00e7\u00e3o de rusgas do passado com o presidente. E, essencialmente, na reuni\u00e3o de for\u00e7as pela centralidade da emerg\u00eancia clim\u00e1tica como a\u00e7\u00e3o estrat\u00e9gica do novo governo.<\/p>\n\n\n\n<p>Com olhos e ouvidos em Davos e p\u00e9s fincados no ch\u00e3o dos Yanomami ao norte do Brasil, o presidente brasileiro iniciou a sua epopeia internacional enfatizando o que mais pulsa na Am\u00e9rica Latina e do Sul que \u00e9 frui\u00e7\u00e3o dos Povos Origin\u00e1rios. De Roraima, ele seguiu para a Argentina e, depois, ao Uruguai.<\/p>\n\n\n\n<p><a href=\"https:\/\/latinoamerica21.com\/br\/decifrando-o-sul-a-nova-moeda-comum-sul-americana\/\">Reavivar a rela\u00e7\u00e3o bilateral Brasil-Argentina e Brasil-Uruguai<\/a> foi o prop\u00f3sito nuclear dessa viagem do presidente. Seu empenho principal foi <a href=\"https:\/\/latinoamerica21.com\/br\/o-governo-lula-e-a-integracao-latino-americana\/\">revigorar o Mercosul<\/a>. O Mercosul revigorado, entende ele, \u00e9 a vitamina imprescind\u00edvel para o avivamento das demais institui\u00e7\u00f5es internacionais da regi\u00e3o. <a href=\"https:\/\/latinoamerica21.com\/br\/a-reconstrucao-da-politica-externa-brasileira-e-das-relacoes-com-a-america-latina\/\">Notadamente da Celac e da Unasul<\/a>.<\/p>\n\n\n\n<p>Na reuni\u00e3o de Buenos Aires, ele afirmou que \u201c<em>o Brasil regressa \u00e0 Celac com a sensa\u00e7\u00e3o de que se encontra consigo mesmo<\/em>\u201d. Olhando de perto, o mandat\u00e1rio brasileiro elegeu a Am\u00e9rica Latina e do Sul como plataforma de reafirma\u00e7\u00e3o do lugar do Brasil no mundo a partir do Sul.<\/p>\n\n\n\n<p>No encontro no Uruguai, ele ampliou a escala de sua aprecia\u00e7\u00e3o. Projetou avan\u00e7ar discuss\u00f5es sobre a intera\u00e7\u00e3o entre Mercosul, Uni\u00e3o Europeia e China. Reconheceu a relev\u00e2ncia da Europa e da China no destino latino-americano. Informou que o Brasil vai, sim, investir na transi\u00e7\u00e3o clim\u00e1tica. Afirmou que homens de Estado vivem acima de ideologias. Disse, em conseguinte, ao presidente Lacalle Pou que n\u00e3o importa que eles dois pensem diferente. O neg\u00f3cio \u00e9 fazer a regi\u00e3o voltar a crescer. Chamou a aten\u00e7\u00e3o para a necessidade de urgente revis\u00e3o do multilateralismo. Condenou a composi\u00e7\u00e3o das institui\u00e7\u00f5es internacionais. Bradou pela modifica\u00e7\u00e3o do Conselho de Seguran\u00e7a das Na\u00e7\u00f5es Unidas. Constatou que o mundo de hoje \u00e9 bem distinto daquele sa\u00eddo do ch\u00e3o de ru\u00ednas e do terror das batalhas de 1945. E ainda afirmou que o contencioso R\u00fassia <em>versus<\/em> Ucr\u00e2nia poderia ter sido evitado se uma nova governan\u00e7a mundial j\u00e1 tivesse sido implementada.<\/p>\n\n\n\n<p>N\u00e3o restam d\u00favidas, a partir dessas interven\u00e7\u00f5es, que o presidente brasileiro quer o Brasil como um pa\u00eds abertamente revisionista do <em>statu quo<\/em> da desordem internacional. E, quer, nesse revisionismo, posicionar o Brasil organizador do Sul e do lugar do Sul no mundo.<\/p>\n\n\n\n<p>\u00c9 dif\u00edcil aferir o que resta de <em>Global<\/em> no Sul. A presen\u00e7a, muita vez, predat\u00f3ria da China na \u00c1frica inibe, agora, quaisquer avan\u00e7os brasileiros arrojados naquele continente. A <a href=\"https:\/\/latinoamerica21.com\/br\/china-se-envolve-com-a-america-latina-distorcendo-o-desenvolvimento-e-a-democracia\/\">inser\u00e7\u00e3o, n\u00e3o menos agressiva, novamente da China na Am\u00e9rica Latina<\/a> insere dificuldades pr\u00e1ticas na constru\u00e7\u00e3o de a\u00e7\u00f5es concretas na regi\u00e3o. Nem s\u00f3 de s\u00edmbolos, discursos e sinaliza\u00e7\u00f5es vivem os pa\u00edses latino-americanos.<\/p>\n\n\n\n<p>A obsess\u00e3o dos Estados Unidos por agredir a R\u00fassia e a China atrav\u00e9s do dossi\u00ea ucraniano refor\u00e7a a alian\u00e7a atl\u00e2ntica deles com os europeus. Essa situa\u00e7\u00e3o pode impor constrangimentos \u00e0 poss\u00edvel concretiza\u00e7\u00e3o do acordo Mercosul-Uni\u00e3o Europeia. E pode, tamb\u00e9m, <a href=\"https:\/\/latinoamerica21.com\/br\/ucrania-divide-a-america-latina-e-a-ue-e-dificulta-uma-parceria-estrategica\/\">dificultar a intensifica\u00e7\u00e3o de rela\u00e7\u00f5es bilaterais entre a Uni\u00e3o Europeia e pa\u00edses latino-americanos<\/a>. Essa mesma obsess\u00e3o tem retirado por\u00e7\u00f5es importantes da aten\u00e7\u00e3o dos Estados Unidos na Am\u00e9rica Latina e do Sul. Esse quase vazio de aten\u00e7\u00e3o pode ser o \u00fanico fator a favorecer a a\u00e7\u00e3o brasileira na regi\u00e3o.<\/p>\n\n\n\n<p>Mas nada segue claro. \u201c<em>No sabemos lo que nos pasa, y esto es precisamente lo que nos pasa, no saber lo que nos pasa\u201d<\/em>, como diria Ortega y Gasset.<\/p>\n\n\n\n<p>O meio internacional presente \u00e9 muito mais complexo que outrora. De todas as quest\u00f5es estrat\u00e9gicas suscitadas em Bras\u00edlia, Davos, Roraima, Argentina e Uruguai nada ou quase nada se mencionou sobre a Economia 4.0. A pandemia de covid-19 suprimiu a discuss\u00e3o sobre a aquisi\u00e7\u00e3o de tecnologia 5G no Brasil. Os avan\u00e7os na naturaliza\u00e7\u00e3o da internet das coisas, <em>IoT<\/em>, ficaram em terceiro ou quarto plano no pa\u00eds. A massifica\u00e7\u00e3o da narrativa da governan\u00e7a socioambiental, <em>ESG<\/em>, foi importante. Mas segue distante de informar os resultados concretos que ambiciona.<\/p>\n\n\n\n<p>Todos esses temas foram silenciados nas primeiras manifesta\u00e7\u00f5es do novo governo brasileiro. Deixar de lado a relev\u00e2ncia desses temas \u00e9 regressar ao s\u00e9culo anterior e subestimar os desafios, brasileiros e mundiais, presentes e futuros. Subestimar esses desafios \u00e9 namorar com a irrelev\u00e2ncia.<br>\u00c9 imposs\u00edvel ao Brasil sustentar um namoro com a irrelev\u00e2ncia. H\u00e1 regi\u00f5es inteiras do planeta que demandam o regresso da lideran\u00e7a brasileira. Especialmente ao Sul. N\u00e3o pelo Sul Global. Mas pela globalidade do Sul. Que sempre foi o que mais importou. H\u00e1 convic\u00e7\u00f5es de que o \u201c<em>Brazil is back<\/em>\u201d. Resta saber se o Sul tamb\u00e9m.<\/p>\n","protected":false},"excerpt":{"rendered":"<p>A vit\u00f3ria do Presidente Lula da Silva nas elei\u00e7\u00f5es significou uma melhoria na imagem do Brasil no exterior.<\/p>\n","protected":false},"author":410,"featured_media":15208,"comment_status":"closed","ping_status":"closed","sticky":false,"template":"","format":"standard","meta":{"_acf_changed":false,"episode_type":"","audio_file":"","cover_image":"","cover_image_id":"","duration":"","filesize":"","filesize_raw":"","date_recorded":"","explicit":"","block":"","itunes_episode_number":"","itunes_title":"","itunes_season_number":"","itunes_episode_type":"","footnotes":""},"categories":[16768,16768,16753,16753,16728,16728,14494,14507,544],"tags":[],"gps":[],"class_list":{"0":"post-15220","1":"post","2":"type-post","3":"status-publish","4":"format-standard","5":"has-post-thumbnail","7":"category-lula-da-silva-pt-br","9":"category-politica-exterior-pt-br","11":"category-brasil-pt-br","13":"category-politica-externa","14":"category-relacoes-internacionais","15":"category-politica-br"},"acf":[],"_links":{"self":[{"href":"https:\/\/latinoamerica21.com\/pt-br\/wp-json\/wp\/v2\/posts\/15220","targetHints":{"allow":["GET"]}}],"collection":[{"href":"https:\/\/latinoamerica21.com\/pt-br\/wp-json\/wp\/v2\/posts"}],"about":[{"href":"https:\/\/latinoamerica21.com\/pt-br\/wp-json\/wp\/v2\/types\/post"}],"author":[{"embeddable":true,"href":"https:\/\/latinoamerica21.com\/pt-br\/wp-json\/wp\/v2\/users\/410"}],"replies":[{"embeddable":true,"href":"https:\/\/latinoamerica21.com\/pt-br\/wp-json\/wp\/v2\/comments?post=15220"}],"version-history":[{"count":0,"href":"https:\/\/latinoamerica21.com\/pt-br\/wp-json\/wp\/v2\/posts\/15220\/revisions"}],"wp:featuredmedia":[{"embeddable":true,"href":"https:\/\/latinoamerica21.com\/pt-br\/wp-json\/wp\/v2\/media\/15208"}],"wp:attachment":[{"href":"https:\/\/latinoamerica21.com\/pt-br\/wp-json\/wp\/v2\/media?parent=15220"}],"wp:term":[{"taxonomy":"category","embeddable":true,"href":"https:\/\/latinoamerica21.com\/pt-br\/wp-json\/wp\/v2\/categories?post=15220"},{"taxonomy":"post_tag","embeddable":true,"href":"https:\/\/latinoamerica21.com\/pt-br\/wp-json\/wp\/v2\/tags?post=15220"},{"taxonomy":"gps","embeddable":true,"href":"https:\/\/latinoamerica21.com\/pt-br\/wp-json\/wp\/v2\/gps?post=15220"}],"curies":[{"name":"wp","href":"https:\/\/api.w.org\/{rel}","templated":true}]}}