{"id":15378,"date":"2023-02-21T08:00:00","date_gmt":"2023-02-21T11:00:00","guid":{"rendered":"https:\/\/latinoamerica21.com\/?p=15378"},"modified":"2023-02-20T09:19:04","modified_gmt":"2023-02-20T12:19:04","slug":"qual-o-lugar-da-cultura-no-novo-governo-lula","status":"publish","type":"post","link":"https:\/\/latinoamerica21.com\/pt-br\/qual-o-lugar-da-cultura-no-novo-governo-lula\/","title":{"rendered":"Qual o lugar da cultura no novo governo Lula?"},"content":{"rendered":"\n<p>Desde que os governos australiano e brit\u00e2nico, ainda nos anos noventa do s\u00e9culo passado, introduziram na agenda econ\u00f4mica global o conceito de economia criativa, pa\u00edses em desenvolvimento como o Brasil se veem diante do desafio de constru\u00edrem suas pr\u00f3prias estrat\u00e9gias de fortalecimento e expans\u00e3o dos setores econ\u00f4micos criativos, algo imprescind\u00edvel para o aumento da competitividade e inser\u00e7\u00e3o soberana na economia do conhecimento.<\/p>\n\n\n\n<p>Apesar de n\u00e3o haver uma defini\u00e7\u00e3o \u00fanica a respeito do que seja, de fato, a economia criativa, alguns consensos j\u00e1 foram firmados em torno do conceito. Ind\u00fastrias criativas s\u00e3o aquelas nas quais a cultura determina a produ\u00e7\u00e3o de valor. A criatividade e os aspectos simb\u00f3licos sobrep\u00f5em-se \u00e0s propriedades f\u00edsicas ou materiais dos bens, tornando mais subjetiva a defini\u00e7\u00e3o de seu \u201cpre\u00e7o\u201d.<\/p>\n\n\n\n<p>O economista Paul Stoneman, especialista na compreens\u00e3o p\u00fablica da ci\u00eancia, define como <em>soft inovation<\/em> essa tend\u00eancia de deixarmos a performance funcional em segundo plano privilegiando o design, o apelo intelectual etc. contido em praticamente tudo o que consumimos. Do celular aos alimentos que ingerimos, do computador aos servi\u00e7os de turismo. O que importa, cada vez mais, s\u00e3o os aspectos simb\u00f3licos, intang\u00edveis e criativos. Ou seja, a cultura.<\/p>\n\n\n\n<p>Ap\u00f3s a devasta\u00e7\u00e3o das pol\u00edticas culturais e a verdadeira cruzada contra a cultura e contra os artistas brasileiros\/as que foi promovida pelo governo anterior, \u00e9 grande a expectativa em torno da recomposi\u00e7\u00e3o de iniciativas p\u00fablicas que posicionem a economia da cultura em um lugar de destaque nas estrat\u00e9gias de desenvolvimento nacional. N\u00e3o \u00e9 uma tarefa simples. Ainda mais se considerarmos o fato de que boa parte dos formuladores de pol\u00edticas econ\u00f4micas do pa\u00eds segue desconfiando do potencial da economia da criatividade. Al\u00e9m disso, n\u00e3o se pode subestimar a tend\u00eancia em se reduzir as pol\u00edticas culturais ao fomento \u00e0s artes.<\/p>\n\n\n\n<p>Posicionar a cultura no centro de uma estrat\u00e9gia de desenvolvimento sustent\u00e1vel para o pa\u00eds n\u00e3o \u00e9 uma mera medida econ\u00f4mica. Trata-se, sobretudo, de renovarmos a aposta num modelo de desenvolvimento mais atento \u00e0 nossa imensa riqueza e diversidade cultural e com maior equil\u00edbrio social e ambiental. Tamb\u00e9m h\u00e1 um componente democr\u00e1tico fundamental. Afinal, na medida em que buscam estimular o potencial criativo de nosso povo e de nossa economia, pol\u00edticas culturais inovadoras tamb\u00e9m possibilitam uma reflex\u00e3o mais profunda a respeito das estrat\u00e9gias locais de desenvolvimento e suas implica\u00e7\u00f5es para a vida em sociedade.<\/p>\n\n\n\n<p>Neste sentido, cabe ressaltar que <a href=\"https:\/\/www.academia.edu\/36042749\/ECONOM%C3%8DA_CREATIVA_como_estrategia_de_desarrollo_una_visi%C3%B3n_de_los_pa%C3%ADses_en_desarrollo\">n\u00e3o \u00e9 poss\u00edvel falarmos em economia criativa sem mencionarmos o papel das cidades<\/a>. Ind\u00fastrias criativas pressup\u00f5em cidades criativas. Afinal, \u00e9 no plano local que se estabelece a infraestrutura necess\u00e1ria ao desenvolvimento de atividades econ\u00f4micas criativas, al\u00e9m das redes de apoio e relacionamento indispens\u00e1veis ao florescimento de neg\u00f3cios nesta \u00e1rea.<\/p>\n\n\n\n<p>\u00c9 no territ\u00f3rio das cidades que pol\u00edticas de incentivo \u00e0 economia da cultura podem fazer a diferen\u00e7a, incentivando a inova\u00e7\u00e3o e o uso da criatividade nos empreendimentos locais, fortalecendo redes de relacionamento e intera\u00e7\u00e3o entre diferentes atividades econ\u00f4micas, criando p\u00fablicos e mercados, ampliando a colabora\u00e7\u00e3o entre as ind\u00fastrias de criatividade e os centros de pesquisa e as universidades. As experi\u00eancias desenvolvidas no \u00e2mbito da Rede de Cidades Criativas da UNESCO nos oferecem um belo aprendizado a respeito do uso da criatividade na promo\u00e7\u00e3o do desenvolvimento urbano sustent\u00e1vel.<\/p>\n\n\n\n<p>Como sabemos, um dos principais constrangimentos ao desenvolvimento de neg\u00f3cios inovadores no pa\u00eds est\u00e1 relacionado \u00e0 forma\u00e7\u00e3o de capital humano. A nova gest\u00e3o do Minist\u00e9rio da Educa\u00e7\u00e3o parece disposta a implementar, em \u00e2mbito nacional, uma estrat\u00e9gia ousada de qualifica\u00e7\u00e3o da educa\u00e7\u00e3o b\u00e1sica, previamente testada e aprovada no estado do Cear\u00e1. Mas mudan\u00e7as no sistema educacional demandam tempo e n\u00e3o basta apostar apenas na educa\u00e7\u00e3o formal oferecida por escolas e universidades.<\/p>\n\n\n\n<p>\u00c9 preciso investir em iniciativas de curto prazo, muitas das quais podem ser desenvolvidas em parceria com a sociedade civil. O Porto Digital no Recife, as Naves do Conhecimento na cidade do Rio de Janeiro e os Laborat\u00f3rios Culturais no estado do Cear\u00e1 s\u00e3o bons exemplos de iniciativas p\u00fablicas, desenvolvidas em parceria com organiza\u00e7\u00f5es da sociedade, que possibilitam o r\u00e1pido desenvolvimento de habilidades profissionais indispens\u00e1veis \u00e0 formula\u00e7\u00e3o, gest\u00e3o e desenvolvimento de neg\u00f3cios criativos.<\/p>\n\n\n\n<p>Outro gargalo a ser enfrentado \u00e9 a prec\u00e1ria infraestrutura tecnol\u00f3gica encontrada em boa parte das cidades brasileiras e, neste sentido, o acesso de qualidade \u00e0 internet emerge como um dos itens mais urgentes. Dados do Cetic.br indicam que, embora 82% dos domic\u00edlios brasileiros tenham acesso \u00e0 internet, apenas 61% das resid\u00eancias efetuam o acesso por cabo ou fibra \u00f3ptica. E entre os brasileiros\/as com acesso \u00e0 internet, 64% s\u00f3 acessam a rede por meio de celulares. N\u00e3o parece necess\u00e1rio expor aqui os motivos que fazem com que o desenvolvimento de neg\u00f3cios criativos seja cada vez mais dependente do acesso \u00e0 internet de qualidade.&nbsp;&nbsp;<\/p>\n\n\n\n<p>Finalmente, h\u00e1 de se enfatizar que estrat\u00e9gias contempor\u00e2neas de desenvolvimento baseadas na economia da cultura e no conhecimento devem se traduzir em pol\u00edticas p\u00fablicas transversais e intersetoriais. Portanto, \u00e9 claro que este conjunto de quest\u00f5es diz respeito n\u00e3o somente ao rec\u00e9m recriado Minist\u00e9rio da Cultura, mas est\u00e1 diretamente relacionado \u00e0 a\u00e7\u00e3o de \u00f3rg\u00e3os como o BNDES, Embratur, Embrapa, Ancine, Minist\u00e9rios das Cidades, Fazenda, Desenvolvimento, Ci\u00eancia e Tecnologia, Planejamento, Educa\u00e7\u00e3o dentre outros, que devem atuar de forma coordenada e integrada.<\/p>\n\n\n\n<p>N\u00e3o sabemos ainda se \u2013 e em que medida \u2013 ocorrer\u00e1 esta integra\u00e7\u00e3o, mas esta perspectiva ampliada do desenvolvimento de pol\u00edticas culturais determinar\u00e1, em grande medida, as possibilidades de consolida\u00e7\u00e3o de uma economia nacional mais afeita aos desafios deste s\u00e9culo.<\/p>\n","protected":false},"excerpt":{"rendered":"<p>As estrat\u00e9gias contempor\u00e2neas de desenvolvimento baseadas na economia da cultura e do conhecimento devem ser traduzidas em pol\u00edticas p\u00fablicas transversais e intersetoriais.<\/p>\n","protected":false},"author":413,"featured_media":15374,"comment_status":"closed","ping_status":"closed","sticky":false,"template":"","format":"standard","meta":{"_acf_changed":false,"episode_type":"","audio_file":"","cover_image":"","cover_image_id":"","duration":"","filesize":"","filesize_raw":"","date_recorded":"","explicit":"","block":"","itunes_episode_number":"","itunes_title":"","itunes_season_number":"","itunes_episode_type":"","footnotes":""},"categories":[16768,16728,16958,16719,544],"tags":[],"gps":[],"class_list":{"0":"post-15378","1":"post","2":"type-post","3":"status-publish","4":"format-standard","5":"has-post-thumbnail","7":"category-lula-da-silva-pt-br","8":"category-brasil-pt-br","9":"category-cultura-pt-br","10":"category-debates-pt-br","11":"category-politica-br"},"acf":[],"_links":{"self":[{"href":"https:\/\/latinoamerica21.com\/pt-br\/wp-json\/wp\/v2\/posts\/15378","targetHints":{"allow":["GET"]}}],"collection":[{"href":"https:\/\/latinoamerica21.com\/pt-br\/wp-json\/wp\/v2\/posts"}],"about":[{"href":"https:\/\/latinoamerica21.com\/pt-br\/wp-json\/wp\/v2\/types\/post"}],"author":[{"embeddable":true,"href":"https:\/\/latinoamerica21.com\/pt-br\/wp-json\/wp\/v2\/users\/413"}],"replies":[{"embeddable":true,"href":"https:\/\/latinoamerica21.com\/pt-br\/wp-json\/wp\/v2\/comments?post=15378"}],"version-history":[{"count":0,"href":"https:\/\/latinoamerica21.com\/pt-br\/wp-json\/wp\/v2\/posts\/15378\/revisions"}],"wp:featuredmedia":[{"embeddable":true,"href":"https:\/\/latinoamerica21.com\/pt-br\/wp-json\/wp\/v2\/media\/15374"}],"wp:attachment":[{"href":"https:\/\/latinoamerica21.com\/pt-br\/wp-json\/wp\/v2\/media?parent=15378"}],"wp:term":[{"taxonomy":"category","embeddable":true,"href":"https:\/\/latinoamerica21.com\/pt-br\/wp-json\/wp\/v2\/categories?post=15378"},{"taxonomy":"post_tag","embeddable":true,"href":"https:\/\/latinoamerica21.com\/pt-br\/wp-json\/wp\/v2\/tags?post=15378"},{"taxonomy":"gps","embeddable":true,"href":"https:\/\/latinoamerica21.com\/pt-br\/wp-json\/wp\/v2\/gps?post=15378"}],"curies":[{"name":"wp","href":"https:\/\/api.w.org\/{rel}","templated":true}]}}