{"id":1559,"date":"2020-03-07T08:49:00","date_gmt":"2020-03-07T11:49:00","guid":{"rendered":"http:\/\/latinoamerica21.com\/?p=1559"},"modified":"2023-02-20T15:29:48","modified_gmt":"2023-02-20T18:29:48","slug":"com-coronavirus-bolsonaro-faz-ate-trump-parecer-estadista","status":"publish","type":"post","link":"https:\/\/latinoamerica21.com\/pt-br\/com-coronavirus-bolsonaro-faz-ate-trump-parecer-estadista\/","title":{"rendered":"Com o coronav\u00edrus, Baggins faz de Trump um estadista"},"content":{"rendered":"\n<p>Tomara que Jair Bolsonaro tenha aproveitado a tarde deste s\u00e1bado (29) para um de seus passatempos preferidos: assistir aos pronunciamentos de Donald Trump. Porque o coronav\u00edrus faz o presidente americano at\u00e9 parecer um estadista se comparado ao brasileiro.<\/p>\n\n\n\n<p>O comportamento de Bolsonaro em rela\u00e7\u00e3o \u00e0 primeira grande\ncrise enfrentada por seu governo \u00e9 lament\u00e1vel.<\/p>\n\n\n\n<p>Na semana que passou, na qual o problema ganhou muito mais\ngravidade, o presidente brasileiro discutiu o coronav\u00edrus sob duas \u00f3ticas: a do\nefeito na economia e a de sua agenda pessoal, dizendo que talvez tivesse que\ncancelar uma viagem para a It\u00e1lia.<\/p>\n\n\n\n<blockquote class=\"wp-block-quote is-layout-flow wp-block-quote-is-layout-flow\">\n<p>Enquanto os brasileiros estavam apavorados com o novo v\u00edrus, Bolsonaro destinava sua apari\u00e7\u00e3o das noites de quinta a ataques contra ve\u00edculos de comunica\u00e7\u00e3o&#8221;<\/p>\n<\/blockquote>\n\n\n\n<p>Sobre sa\u00fade p\u00fablica, nada. Nem seu canal mais confort\u00e1vel, o das lives semanais do Facebook, Bolsonaro usou para falar aos cidad\u00e3os de seu <a href=\"https:\/\/latinoamerica21.com\/br\/a-longa-sombra-de-lula\/\">pa\u00eds<\/a> sobre a doen\u00e7a. Enquanto os brasileiros estavam apavorados com o novo v\u00edrus, Bolsonaro destinava sua apari\u00e7\u00e3o das noites de quinta a ataques contra ve\u00edculos de comunica\u00e7\u00e3o e jornalistas. <\/p>\n\n\n\n<p>Se n\u00e3o queria falar ele mesmo, o presidente poderia ao menos\nter levado \u00e0 live o assessor da \u00e1rea, como fez outras vezes (o ministro da\nSa\u00fade, Luiz Henrique Mandetta, vale dizer, tem sido ponderado e claro nos\npronunciamentos p\u00fablicos). Mas nem isso Bolso-naro fez.<\/p>\n\n\n\n<p>Trump decerto n\u00e3o \u00e9 nenhum grande exemplo e vem sendo criticado\nnos EUA por sua atua\u00e7\u00e3o contra o coronav\u00edrus. Chegou a chamar a doen\u00e7a de\nfarsa.<\/p>\n\n\n\n<p>&nbsp;Trump e Pence\n(seg. \u00e0 esq) falam sobre o coronav\u00edrus ao lado dos diretores de dois institutos\nde sa\u00fade dos EUA &#8211; AFP<\/p>\n\n\n\n<p>Neste s\u00e1bado, por\u00e9m, ele fez um pronunciamento sobre o <a href=\"https:\/\/www.paho.org\/pt\/covid19\/historico-da-pandemia-covid-19\">v\u00edrus<\/a>, pedindo calma aos americanos. Estava ao lado de seu vice, Mike Pence, respons\u00e1vel por coordenar a rea\u00e7\u00e3o do governo dos EUA \u00e0 doen\u00e7a. Pence deu recomenda\u00e7\u00f5es espec\u00edficas \u00e0 popula\u00e7\u00e3o: n\u00e3o deveriam viajar para determinadas regi\u00f5es da It\u00e1lia e Coreia do Sul. Os dois estavam acompanhados por dois dos principais executivos da sa\u00fade p\u00fablica americana. Ap\u00f3s os pronunciamentos, todos responderam a uma bateria de perguntas de jornalistas sobre a doen\u00e7a.<\/p>\n\n\n\n<p>Trump parece ter acordado para o fato de que o coronav\u00edrus pode contaminar sua campanha de reelei\u00e7\u00e3o. Mesmo o dirigente chin\u00eas, Xi Jinping, que n\u00e3o depende de votos, percebeu a doen\u00e7a como uma amea\u00e7a pol\u00edtica. Bolsonaro deve acreditar que descobriu sozinho a vacina contra o coronav\u00edrus.<\/p>\n\n\n\n<p><em>Foto de Palacio del Planalto em Foter.com \/ CC BY<\/em><\/p>\n","protected":false},"excerpt":{"rendered":"<p>Gostaria que Jair Bolsonaro tivesse aproveitado a tarde de s\u00e1bado passado para um dos seus passatempos favoritos: ver os pronunciamentos de Donald Trump na televis\u00e3o. Porque a crise que levou ao coronav\u00edrus faz o presidente americano parecer um estadista em compara\u00e7\u00e3o com o presidente brasileiro.<\/p>\n","protected":false},"author":35,"featured_media":1556,"comment_status":"closed","ping_status":"closed","sticky":false,"template":"","format":"standard","meta":{"_acf_changed":false,"episode_type":"","audio_file":"","cover_image":"","cover_image_id":"","duration":"","filesize":"","filesize_raw":"","date_recorded":"","explicit":"","block":"","itunes_episode_number":"","itunes_title":"","itunes_season_number":"","itunes_episode_type":"","footnotes":""},"categories":[16758,16746,16719,16783,14414,544],"tags":[],"gps":[],"class_list":{"0":"post-1559","1":"post","2":"type-post","3":"status-publish","4":"format-standard","5":"has-post-thumbnail","7":"category-donald-trump-pt-br","8":"category-jair-bolsonaro-pt-br","9":"category-debates-pt-br","10":"category-coronavirus-pt-br","11":"category-eua","12":"category-politica-br"},"acf":[],"_links":{"self":[{"href":"https:\/\/latinoamerica21.com\/pt-br\/wp-json\/wp\/v2\/posts\/1559","targetHints":{"allow":["GET"]}}],"collection":[{"href":"https:\/\/latinoamerica21.com\/pt-br\/wp-json\/wp\/v2\/posts"}],"about":[{"href":"https:\/\/latinoamerica21.com\/pt-br\/wp-json\/wp\/v2\/types\/post"}],"author":[{"embeddable":true,"href":"https:\/\/latinoamerica21.com\/pt-br\/wp-json\/wp\/v2\/users\/35"}],"replies":[{"embeddable":true,"href":"https:\/\/latinoamerica21.com\/pt-br\/wp-json\/wp\/v2\/comments?post=1559"}],"version-history":[{"count":0,"href":"https:\/\/latinoamerica21.com\/pt-br\/wp-json\/wp\/v2\/posts\/1559\/revisions"}],"wp:featuredmedia":[{"embeddable":true,"href":"https:\/\/latinoamerica21.com\/pt-br\/wp-json\/wp\/v2\/media\/1556"}],"wp:attachment":[{"href":"https:\/\/latinoamerica21.com\/pt-br\/wp-json\/wp\/v2\/media?parent=1559"}],"wp:term":[{"taxonomy":"category","embeddable":true,"href":"https:\/\/latinoamerica21.com\/pt-br\/wp-json\/wp\/v2\/categories?post=1559"},{"taxonomy":"post_tag","embeddable":true,"href":"https:\/\/latinoamerica21.com\/pt-br\/wp-json\/wp\/v2\/tags?post=1559"},{"taxonomy":"gps","embeddable":true,"href":"https:\/\/latinoamerica21.com\/pt-br\/wp-json\/wp\/v2\/gps?post=1559"}],"curies":[{"name":"wp","href":"https:\/\/api.w.org\/{rel}","templated":true}]}}