{"id":16115,"date":"2023-03-25T08:00:00","date_gmt":"2023-03-25T11:00:00","guid":{"rendered":"https:\/\/latinoamerica21.com\/?p=16115"},"modified":"2023-03-24T09:59:31","modified_gmt":"2023-03-24T12:59:31","slug":"a-recomposicao-da-ordem-internacional-um-novo-tordesilhas","status":"publish","type":"post","link":"https:\/\/latinoamerica21.com\/pt-br\/a-recomposicao-da-ordem-internacional-um-novo-tordesilhas\/","title":{"rendered":"A recomposi\u00e7\u00e3o da ordem internacional: um novo Tordesilhas?"},"content":{"rendered":"\n<p>Em junho de 1494, representantes diplom\u00e1ticos dos reinos de Espanha e Portugal firmaram um famoso tratado que, na pr\u00e1tica, pretendia estabelecer uma divis\u00e3o de quase todo o mundo em esferas de influ\u00eancia pol\u00edtica, econ\u00f4mica, militar e sociocultural. Evidentemente, os governos de Madri e Lisboa tentavam formar um condom\u00ednio hegem\u00f4nico para seu pr\u00f3prio benef\u00edcio. Embora o <a href=\"https:\/\/www.politicaexterior.com\/articulo\/tordesillas-el-primer-reparto-del-mundo\/\">Tratado de Tordesilhas<\/a> viesse a gozar de algum reconhecimento e apoio papal, ele foi questionado por muitos outros atores do sistema internacional da \u00e9poca.<\/p>\n\n\n\n<p>Cinco s\u00e9culos depois desses acontecimentos, parece que estamos nos aproximando de <a href=\"https:\/\/latinoamerica21.com\/br\/o-regresso-a-um-mundo-dividido\/\">uma nova tentativa de estabelecer esferas de influ\u00eancia<\/a>, com consequ\u00eancias graves e esp\u00farias para a maioria dos povos, na\u00e7\u00f5es e Estados do mundo, inclusive para o grupo de pa\u00edses latino-americanos e caribenhos.<\/p>\n\n\n\n<p>De fato, mesmo antes da injustific\u00e1vel <a href=\"https:\/\/www1.folha.uol.com.br\/mundo\/guerra-da-ucrania\/\">invas\u00e3o russa \u00e0 Ucr\u00e2nia<\/a> em fevereiro de 2022, j\u00e1 era vis\u00edvel a tentativa de certas pot\u00eancias com impulsos e tenta\u00e7\u00f5es imperialistas \u2013 especialmente pot\u00eancias com regimes pol\u00edticos autocr\u00e1ticos, h\u00edbridos e iliberais \u2013 de estabelecer <em>manu militari<\/em>, zonas de domina\u00e7\u00e3o em detrimento de soberania, liberdade e integridade territorial dos pa\u00edses vizinhos.<\/p>\n\n\n\n<p>Tais pr\u00e1ticas, contr\u00e1rias ao direito \u00e0 seguran\u00e7a internacional, foram acompanhadas e agravadas por uma virtual corrida armamentista, pelos impactos derivados da mudan\u00e7a clim\u00e1tica e da destrui\u00e7\u00e3o dos equil\u00edbrios ecol\u00f3gicos e sanit\u00e1rios, pela competi\u00e7\u00e3o geoecon\u00f4mica, pelos conflitos socioculturais (civilizacionais) e pelos efeitos da persistente onda de autocratiza\u00e7\u00e3o em muitos pa\u00edses do mundo.<\/p>\n\n\n\n<p>Em um contexto global de crescente interdepend\u00eancia, tais tentativas de estabelecer esferas de influ\u00eancia t\u00eam gerado rea\u00e7\u00f5es de numerosos atores estatais e n\u00e3o estatais do sistema internacional. Em geral, predomina o entendimento de que tais esfor\u00e7os de replicar as ambi\u00e7\u00f5es subjacentes ao Tratado de Tordesilhas atualmente precisam e merecem ser rejeitados. No fundo, trata-se de amea\u00e7as graves e iminentes \u00e0 paz, democracia e seguran\u00e7a de muitas na\u00e7\u00f5es e Estados, especialmente de sociedades em desenvolvimento, bem como as classes subalternas presentes nos pr\u00f3prios pa\u00edses com impulsos ou tenta\u00e7\u00f5es expansionistas ou colonialistas.<\/p>\n\n\n\n<p>A <a href=\"https:\/\/www1.folha.uol.com.br\/folha-topicos\/america-latina\/\">Am\u00e9rica Latina<\/a> tamb\u00e9m experimentou, em diferentes graus de intensidade, as realidades impostas pela recomposi\u00e7\u00e3o do sistema internacional, principalmente no \u00faltimo tri\u00eanio. Afetada duramente pela pandemia de Covid-19, por desastres ambientais e por preocupantes processos de desdemocratiza\u00e7\u00e3o\/autocratiza\u00e7\u00e3o em certos pa\u00edses, a regi\u00e3o necessita urgentemente rever as diretrizes gerais de sua identidade e inser\u00e7\u00e3o internacional, bem como se opor \u00e0s tentativas de restabelecer esferas extrarregionais de influ\u00eancia hegem\u00f4nica em nosso continente e mundo.<\/p>\n\n\n\n<p>\u00c9 preciso ter em mente que a regi\u00e3o sofreu numerosas investidas imperialistas no passado. Concomitantemente, as sociedades e governos do continente devem insistir no prop\u00f3sito de contribuir para a forma\u00e7\u00e3o de uma ordem internacional de povos livres, um conceito essencialmente oposto aos caprichos imperialistas, expansionistas e colonialistas de uns poucos e em benef\u00edcio de outros.<\/p>\n\n\n\n<p>Diante de uma conjuntura caracterizada pela competi\u00e7\u00e3o, tens\u00e3o e confronto entre grandes pot\u00eancias e blocos \u2013 particularmente no caso de estadunidenses, europeus ocidentais, russos e chineses \u2013 parece apropriado melhorar os mecanismos de consulta e coordena\u00e7\u00e3o macrorregional, com destaque para a Comunidade dos Estados Latino-Americanos e Caribenhos (CELAC), assim como outros processos de integra\u00e7\u00e3o regional, coopera\u00e7\u00e3o e multilateralismo. Igualmente, parece evidente a necessidade de cumprir efetivamente as tarefas de casa em termos de progresso pol\u00edtico e desenvolvimento socioecon\u00f4mico, entendido como base para uma inser\u00e7\u00e3o internacional cada vez mais soberana, construtiva e republicana.<\/p>\n\n\n\n<p>Em suma, paz, qualidade democr\u00e1tica e seguran\u00e7a regional s\u00e3o ativos extremamente importantes para os povos e governos latino-americanos, especialmente tendo em vista os acontecimentos na Europa Oriental e outros conflitos similares. Deve-se ter em mente tamb\u00e9m que o atual confronto entre grandes pot\u00eancias pode dar lugar a um condom\u00ednio hegem\u00f4nico igualmente esp\u00fario, mediante o estabelecimento, mais ou menos expl\u00edcito, de esferas de influ\u00eancia compar\u00e1veis \u00e0 l\u00f3gica subjacente ao citado Tratado de Tordesilhas. Resta, portanto, permanecer vigilante, apostar no multilateralismo e no di\u00e1logo intercivilizacional e destacar as virtudes do n\u00e3o-alinhamento, <em>tout azimuts<\/em>.<\/p>\n\n\n\n<p>Reminiscente da antiga teoria dos tr\u00eas mundos, \u00e9 fact\u00edvel que a Am\u00e9rica Latina fa\u00e7a parte do segundo mundo. Sendo assim, \u00e9 bem prov\u00e1vel que l\u00edderes pol\u00edticos e diplomatas, al\u00e9m de pesquisadores especializados, precisem assumir a tarefa de questionar a presun\u00e7\u00e3o hegem\u00f4nica de certos pa\u00edses extracontinentais. Nessa hip\u00f3tese, pode ser oportuno que os povos e governos livres do mundo procedam a estabelecer alian\u00e7as para se oporem coletivamente \u00e0s amea\u00e7as derivadas deste novo Tordesilhas em forma\u00e7\u00e3o.<\/p>\n\n\n\n<p>Tal alian\u00e7a em favor da multipolaridade, paz, coopera\u00e7\u00e3o e seguran\u00e7a regional poderia incluir a comunidade afro-asi\u00e1tica \u2013 principalmente no caso de povos e governos de orienta\u00e7\u00e3o democr\u00e1tica \u2013 al\u00e9m de atores sociais progressistas e anti-imperialistas atuantes dentro das grandes pot\u00eancias.<\/p>\n\n\n\n<p>Tudo isso sem esquecer a necessidade de contrariar ambi\u00e7\u00f5es personalistas e outras tend\u00eancias negativas semelhantes de natureza intrarregional (autocratiza\u00e7\u00e3o, aventureirismo, paroquialismo, sectarismo, imobilismo). Esta \u00e9 uma tarefa urgente e aparentemente inelut\u00e1vel.<\/p>\n","protected":false},"excerpt":{"rendered":"<p>Parece que nos aproximamos de uma nova tentativa de estabelecer esferas de influ\u00eancia, mas com graves e esp\u00farias consequ\u00eancias para a maioria dos povos do mundo.<\/p>\n","protected":false},"author":181,"featured_media":16104,"comment_status":"closed","ping_status":"closed","sticky":false,"template":"","format":"standard","meta":{"_acf_changed":false,"episode_type":"","audio_file":"","cover_image":"","cover_image_id":"","duration":"","filesize":"","filesize_raw":"","date_recorded":"","explicit":"","block":"","itunes_episode_number":"","itunes_title":"","itunes_season_number":"","itunes_episode_type":"","footnotes":""},"categories":[16724,16724,16949,16762,16949,16762,544],"tags":[],"gps":[],"class_list":{"0":"post-16115","1":"post","2":"type-post","3":"status-publish","4":"format-standard","5":"has-post-thumbnail","7":"category-historia-pt-br","9":"category-politica-internacional-pt-br","10":"category-relaiciones-internacionales-pt-br","13":"category-politica-br"},"acf":[],"_links":{"self":[{"href":"https:\/\/latinoamerica21.com\/pt-br\/wp-json\/wp\/v2\/posts\/16115","targetHints":{"allow":["GET"]}}],"collection":[{"href":"https:\/\/latinoamerica21.com\/pt-br\/wp-json\/wp\/v2\/posts"}],"about":[{"href":"https:\/\/latinoamerica21.com\/pt-br\/wp-json\/wp\/v2\/types\/post"}],"author":[{"embeddable":true,"href":"https:\/\/latinoamerica21.com\/pt-br\/wp-json\/wp\/v2\/users\/181"}],"replies":[{"embeddable":true,"href":"https:\/\/latinoamerica21.com\/pt-br\/wp-json\/wp\/v2\/comments?post=16115"}],"version-history":[{"count":0,"href":"https:\/\/latinoamerica21.com\/pt-br\/wp-json\/wp\/v2\/posts\/16115\/revisions"}],"wp:featuredmedia":[{"embeddable":true,"href":"https:\/\/latinoamerica21.com\/pt-br\/wp-json\/wp\/v2\/media\/16104"}],"wp:attachment":[{"href":"https:\/\/latinoamerica21.com\/pt-br\/wp-json\/wp\/v2\/media?parent=16115"}],"wp:term":[{"taxonomy":"category","embeddable":true,"href":"https:\/\/latinoamerica21.com\/pt-br\/wp-json\/wp\/v2\/categories?post=16115"},{"taxonomy":"post_tag","embeddable":true,"href":"https:\/\/latinoamerica21.com\/pt-br\/wp-json\/wp\/v2\/tags?post=16115"},{"taxonomy":"gps","embeddable":true,"href":"https:\/\/latinoamerica21.com\/pt-br\/wp-json\/wp\/v2\/gps?post=16115"}],"curies":[{"name":"wp","href":"https:\/\/api.w.org\/{rel}","templated":true}]}}