{"id":16395,"date":"2023-04-07T08:00:00","date_gmt":"2023-04-07T11:00:00","guid":{"rendered":"https:\/\/latinoamerica21.com\/?p=16395"},"modified":"2023-04-07T11:40:18","modified_gmt":"2023-04-07T14:40:18","slug":"equador-a-institucionalidade-a-prova","status":"publish","type":"post","link":"https:\/\/latinoamerica21.com\/pt-br\/equador-a-institucionalidade-a-prova\/","title":{"rendered":"Equador: a institucionalidade a prova"},"content":{"rendered":"\n<p>A Corte Constitucional do Equador, inst\u00e2ncia m\u00e1xima de controle constitucional, acaba de admitir <a href=\"https:\/\/www.bbc.com\/mundo\/noticias-america-latina-65126528\">a possibilidade de impeachment do presidente da rep\u00fablica<\/a>, Guillermo Lasso. As quest\u00f5es em torno desta decis\u00e3o s\u00e3o mat\u00e9ria de elucida\u00e7\u00e3o e discuss\u00e3o pol\u00edtica entre cidad\u00e3os e especialistas em mat\u00e9ria constitucional: a Corte tem se conduzido como inst\u00e2ncia estritamente de acordo com a letra da lei e da Constitui\u00e7\u00e3o, ou seu trabalho tem sido politicamente tendencioso?<\/p>\n\n\n\n<p>Paradoxalmente, pode-se argumentar que enquanto a decis\u00e3o da Corte permite que o presidente se submeta ao impeachment, a natureza de sua decis\u00e3o parece ser o melhor respaldo para o pr\u00f3prio governo. Mais do que dar resposta \u00e0 press\u00e3o das ruas ou do governo, \u00e9 prov\u00e1vel que a Corte tenha levado seriamente em considera\u00e7\u00e3o a gravidade da crise pol\u00edtica e, por deriva\u00e7\u00e3o, a crise social que o pa\u00eds est\u00e1 atravessando. Uma rejei\u00e7\u00e3o do pedido de impeachment teria significado o melhor incentivo para assegurar que o conluio entre a oposi\u00e7\u00e3o parlamentar e o movimento social pudesse ser resolvido com as consequ\u00eancias de desestabiliza\u00e7\u00e3o e agravamento da crise.<\/p>\n\n\n\n<p>A <a href=\"https:\/\/www1.folha.uol.com.br\/mundo\/2022\/06\/presidente-do-equador-escapa-de-destituicao-em-votacao-tumultuada.shtml\">Corte rejeitou duas das tr\u00eas acusa\u00e7\u00f5es como infundadas<\/a>, ou seja, aquelas referentes ao delito de extors\u00e3o, e deixou em aberto a possibilidade de investigar o delito de peculato, sabendo que o contrato alegadamente fraudulento no qual se baseia a acusa\u00e7\u00e3o foi estipulado em 2018, dois anos antes de Lasso ser instalado em Carondelet.<\/p>\n\n\n\n<p>O que poderia ser entendido como uma decis\u00e3o que afeta o governo, acaba favorecendo-o. A <a href=\"https:\/\/latinoamerica21.com\/br\/a-ultima-carta-de-lasso-dissolver-o-parlamento\/\">op\u00e7\u00e3o de morte cruzada, que foi vista como a poss\u00edvel resposta do presidente<\/a> perante a press\u00e3o da assembleia, parece estar descartada pelo menos por enquanto. O presidente decidiu submeter-se ao julgamento da assembleia, um caminho que poderia ser mais suport\u00e1vel para ele, dada a condi\u00e7\u00e3o da assembleia onde o espectro das &#8220;maiorias em movimento&#8221; continua assombrando seus corredores. Al\u00e9m disso, isto lhe permite evitar &#8220;o aquecimento das ruas&#8221;, um terreno no qual o presidente teria tido, ou teria, conforme o caso, mais a perder.<\/p>\n\n\n\n<p>\u00c9 poss\u00edvel prever dois cen\u00e1rios ou consequ\u00eancias no futuro imediato: ou o Presidente \u00e9 destitu\u00eddo pela assembleia, caso em que ocorreria uma sucess\u00e3o constitucional&nbsp; com o Vice-Presidente assumindo o mandato, ou o Presidente sai vitorioso, caso em que a oposi\u00e7\u00e3o parlamentar sofreria uma grave derrota com o enfraquecimento dos atores que promovem o impeachment (UNES e PSC), os quais veriam como mais problem\u00e1tico seu projeto de reposi\u00e7\u00e3o para as elei\u00e7\u00f5es de 2025.&nbsp;<\/p>\n\n\n\n<p>O que est\u00e1 em jogo no poss\u00edvel desfecho da crise \u00e9 a capacidade de conten\u00e7\u00e3o das for\u00e7as e suas tens\u00f5es por parte da institucionalidade do pa\u00eds. At\u00e9 agora, parece que tem esta capacidade; o impeachment \u00e9 um recurso que a Constitui\u00e7\u00e3o prev\u00ea e mostra a necess\u00e1ria fiscaliza\u00e7\u00e3o que deve caracterizar a legislatura. Por outro lado, a Corte, ao aceitar esta possibilidade, oferece um rumo e uma sa\u00edda para as tens\u00f5es pol\u00edticas e evita solu\u00e7\u00f5es disruptivas e d\u00e1 ao presidente a possibilidade de se defender com as armas da argumenta\u00e7\u00e3o, evitando sa\u00eddas que poderiam exacerbar os enfrentamentos.<\/p>\n\n\n\n<p>Voltemos \u00e0 nossa pergunta inicial: a Corte \u00e9 imune a press\u00f5es pol\u00edticas ou se viu influenciada em sua decis\u00e3o? Poderia se dizer que a Corte n\u00e3o se limitou a ser um mero filtro de tr\u00e2mite que julga sobre o respeito ao procedimentalismo jur\u00eddico, mas que assumiu considera\u00e7\u00f5es pol\u00edticas que t\u00eam a ver com uma interpreta\u00e7\u00e3o refor\u00e7ada sobre sua miss\u00e3o como inst\u00e2ncia que zela pela constitucionalidade, estabilidade e a salvaguarda do Estado de direito e da pr\u00f3pria constitucionalidade.<\/p>\n\n\n\n<p>Sua decis\u00e3o questiona uma mat\u00e9ria substantiva na qual o complexo entrela\u00e7amento entre legalidade e constitucionalidade, entre pol\u00edtica e legalidade, \u00e9 elucidado. Parece que a Corte tomou uma decis\u00e3o pol\u00edtica neste caso, sem que, no entanto, esta opera\u00e7\u00e3o tenha significado qualquer tipo de politiza\u00e7\u00e3o partid\u00e1ria. Isto \u00e9 um sinal de maturidade institucional e os atores est\u00e3o dispostos a respeitar rigorosamente as consequ\u00eancias de sua efetiva concretiza\u00e7\u00e3o na gest\u00e3o da crise? O marco institucional no Equador tem a capacidade de enfrentar estes desafios?<\/p>\n\n\n\n<p>A resposta a estas perguntas ser\u00e1 elucidada nas pr\u00f3ximas semanas. No momento, restam dois caminhos ao governo: convencer os membros da assembleia e reduzir a maioria que poderia censur\u00e1-lo, ou, no pior cen\u00e1rio, ativar o recurso da morte cruzada se o resultado do julgamento acontecer em momentos de grave transtorno nacional, caso em que seria cumprido com um dos requisitos que prev\u00ea a constitui\u00e7\u00e3o para ativ\u00e1-la.<\/p>\n","protected":false},"excerpt":{"rendered":"<p>O Corte Constitucional do Equador acaba de admitir a possibilidade de impeachment do presidente da rep\u00fablica, Guillermo Lasso.<\/p>\n","protected":false},"author":8,"featured_media":16387,"comment_status":"closed","ping_status":"closed","sticky":false,"template":"","format":"standard","meta":{"_acf_changed":false,"episode_type":"","audio_file":"","cover_image":"","cover_image_id":"","duration":"","filesize":"","filesize_raw":"","date_recorded":"","explicit":"","block":"","itunes_episode_number":"","itunes_title":"","itunes_season_number":"","itunes_episode_type":"","footnotes":""},"categories":[17076,17078,16937,16715,16719,14409,544],"tags":[],"gps":[],"class_list":{"0":"post-16395","1":"post","2":"type-post","3":"status-publish","4":"format-standard","5":"has-post-thumbnail","7":"category-juicio-politico-es-pt-br","8":"category-inteligencia-artificial-pt-br","9":"category-guillermo-lasso-pt-br","10":"category-ecuador-pt-br","11":"category-debates-pt-br","12":"category-equador","13":"category-politica-br"},"acf":[],"_links":{"self":[{"href":"https:\/\/latinoamerica21.com\/pt-br\/wp-json\/wp\/v2\/posts\/16395","targetHints":{"allow":["GET"]}}],"collection":[{"href":"https:\/\/latinoamerica21.com\/pt-br\/wp-json\/wp\/v2\/posts"}],"about":[{"href":"https:\/\/latinoamerica21.com\/pt-br\/wp-json\/wp\/v2\/types\/post"}],"author":[{"embeddable":true,"href":"https:\/\/latinoamerica21.com\/pt-br\/wp-json\/wp\/v2\/users\/8"}],"replies":[{"embeddable":true,"href":"https:\/\/latinoamerica21.com\/pt-br\/wp-json\/wp\/v2\/comments?post=16395"}],"version-history":[{"count":0,"href":"https:\/\/latinoamerica21.com\/pt-br\/wp-json\/wp\/v2\/posts\/16395\/revisions"}],"wp:featuredmedia":[{"embeddable":true,"href":"https:\/\/latinoamerica21.com\/pt-br\/wp-json\/wp\/v2\/media\/16387"}],"wp:attachment":[{"href":"https:\/\/latinoamerica21.com\/pt-br\/wp-json\/wp\/v2\/media?parent=16395"}],"wp:term":[{"taxonomy":"category","embeddable":true,"href":"https:\/\/latinoamerica21.com\/pt-br\/wp-json\/wp\/v2\/categories?post=16395"},{"taxonomy":"post_tag","embeddable":true,"href":"https:\/\/latinoamerica21.com\/pt-br\/wp-json\/wp\/v2\/tags?post=16395"},{"taxonomy":"gps","embeddable":true,"href":"https:\/\/latinoamerica21.com\/pt-br\/wp-json\/wp\/v2\/gps?post=16395"}],"curies":[{"name":"wp","href":"https:\/\/api.w.org\/{rel}","templated":true}]}}