{"id":16881,"date":"2023-04-30T05:00:00","date_gmt":"2023-04-30T08:00:00","guid":{"rendered":"https:\/\/latinoamerica21.com\/?p=16881"},"modified":"2023-05-01T09:46:49","modified_gmt":"2023-05-01T12:46:49","slug":"argentina-danca-a-beira-do-abismo","status":"publish","type":"post","link":"https:\/\/latinoamerica21.com\/pt-br\/argentina-danca-a-beira-do-abismo\/","title":{"rendered":"Argentina dan\u00e7a \u00e0 beira do abismo"},"content":{"rendered":"\n<p>Entendemos como antipol\u00edtica todo relato ideol\u00f3gico e ferramenta interpretativa que aponta para argumentar, por um lado, a prescindibilidade de estruturas como os partidos pol\u00edticos e o Parlamento e, por outro, a centralidade da racionalidade t\u00e9cnica em detrimento da racionalidade pol\u00edtica, tanto do ponto de vista simb\u00f3lico quanto das pr\u00e1ticas de gest\u00e3o p\u00fablica.<\/p>\n\n\n\n<p>O surgimento da figura de Javier Milei na Argentina, como express\u00e3o de um fen\u00f4meno de rejei\u00e7\u00e3o \u00e0 pol\u00edtica tradicional, n\u00e3o \u00e9 algo novo no pa\u00eds. Se em 2001 o protesto contra o sistema pol\u00edtico teve express\u00e3o atrav\u00e9s da introdu\u00e7\u00e3o de objetos como fatias de presunto ou c\u00e9dulas com a figura de personagens populares como Clemente (\u201cum boneco sem m\u00e3os n\u00e3o rouba\u201d, era a frase mais ouvida em 2001), o equivalente em 2023 parece ser Milei, o candidato do grupo <em>La Libertad Avanza<\/em>. A diferen\u00e7a \u00e9 que o <a href=\"https:\/\/latinoamerica21.com\/br\/kast-milei-e-o-auge-do-libertarismo-no-cone-sul\/\">dirigente libert\u00e1rio<\/a> aparece hoje como uma op\u00e7\u00e3o competitiva para as <a href=\"https:\/\/www1.folha.uol.com.br\/mundo\/2023\/04\/argentina-se-aproxima-das-eleicoes-presidenciais-rachada-em-seis-nomes.shtml\">elei\u00e7\u00f5es presidenciais de outubro<\/a>.<\/p>\n\n\n\n<p><strong>O que explica a ascens\u00e3o de Javier Milei?<\/strong>&nbsp;<\/p>\n\n\n\n<p><a href=\"https:\/\/www.eldiario.es\/internacional\/avance-ultraderechista-argentino-javier-milei-fractura-radicaliza-conservadores-cara-elecciones_1_10131718.html\">A ascens\u00e3o do dirigente de La Libertad Avanza<\/a> pode ser explicada por tr\u00eas fatores principais. O primeiro est\u00e1 relacionado ao contexto regional; o segundo, \u00e0 crise de meia-idade que a democracia argentina atravessa; e o terceiro, ao car\u00e1ter frequentemente surpreendente que caracteriza a pol\u00edtica argentina desde 1983.<\/p>\n\n\n\n<p>Com rela\u00e7\u00e3o ao primeiro fator, a regi\u00e3o tem sido um verdadeiro campo de prova para o surgimento de l\u00edderes antipol\u00edticos com diferentes n\u00edveis de \u00eaxito eleitoral. Desde os que chegaram ao poder, como Donald Trump nos Estados Unidos, Jair Bolsonaro no Brasil, Nayib Bukele em El Salvador ou Pedro Castillo no Peru, at\u00e9 candidatos muito competitivos que perderam por pouco no segundo turno, como Rodolfo Hern\u00e1ndez na Col\u00f4mbia ou Jos\u00e9 Antonio Kast no Chile.<\/p>\n\n\n\n<p>Em rela\u00e7\u00e3o ao segundo fator, o longo ciclo de 40 anos de democracia nos confronta com um modesto balan\u00e7o em termos de satisfa\u00e7\u00e3o das expectativas sociais. Esse tem sido um processo de escassas conquistas (uma democracia resiliente e um crescimento da agenda em mat\u00e9ria de direitos civis de diferentes gera\u00e7\u00f5es) e muitas frustra\u00e7\u00f5es em rela\u00e7\u00e3o ao n\u00e3o cumprimento de m\u00faltiplas demandas. N\u00e3o foram cumpridas as esperan\u00e7as que o lema t\u00e3o presente na campanha de Ra\u00fal Alfons\u00edn em 1983 despertava: \u201cCom a democracia se come, se cura e se educa\u201d.<\/p>\n\n\n\n<p>O resultado, ap\u00f3s quatro d\u00e9cadas, \u00e9 um Estado com fortes limita\u00e7\u00f5es na hora de prover todos os tipos de bens p\u00fablicos essenciais, como sa\u00fade, seguran\u00e7a p\u00fablica, educa\u00e7\u00e3o e justi\u00e7a tanto em \u00e2mbito nacional, como no subnacional e municipal. Apesar disso, o discurso oficial tenta destacar a ideia de um Estado presente, o que demonstra uma clara lacuna entre a narrativa oficial e a realidade cotidiana dos cidad\u00e3os.<\/p>\n\n\n\n<p>O terceiro fator que explica a ascens\u00e3o de Milei \u00e9 a ampla experi\u00eancia do pa\u00eds com o surgimento de atores pol\u00edticos, n\u00e3o detectados pelo radar da pol\u00edtica tradicional, que rapidamente conseguiram se tornar refer\u00eancias pol\u00edticas nacionais.<\/p>\n\n\n\n<p>No in\u00edcio da transi\u00e7\u00e3o democr\u00e1tica, ap\u00f3s o desastre das Malvinas em 1982, Ra\u00fal Alfons\u00edn era um l\u00edder desconhecido da Uni\u00f3n C\u00edvica Radical e, apenas um ano depois, tornou-se o novo presidente dos argentinos. Ent\u00e3o, em 1988, um l\u00edder perif\u00e9rico do Partido Justicialista, Carlos Menem, derrotou o \u201ccandidato natural\u201d do grupo, Antonio Cafiero, e iniciou sua trajet\u00f3ria ascendente \u00e0 presid\u00eancia entre 1989 e 1999. Poder\u00edamos dizer o mesmo de N\u00e9stor Kirchner, <a href=\"https:\/\/www1.folha.uol.com.br\/mundo\/2023\/03\/mauricio-macri-anuncia-que-nao-sera-candidato-a-presidente-na-argentina.shtml\">Mauricio Macri<\/a> ou <a href=\"https:\/\/www1.folha.uol.com.br\/mundo\/2023\/04\/alberto-fernandez-anuncia-que-nao-concorrera-a-reeleicao-na-argentina.shtml\">Alberto Fern\u00e1ndez<\/a> como exemplos da rica tradi\u00e7\u00e3o de \u201ctapados\u201d na pol\u00edtica argentina. As exce\u00e7\u00f5es foram Fernando de la R\u00faa e Cristina Fern\u00e1ndez.<\/p>\n\n\n\n<p>Quem ser\u00e1 o pr\u00f3ximo tapado? A Argentina est\u00e1 diante o futuro Lionel Scaloni da pol\u00edtica nacional ou frente a uma nova frustra\u00e7\u00e3o coletiva?<\/p>\n\n\n\n<p>O lobo est\u00e1 chegando?<\/p>\n\n\n\n<p>A Argentina se encontra frente a um dilema de dif\u00edcil resolu\u00e7\u00e3o. Por um lado, o de uma classe pol\u00edtica que, incapaz de resolver os m\u00faltiplos problemas da agenda p\u00fablica, acaba sendo parte ou, ao menos, \u00e9 percebida como parte do problema. Por outro lado, o de uma pol\u00edtica amadora de solu\u00e7\u00e3o r\u00e1pida e slogan f\u00e1cil que, conectando com a ira e o desencanto de boa parte da popula\u00e7\u00e3o, torna-se um problema potencialmente maior.<\/p>\n\n\n\n<p>No 5 de mar\u00e7o passado completou-se dez anos da morte de Hugo Ch\u00e1vez. Isso deve servir para recordar o que acontece quando a pol\u00edtica dan\u00e7a \u00e0 beira do abismo. Na Argentina, o l\u00edder disruptivo pode estar logo ali na esquina.<\/p>\n","protected":false},"excerpt":{"rendered":"<p>O surgimento da figura de Javier Milei na Argentina, como express\u00e3o de um fen\u00f4meno de rejei\u00e7\u00e3o \u00e0 pol\u00edtica tradicional, n\u00e3o \u00e9 uma novidade no pa\u00eds.<\/p>\n","protected":false},"author":235,"featured_media":16875,"comment_status":"closed","ping_status":"closed","sticky":false,"template":"","format":"standard","meta":{"_acf_changed":false,"episode_type":"","audio_file":"","cover_image":"","cover_image_id":"","duration":"","filesize":"","filesize_raw":"","date_recorded":"","explicit":"","block":"","itunes_episode_number":"","itunes_title":"","itunes_season_number":"","itunes_episode_type":"","footnotes":""},"categories":[16960,16711,16734,16719,14397,544],"tags":[],"gps":[],"class_list":{"0":"post-16881","1":"post","2":"type-post","3":"status-publish","4":"format-standard","5":"has-post-thumbnail","7":"category-javier-milei-pt-br","8":"category-elecciones-pt-br","9":"category-argentina-pt-br","10":"category-debates-pt-br","11":"category-eleicoes","12":"category-politica-br"},"acf":[],"_links":{"self":[{"href":"https:\/\/latinoamerica21.com\/pt-br\/wp-json\/wp\/v2\/posts\/16881","targetHints":{"allow":["GET"]}}],"collection":[{"href":"https:\/\/latinoamerica21.com\/pt-br\/wp-json\/wp\/v2\/posts"}],"about":[{"href":"https:\/\/latinoamerica21.com\/pt-br\/wp-json\/wp\/v2\/types\/post"}],"author":[{"embeddable":true,"href":"https:\/\/latinoamerica21.com\/pt-br\/wp-json\/wp\/v2\/users\/235"}],"replies":[{"embeddable":true,"href":"https:\/\/latinoamerica21.com\/pt-br\/wp-json\/wp\/v2\/comments?post=16881"}],"version-history":[{"count":0,"href":"https:\/\/latinoamerica21.com\/pt-br\/wp-json\/wp\/v2\/posts\/16881\/revisions"}],"wp:featuredmedia":[{"embeddable":true,"href":"https:\/\/latinoamerica21.com\/pt-br\/wp-json\/wp\/v2\/media\/16875"}],"wp:attachment":[{"href":"https:\/\/latinoamerica21.com\/pt-br\/wp-json\/wp\/v2\/media?parent=16881"}],"wp:term":[{"taxonomy":"category","embeddable":true,"href":"https:\/\/latinoamerica21.com\/pt-br\/wp-json\/wp\/v2\/categories?post=16881"},{"taxonomy":"post_tag","embeddable":true,"href":"https:\/\/latinoamerica21.com\/pt-br\/wp-json\/wp\/v2\/tags?post=16881"},{"taxonomy":"gps","embeddable":true,"href":"https:\/\/latinoamerica21.com\/pt-br\/wp-json\/wp\/v2\/gps?post=16881"}],"curies":[{"name":"wp","href":"https:\/\/api.w.org\/{rel}","templated":true}]}}