{"id":17361,"date":"2023-05-23T08:00:00","date_gmt":"2023-05-23T11:00:00","guid":{"rendered":"https:\/\/latinoamerica21.com\/?p=17361"},"modified":"2023-06-08T11:25:22","modified_gmt":"2023-06-08T14:25:22","slug":"as-mudancas-climaticas-ja-afetam-a-industria-agropecuaria","status":"publish","type":"post","link":"https:\/\/latinoamerica21.com\/pt-br\/as-mudancas-climaticas-ja-afetam-a-industria-agropecuaria\/","title":{"rendered":"As mudan\u00e7as clim\u00e1ticas j\u00e1 afetam a ind\u00fastria agropecu\u00e1ria"},"content":{"rendered":"\n<p>A ind\u00fastria agropecu\u00e1ria em algumas regi\u00f5es da Am\u00e9rica Latina vem perdendo competitividade nos mercados internacionais. Isso se deve, em grande medida, aos efeitos que as mudan\u00e7as clim\u00e1ticas est\u00e3o tendo sobre a produ\u00e7\u00e3o e a produtividade dos setores envolvidos. As inunda\u00e7\u00f5es, secas, as altas ou baixas temperaturas ou a degrada\u00e7\u00e3o do solo s\u00e3o algumas das principais consequ\u00eancias que est\u00e3o afetando, sobretudo, a Am\u00e9rica Central e o Caribe.\u00a0<\/p>\n\n\n\n<p>Os pa\u00edses do Corredor Seco da Am\u00e9rica Central, como Guatemala, El Salvador, Honduras e Nicar\u00e1gua, j\u00e1 dependem muito das fontes de abastecimento de \u00e1gua e da infraestrutura h\u00eddrica que s\u00e3o frequentemente destinadas ao setor agropecu\u00e1rio. Enquanto o \u00cdndice de Risco Clim\u00e1tico Global (GRI) coloca Porto Rico em primeiro lugar e o Haiti em terceiro lugar entre os pa\u00edses que tiveram maior n\u00famero de desastres naturais a n\u00edvel mundial no ano de 2021. A isto soma-se que as emiss\u00f5es de gases de efeito estufa t\u00eam um impacto maior nas atividades agropecu\u00e1rias e silviculturais.<\/p>\n\n\n\n<p>No caso do Panam\u00e1, a economia agropecu\u00e1ria vem perdendo participa\u00e7\u00e3o no produto interno bruto desde as d\u00e9cadas de 1970 e 1980. De acordo com as estat\u00edsticas do Banco Mundial, o setor agropecu\u00e1rio diminuiu consideravelmente sua participa\u00e7\u00e3o no PIB do pa\u00eds, de 25% no ano de 1950 para apenas 2,7% em 2020. Embora essa redu\u00e7\u00e3o se deva a uma multiplicidade de fatores, a diminui\u00e7\u00e3o das chuvas e as altas temperaturas provocaram secas prolongadas, resultando em baixas produtividades nas atividades agropecu\u00e1rias e pesqueiras.<\/p>\n\n\n\n<p>Uma das \u00e1reas mais afetadas devido ao impacto das condi\u00e7\u00f5es clim\u00e1ticas adversas foi a produ\u00e7\u00e3o pecu\u00e1ria. O fen\u00f4meno El Ni\u00f1o, com per\u00edodos sazonais e prolongados de seca que afetam a qualidade das pastagens e a disponibilidade de recursos h\u00eddricos, afetou a produ\u00e7\u00e3o de gado no Panam\u00e1. O per\u00edodo de seca no Panam\u00e1 se estende de meados de dezembro a abril, mas este ano, por exemplo, a falta de chuva se estendeu at\u00e9 maio e provavelmente continuar\u00e1 at\u00e9 junho.<\/p>\n\n\n\n<p>Isso afetou os fluxos de ingressos e a rentabilidade do setor, o que, por sua vez, levou a um aumento dos pre\u00e7os para os consumidores finais, especialmente para os produtos da cesta b\u00e1sica familiar.<\/p>\n\n\n\n<p><strong>Como neutralizar a incid\u00eancia clim\u00e1tica no setor agropecu\u00e1rio?<\/strong><\/p>\n\n\n\n<p>Diante do impacto das mudan\u00e7as clim\u00e1ticas no setor agropecu\u00e1rio, <a href=\"https:\/\/latinoamerica21.com\/br\/so-a-politica-freara-a-mudanca-climatica\/\">\u00e9 necess\u00e1rio promover campanhas massivas de conscientiza\u00e7\u00e3o em toda a cadeia produtiva<\/a>. \u00c9 necess\u00e1ria uma transforma\u00e7\u00e3o na produ\u00e7\u00e3o de alimentos na regi\u00e3o, por meio de novas tecnologias e do apoio a pol\u00edticas agr\u00edcolas coerentes e claras para o setor, que mitiguem ou reduzam as secas, os gases de efeito estufa e a extra\u00e7\u00e3o indiscriminada de madeira.<\/p>\n\n\n\n<p>Nesse contexto, institui\u00e7\u00f5es governamentais como a MIAMBIENTE, no Panam\u00e1, v\u00eam implementando marcos regulat\u00f3rios e pol\u00edticas ambientais assertivas por meio da cria\u00e7\u00e3o do Plano Nacional de A\u00e7\u00e3o Clim\u00e1tica (PNAC). Isso se soma a uma metodologia de vis\u00e3o do pa\u00eds para 2050, que envolve os objetivos do Acordo de Paris e os Objetivos de Desenvolvimento Sustent\u00e1vel (ODS). O plano busca estabelecer diretrizes estrat\u00e9gicas para mitigar os danos potenciais ao meio ambiente e fomentar uma agricultura, pecu\u00e1ria e a aquicultura sustent\u00e1veis.<\/p>\n\n\n\n<p>Os processos de transforma\u00e7\u00e3o do setor agropecu\u00e1rio ser\u00e3o discutidos em profundidade no <a href=\"https:\/\/sricongress.org\/\">Congresso de Pesquisa e Inova\u00e7\u00e3o em Sustentabilidade<\/a> (SRI), que ser\u00e1 realizado em junho no Panam\u00e1. Ser\u00e3o abordados desde a an\u00e1lise cient\u00edfica, a compreens\u00e3o e a adequa\u00e7\u00e3o dos solos em termos de produtividade, at\u00e9 a doc\u00eancia e o manejo sustent\u00e1vel das mudan\u00e7as clim\u00e1ticas para atender \u00e0s demandas nacionais e internacionais de produtos e alimentos.<\/p>\n","protected":false},"excerpt":{"rendered":"<p>A atividade agropecu\u00e1ria em algumas regi\u00f5es da Am\u00e9rica Latina vem perdendo competitividade nos mercados internacionais, devido, em grande parte, aos efeitos das mudan\u00e7as clim\u00e1ticas.<\/p>\n","protected":false},"author":442,"featured_media":17349,"comment_status":"closed","ping_status":"closed","sticky":false,"template":"","format":"standard","meta":{"_acf_changed":false,"episode_type":"","audio_file":"","cover_image":"","cover_image_id":"","duration":"","filesize":"","filesize_raw":"","date_recorded":"","explicit":"","block":"","itunes_episode_number":"","itunes_title":"","itunes_season_number":"","itunes_episode_type":"","footnotes":""},"categories":[16897,16750,16719,16751,14475,14456],"tags":[],"gps":[],"class_list":{"0":"post-17361","1":"post","2":"type-post","3":"status-publish","4":"format-standard","5":"has-post-thumbnail","7":"category-cambio-climatico-pt-br","8":"category-economia-pt-br","9":"category-debates-pt-br","10":"category-medioambiente-pt-br","11":"category-mudanca-climatica","12":"category-meio-ambiente"},"acf":[],"_links":{"self":[{"href":"https:\/\/latinoamerica21.com\/pt-br\/wp-json\/wp\/v2\/posts\/17361","targetHints":{"allow":["GET"]}}],"collection":[{"href":"https:\/\/latinoamerica21.com\/pt-br\/wp-json\/wp\/v2\/posts"}],"about":[{"href":"https:\/\/latinoamerica21.com\/pt-br\/wp-json\/wp\/v2\/types\/post"}],"author":[{"embeddable":true,"href":"https:\/\/latinoamerica21.com\/pt-br\/wp-json\/wp\/v2\/users\/442"}],"replies":[{"embeddable":true,"href":"https:\/\/latinoamerica21.com\/pt-br\/wp-json\/wp\/v2\/comments?post=17361"}],"version-history":[{"count":0,"href":"https:\/\/latinoamerica21.com\/pt-br\/wp-json\/wp\/v2\/posts\/17361\/revisions"}],"wp:featuredmedia":[{"embeddable":true,"href":"https:\/\/latinoamerica21.com\/pt-br\/wp-json\/wp\/v2\/media\/17349"}],"wp:attachment":[{"href":"https:\/\/latinoamerica21.com\/pt-br\/wp-json\/wp\/v2\/media?parent=17361"}],"wp:term":[{"taxonomy":"category","embeddable":true,"href":"https:\/\/latinoamerica21.com\/pt-br\/wp-json\/wp\/v2\/categories?post=17361"},{"taxonomy":"post_tag","embeddable":true,"href":"https:\/\/latinoamerica21.com\/pt-br\/wp-json\/wp\/v2\/tags?post=17361"},{"taxonomy":"gps","embeddable":true,"href":"https:\/\/latinoamerica21.com\/pt-br\/wp-json\/wp\/v2\/gps?post=17361"}],"curies":[{"name":"wp","href":"https:\/\/api.w.org\/{rel}","templated":true}]}}