{"id":17565,"date":"2023-06-04T05:00:00","date_gmt":"2023-06-04T08:00:00","guid":{"rendered":"https:\/\/latinoamerica21.com\/?p=17565"},"modified":"2023-06-02T13:45:22","modified_gmt":"2023-06-02T16:45:22","slug":"o-papel-da-juventude-indigena-na-conservacao-da-biodiversidade","status":"publish","type":"post","link":"https:\/\/latinoamerica21.com\/pt-br\/o-papel-da-juventude-indigena-na-conservacao-da-biodiversidade\/","title":{"rendered":"O papel da juventude ind\u00edgena na conserva\u00e7\u00e3o da biodiversidade"},"content":{"rendered":"\n<p>Nas comunidades que habitam Abya Yala, a reconstitui\u00e7\u00e3o dos territ\u00f3rios dos povos ind\u00edgenas e os processos de reconhecimento dos modelos ancestrais de vida est\u00e3o sendo elaborados h\u00e1 d\u00e9cadas.&nbsp;<\/p>\n\n\n\n<p>Desde a declara\u00e7\u00e3o de terras comunit\u00e1rias de origem (TCOs) (terras de propriedade comunit\u00e1ria) e a titula\u00e7\u00e3o coletiva de terras que passaram a ser denominadas de territ\u00f3rios ind\u00edgenas origin\u00e1rios camponeses (TIOC), at\u00e9 o reconhecimento constitucional das autonomias ind\u00edgenas, esses processos foram concebidos nos diferentes pa\u00edses partindo da experi\u00eancia dos l\u00edderes ind\u00edgenas, sobretudo os maiores de 35 anos. Por isso, atualmente questiona-se o papel (ou a falta de papel) da juventude ind\u00edgena nos processos de reconstitui\u00e7\u00e3o e nos espa\u00e7os de di\u00e1logo e debate.<\/p>\n\n\n\n<p><strong>Mudan\u00e7a clim\u00e1tica e conserva\u00e7\u00e3o da biodiversidade<\/strong><\/p>\n\n\n\n<p>Como parte das <a href=\"https:\/\/www1.folha.uol.com.br\/folha-topicos\/cop27\/\">COPs<\/a> e de outros espa\u00e7os de pesquisa, negocia\u00e7\u00e3o e decis\u00e3o, evidencia-se o fator chave que tem o envolvimento dos povos ind\u00edgenas na conserva\u00e7\u00e3o da biodiversidade e nas a\u00e7\u00f5es diante da crise clim\u00e1tica. Isso, devido ao seu modo de vida ter como ess\u00eancia a inter-rela\u00e7\u00e3o respeitosa com o seu entorno.<\/p>\n\n\n\n<p>De fato, os principais protagonistas na luta pela conserva\u00e7\u00e3o, preserva\u00e7\u00e3o e defesa do meio ambiente s\u00e3o os povos ind\u00edgenas que, em muitos casos, s\u00e3o perseguidos e assassinados.<\/p>\n\n\n\n<p>No entanto, em um contexto latino-americano atravessado pelo colonialismo, racismo, discrimina\u00e7\u00e3o e inferioriza\u00e7\u00e3o do nativo e ancestral, \u00e9 um desafio para as juventudes ind\u00edgenas encarnar um papel ativo para incidir na reconstitui\u00e7\u00e3o dos povos ind\u00edgenas e seu protagonismo no respeito e na defesa do meio ambiente. De fato, o papel desse setor das comunidades na reconex\u00e3o com o conhecimento comunit\u00e1rio local e na revaloriza\u00e7\u00e3o dos saberes ancestrais \u00e9 um assunto que est\u00e1 em debate.<\/p>\n\n\n\n<p>O autorreconhecimento \u00e9 um passo inicial para a juventude ind\u00edgena. Do n\u00edvel individual ao familiar, comunit\u00e1rio e coletivo, \u00e9 necess\u00e1rio que os jovens possam superar os preconceitos e sintam orgulho de seu povo, seus valores, cren\u00e7as e cultura. A concerta\u00e7\u00e3o, partindo do coletivo, \u00e9 essencial para a constru\u00e7\u00e3o de uma sociedade comunit\u00e1ria que reproduza e interrelacione pr\u00e1ticas e conhecimentos como parte do modelo de vida.<\/p>\n\n\n\n<figure class=\"wp-block-image size-large\"><a href=\"https:\/\/latinoamerica21.com\/wp-content\/uploads\/2022\/11\/PORT_Impactos-das-mudancas-climaticas-na-America-Latina-e-no-Caribe.pdf\"><img loading=\"lazy\" decoding=\"async\" width=\"1024\" height=\"384\" src=\"https:\/\/latinoamerica21.com\/wp-content\/uploads\/2023\/06\/Imagem-do-WhatsApp-de-2023-02-15-as-07.53.40-1024x384.jpg\" alt=\"\" class=\"wp-image-17567\" srcset=\"https:\/\/latinoamerica21.com\/wp-content\/uploads\/2023\/06\/Imagem-do-WhatsApp-de-2023-02-15-as-07.53.40-1024x384.jpg 1024w, https:\/\/latinoamerica21.com\/wp-content\/uploads\/2023\/06\/Imagem-do-WhatsApp-de-2023-02-15-as-07.53.40-300x113.jpg 300w, https:\/\/latinoamerica21.com\/wp-content\/uploads\/2023\/06\/Imagem-do-WhatsApp-de-2023-02-15-as-07.53.40-768x288.jpg 768w, https:\/\/latinoamerica21.com\/wp-content\/uploads\/2023\/06\/Imagem-do-WhatsApp-de-2023-02-15-as-07.53.40-1536x576.jpg 1536w, https:\/\/latinoamerica21.com\/wp-content\/uploads\/2023\/06\/Imagem-do-WhatsApp-de-2023-02-15-as-07.53.40.jpg 1600w\" sizes=\"auto, (max-width: 1024px) 100vw, 1024px\" \/><\/a><\/figure>\n\n\n\n<p><strong>Di\u00e1logos intercient\u00edficos<\/strong><\/p>\n\n\n\n<p>Nesse contexto, a interculturalidade ou a busca de concerta\u00e7\u00e3o e a rela\u00e7\u00e3o respeitosa visa \u00e0 transforma\u00e7\u00e3o construtiva do conflito (entendido como a express\u00e3o das necessidades e a oportunidade de mudan\u00e7a), tendo como ferramentas a gest\u00e3o de emo\u00e7\u00f5es, suposi\u00e7\u00f5es e poder. Assim, a interculturalidade se torna uma das ferramentas fundamentais para o entendimento da diversidade e a constru\u00e7\u00e3o de sociedades mais justas.<\/p>\n\n\n\n<p>Nesse marco, a busca de solu\u00e7\u00f5es para as diferentes crises que afligem nossas realidades traz \u00e0 tona a necessidade de um enfoque transdisciplinar, em que as disciplinas cient\u00edficas (ou ramos da ci\u00eancia ocidental-c\u00eantrica) possam dialogar e concordar diante um conhecimento mais geral.<\/p>\n\n\n\n<p>O conhecimento validado pela academia tende a ser privilegiado e elitista, e a discriminar os demais conhecimentos que n\u00e3o cumprem estritamente com os par\u00e2metros da academia e s\u00e3o considerados inferiores ou err\u00f4neos. Entretanto, a experi\u00eancia de alguns acad\u00eamicos ou povos ind\u00edgenas d\u00e1 origem \u00e0 busca pela valida\u00e7\u00e3o do conhecimento local. De fato, algumas experi\u00eancias isoladas demonstraram a riqueza da interrela\u00e7\u00e3o entre o conhecimento local e a ci\u00eancia ocidental.<\/p>\n\n\n\n<p><strong>Espa\u00e7os de di\u00e1logo<\/strong><\/p>\n\n\n\n<p>O <a href=\"https:\/\/sricongress.org\/\">Congresso de Pesquisa e Inova\u00e7\u00e3o em Sustentabilidade (SRI)<\/a>, a maior reuni\u00e3o transdisciplinar do mundo para a comunidade global de sustentabilidade, ser\u00e1 um espa\u00e7o de di\u00e1logo entre os conhecimentos locais e a ci\u00eancia acad\u00eamica com um enfoque transdisciplinar.<\/p>\n\n\n\n<p>Portanto, este \u00e9 um espa\u00e7o para o debate sobre o papel da juventude ind\u00edgena nos processos de reconstitui\u00e7\u00e3o dos territ\u00f3rios ind\u00edgenas origin\u00e1rios e sua rela\u00e7\u00e3o com outras cosmovis\u00f5es para poder enfrentar as diferentes crises que vivem, com maior intensidade, em seus territ\u00f3rios. Os conhecimentos, que permitem encaminhar suas a\u00e7\u00f5es, s\u00e3o chave, por isso \u00e9 fundamental fomentar a complementaridade intercultural.Em conclus\u00e3o, um dos maiores desafios para a conserva\u00e7\u00e3o da biodiversidade \u00e9 que a juventude ind\u00edgena tenha a predisposi\u00e7\u00e3o para escutar, partindo da sabedoria ancestral dos povos de Abya Yala, para desenvolver uma diplomacia intercient\u00edfica que lhes permita alcan\u00e7ar os tr\u00eas saberes (saber, saber ser e saber fazer) para o encontro com o Viver Bem (<em>sumaj kausay-sumaj kama\u00f1a<\/em>), Viver Saboroso e Viver Bonito (<em>k&#8217;acha kausakunapaq<\/em>).<\/p>\n","protected":false},"excerpt":{"rendered":"<p>Os principais protagonistas da luta pela conserva\u00e7\u00e3o, preserva\u00e7\u00e3o e defesa do meio ambiente s\u00e3o os povos ind\u00edgenas.<\/p>\n","protected":false},"author":445,"featured_media":17554,"comment_status":"closed","ping_status":"closed","sticky":false,"template":"","format":"standard","meta":{"_acf_changed":false,"episode_type":"","audio_file":"","cover_image":"","cover_image_id":"","duration":"","filesize":"","filesize_raw":"","date_recorded":"","explicit":"","block":"","itunes_episode_number":"","itunes_title":"","itunes_season_number":"","itunes_episode_type":"","footnotes":""},"categories":[17098,17098,17102,17102,16751,16751,14435,14456,546],"tags":[],"gps":[],"class_list":{"0":"post-17565","1":"post","2":"type-post","3":"status-publish","4":"format-standard","5":"has-post-thumbnail","7":"category-jovenes-pt-br","9":"category-biodiversidad-pt-br","11":"category-medioambiente-pt-br","13":"category-indigena","14":"category-meio-ambiente","15":"category-sociedad-br"},"acf":[],"_links":{"self":[{"href":"https:\/\/latinoamerica21.com\/pt-br\/wp-json\/wp\/v2\/posts\/17565","targetHints":{"allow":["GET"]}}],"collection":[{"href":"https:\/\/latinoamerica21.com\/pt-br\/wp-json\/wp\/v2\/posts"}],"about":[{"href":"https:\/\/latinoamerica21.com\/pt-br\/wp-json\/wp\/v2\/types\/post"}],"author":[{"embeddable":true,"href":"https:\/\/latinoamerica21.com\/pt-br\/wp-json\/wp\/v2\/users\/445"}],"replies":[{"embeddable":true,"href":"https:\/\/latinoamerica21.com\/pt-br\/wp-json\/wp\/v2\/comments?post=17565"}],"version-history":[{"count":0,"href":"https:\/\/latinoamerica21.com\/pt-br\/wp-json\/wp\/v2\/posts\/17565\/revisions"}],"wp:featuredmedia":[{"embeddable":true,"href":"https:\/\/latinoamerica21.com\/pt-br\/wp-json\/wp\/v2\/media\/17554"}],"wp:attachment":[{"href":"https:\/\/latinoamerica21.com\/pt-br\/wp-json\/wp\/v2\/media?parent=17565"}],"wp:term":[{"taxonomy":"category","embeddable":true,"href":"https:\/\/latinoamerica21.com\/pt-br\/wp-json\/wp\/v2\/categories?post=17565"},{"taxonomy":"post_tag","embeddable":true,"href":"https:\/\/latinoamerica21.com\/pt-br\/wp-json\/wp\/v2\/tags?post=17565"},{"taxonomy":"gps","embeddable":true,"href":"https:\/\/latinoamerica21.com\/pt-br\/wp-json\/wp\/v2\/gps?post=17565"}],"curies":[{"name":"wp","href":"https:\/\/api.w.org\/{rel}","templated":true}]}}