{"id":17601,"date":"2023-06-05T08:00:00","date_gmt":"2023-06-05T11:00:00","guid":{"rendered":"https:\/\/latinoamerica21.com\/?p=17601"},"modified":"2023-06-05T11:51:29","modified_gmt":"2023-06-05T14:51:29","slug":"dia-mundial-do-meio-ambiente-50-anos-apos-sua-criacao","status":"publish","type":"post","link":"https:\/\/latinoamerica21.com\/pt-br\/dia-mundial-do-meio-ambiente-50-anos-apos-sua-criacao\/","title":{"rendered":"Dia Mundial do Meio Ambiente: 50 anos ap\u00f3s sua cria\u00e7\u00e3o"},"content":{"rendered":"\n<p><strong><em>Coautora Mar\u00eda In\u00e9s Carabajal<\/em><\/strong><\/p>\n\n\n\n<p>Devido aos efeitos negativos na sa\u00fade da popula\u00e7\u00e3o humana (e demais seres) que se tornaram evidentes nos anos sessenta, em 1972 iniciaram-se as primeiras conversas internacionais acerca do meio ambiente na Confer\u00eancia de Estocolmo sobre o Meio Ambiente Humano, tamb\u00e9m denominada de C\u00fapula da Terra. No mesmo ano, o Clube de Roma elaborou um estudo para analisar as repercuss\u00f5es da atividade econ\u00f4mica vinculada \u00e0 Guerra Fria no \u201cmeio ambiente humano\u201d. Nesse relat\u00f3rio, foi mencionado pela primeira vez que o crescimento pode ter limites e foi posto em discuss\u00e3o os problemas relacionados \u00e0 popula\u00e7\u00e3o, \u00e0 tecnologia, aos recursos naturais e ao meio ambiente.<\/p>\n\n\n\n<p>A partir dessa primeira C\u00fapula da Terra, o interesse da comunidade internacional pela polui\u00e7\u00e3o e seus efeitos na biosfera foi crescendo. Em dezembro do mesmo ano, o Programa das Na\u00e7\u00f5es Unidas para o Meio Ambiente (PNUMA) foi criado com o objetivo de estabelecer uma agenda ambiental global a fim de incorporar a dimens\u00e3o ambiental do desenvolvimento sustent\u00e1vel e, em 2015, as Na\u00e7\u00f5es Unidas adotaram 17 objetivos globais de Desenvolvimento Sustent\u00e1vel para enfrentar a pobreza, proteger o planeta e alcan\u00e7ar a paz e a prosperidade.&nbsp;<\/p>\n\n\n\n<p>A ONU define o desenvolvimento sustent\u00e1vel como \u201ca satisfa\u00e7\u00e3o da gera\u00e7\u00e3o presente sem comprometer a capacidade das gera\u00e7\u00f5es futuras de satisfazer suas pr\u00f3prias necessidades\u201d.&nbsp; E para contribuir com as tarefas do PNUMA, em 1973 foi estabelecido o dia 5 de junho como o <a href=\"https:\/\/www.un.org\/es\/observances\/environment-day#:~:text=Dirigido%20por%20el%20Programa%20de,personas%20en%20todo%20el%20mundo.\">Dia Mundial do Meio Ambiente<\/a>.<\/p>\n\n\n\n<p><strong>Resultados at\u00e9 agora e desafios<\/strong><\/p>\n\n\n\n<p>Nos \u00faltimos 50 anos, os desafios ambientais nos levaram a uma encruzilhada como nunca antes na hist\u00f3ria dos seres humanos. A natureza est\u00e1 deixando de ser esse espa\u00e7o seguro para a vida na terra, e a pegada humana no planeta levou a uma crise sem precedentes, marcada pelo <a href=\"https:\/\/www1.folha.uol.com.br\/ciencia\/2022\/12\/cientistas-dao-novo-passo-para-declarar-o-antropoceno-a-era-dos-humanos.shtml\">Antropoceno<\/a>, pelas mudan\u00e7as clim\u00e1ticas, pela polui\u00e7\u00e3o e pela perda de biodiversidade, entre outras importantes transforma\u00e7\u00f5es.&nbsp;<\/p>\n\n\n\n<p>Nos \u00faltimos anos, <a href=\"https:\/\/latinoamerica21.com\/br\/as-temperaturas-irao-atingir-niveis-recordes-nos-proximos-cinco-anos\/\">os relat\u00f3rios<\/a> do painel de especialistas em mudan\u00e7as clim\u00e1ticas alertaram sobre a urg\u00eancia de reduzir as emiss\u00f5es de gases de efeito estufa para aplacar o aumento da temperatura e as consequ\u00eancias que isso pode trazer. A comunidade cient\u00edfica, por sua vez, vem alertando h\u00e1 d\u00e9cadas sobre esses processos, especialmente sobre a necessidade de fazer mudan\u00e7as nos estilos de vida, que devem se basear no desenvolvimento, no crescimento e na expans\u00e3o, e de buscar padr\u00f5es de consumo mais respons\u00e1veis.&nbsp;<\/p>\n\n\n\n<p>Entretanto, essas mensagens n\u00e3o permearam as esferas pol\u00edticas com o grau necess\u00e1rio de responsabilidade, compromisso e urg\u00eancia. Portanto, 50 anos ap\u00f3s a cria\u00e7\u00e3o do Dia Mundial do Meio Ambiente, \u00e9 fundamental que a humanidade amplie a imagina\u00e7\u00e3o e a disposi\u00e7\u00e3o para pensar de maneira coletiva algumas alternativas ao desenvolvimento atual.\u00a0\u00a0\u00a0\u00a0\u00a0\u00a0<\/p>\n\n\n\n<p><strong>Paradigmas emergentes para repensar a crise ambiental&nbsp;<\/strong><\/p>\n\n\n\n<p>Os desafios atuais n\u00e3o podem ser abordados sob as mesmas perspectivas e pr\u00e1ticas que nos trouxeram at\u00e9 aqui. Portanto, \u00e9 necess\u00e1rio abrir-se para paradigmas de vida alternativos.<\/p>\n\n\n\n<p>Nesse sentido, diferentes propostas t\u00eam surgido no centro das comunidades ind\u00edgenas e por parte de quem habita os territ\u00f3rios mais isolados, que s\u00e3o quem encabe\u00e7a as demandas por justi\u00e7a clim\u00e1tica, social e ambiental. Devemos considerar essas perspectivas como propostas leg\u00edtimas para transformar nosso v\u00ednculo com a natureza e as formas de habitar o planeta.&nbsp;<\/p>\n\n\n\n<p>O sistema capitalista, ao longo de sua hist\u00f3ria, tem mantido uma rela\u00e7\u00e3o utilit\u00e1ria com a natureza, e o planeta tem sido uma fonte de extra\u00e7\u00e3o de recursos naturais em que o pre\u00e7o \u00e9 definido pelo mercado. Isso \u00e9 evidente na Am\u00e9rica Latina, onde a coloniza\u00e7\u00e3o trouxe uma <a href=\"https:\/\/euobserver.com\/green-economy\/157052\">l\u00f3gica de mercantiliza\u00e7\u00e3o<\/a> da terra, de seus componentes e inclusive das comunidades humanas que a habitam.<\/p>\n\n\n\n<p>A discuss\u00e3o sobre o valor\/pre\u00e7o da natureza \u00e9 cada vez mais predominante nas arenas da diplomacia internacional, onde se debate os melhores caminhos para evitar o avan\u00e7o dos seres humanos sobre a natureza. Entretanto, para muitos povos ind\u00edgenas, origin\u00e1rios, camponeses e locais, a natureza \u00e9 um sujeito de direitos n\u00e3o s\u00f3 porque sustenta nossas vidas, mas tamb\u00e9m porque seu cuidado \u00e9 parte de v\u00ednculos de reciprocidade e harmonia entre as comunidades e a <a href=\"https:\/\/latinoamerica21.com\/br\/muito-alem-dos-seres-humanos-esta-a-mae-terra\/\">M\u00e3e Terra<\/a>.&nbsp;<\/p>\n\n\n\n<p>Esses avan\u00e7os s\u00e3o evidentes nas Constitui\u00e7\u00f5es de Bol\u00edvia e Equador, que, partindo de marcos institucionais e jur\u00eddicos, buscam transformar os marcos \u00e9tico-pol\u00edticos e mostrar outras formas de se relacionar com a M\u00e3e Terra, baseadas na interconex\u00e3o, na interdepend\u00eancia e no respeito.<\/p>\n\n\n\n<p>Diante da crise ambiental que atravessamos, essas perspectivas adquirem maior relev\u00e2ncia e \u00e9 urgente inclu\u00ed-las, a fim de abrir um novo horizonte de possibilidades para repensar a forma como habitamos o mundo. Basicamente, essas propostas demandam abordar as necessidades reais dos povos, considerando uma dimens\u00e3o territorial para manter a vida em todas as suas express\u00f5es e avan\u00e7ar para uma justi\u00e7a ambiental e social. Tamb\u00e9m buscam ampliar as lideran\u00e7as e incluir setores historicamente exclu\u00eddos e suas vis\u00f5es ind\u00edgenas\/origin\u00e1rias, como a de M\u00e3e Terra, que tem ra\u00edzes na percep\u00e7\u00e3o do mundo em que predomina o equil\u00edbrio entre os humanos e a terra. 50 anos ap\u00f3s o Dia Mundial do Meio Ambiente e diante de uma crise ambiental cada vez mais evidente, entendemos que as respostas aos problemas ambientais devem considerar propostas que partam de territ\u00f3rios, comunidades e grupos historicamente exclu\u00eddos, e que a crise deve ser abordada em sua dimens\u00e3o pol\u00edtica de justi\u00e7a. Muitos desses temas ser\u00e3o analisados no <a href=\"https:\/\/sricongress.org\/\">Congresso de Pesquisa e Inova\u00e7\u00e3o em Sustentabilidade<\/a> 2023 (SRI), a maior reuni\u00e3o transdisciplinar do mundo, que ocorrer\u00e1 em junho no Panam\u00e1.<\/p>\n\n\n\n<p><em>Mar\u00eda In\u00e9s Carabajal \u00e9 professora e doutora em Antropologia pela Universidade de Buenos Aires (UBA). STeP Fellow do Instituto Interamericano de Pesquisas sobre Mudan\u00e7as Globais (IAI). Especialista nas dimens\u00f5es humanas do clima e das mudan\u00e7as clim\u00e1ticas no Antropoceno.<\/em><\/p>\n","protected":false},"excerpt":{"rendered":"<p>Coautora Mar\u00eda In\u00e9s Carabajal<br \/>\nDevido aos efeitos negativos que come\u00e7aram a ser evidentes nos anos 60, em 1972 foram iniciadas as primeiras conversas internacionais sobre o meio ambiente.<\/p>\n","protected":false},"author":342,"featured_media":17589,"comment_status":"closed","ping_status":"closed","sticky":false,"template":"","format":"standard","meta":{"_acf_changed":false,"episode_type":"","audio_file":"","cover_image":"","cover_image_id":"","duration":"","filesize":"","filesize_raw":"","date_recorded":"","explicit":"","block":"","itunes_episode_number":"","itunes_title":"","itunes_season_number":"","itunes_episode_type":"","footnotes":""},"categories":[16897,17005,16719,16751,14475,546],"tags":[],"gps":[],"class_list":{"0":"post-17601","1":"post","2":"type-post","3":"status-publish","4":"format-standard","5":"has-post-thumbnail","7":"category-cambio-climatico-pt-br","8":"category-sostenibilidad-pt-br","9":"category-debates-pt-br","10":"category-medioambiente-pt-br","11":"category-mudanca-climatica","12":"category-sociedad-br"},"acf":[],"_links":{"self":[{"href":"https:\/\/latinoamerica21.com\/pt-br\/wp-json\/wp\/v2\/posts\/17601","targetHints":{"allow":["GET"]}}],"collection":[{"href":"https:\/\/latinoamerica21.com\/pt-br\/wp-json\/wp\/v2\/posts"}],"about":[{"href":"https:\/\/latinoamerica21.com\/pt-br\/wp-json\/wp\/v2\/types\/post"}],"author":[{"embeddable":true,"href":"https:\/\/latinoamerica21.com\/pt-br\/wp-json\/wp\/v2\/users\/342"}],"replies":[{"embeddable":true,"href":"https:\/\/latinoamerica21.com\/pt-br\/wp-json\/wp\/v2\/comments?post=17601"}],"version-history":[{"count":0,"href":"https:\/\/latinoamerica21.com\/pt-br\/wp-json\/wp\/v2\/posts\/17601\/revisions"}],"wp:featuredmedia":[{"embeddable":true,"href":"https:\/\/latinoamerica21.com\/pt-br\/wp-json\/wp\/v2\/media\/17589"}],"wp:attachment":[{"href":"https:\/\/latinoamerica21.com\/pt-br\/wp-json\/wp\/v2\/media?parent=17601"}],"wp:term":[{"taxonomy":"category","embeddable":true,"href":"https:\/\/latinoamerica21.com\/pt-br\/wp-json\/wp\/v2\/categories?post=17601"},{"taxonomy":"post_tag","embeddable":true,"href":"https:\/\/latinoamerica21.com\/pt-br\/wp-json\/wp\/v2\/tags?post=17601"},{"taxonomy":"gps","embeddable":true,"href":"https:\/\/latinoamerica21.com\/pt-br\/wp-json\/wp\/v2\/gps?post=17601"}],"curies":[{"name":"wp","href":"https:\/\/api.w.org\/{rel}","templated":true}]}}