{"id":18245,"date":"2023-07-07T08:00:00","date_gmt":"2023-07-07T11:00:00","guid":{"rendered":"https:\/\/latinoamerica21.com\/?p=18245"},"modified":"2023-07-07T11:34:33","modified_gmt":"2023-07-07T14:34:33","slug":"o-mexico-e-a-ciberpolitica-rumo-a-2024","status":"publish","type":"post","link":"https:\/\/latinoamerica21.com\/pt-br\/o-mexico-e-a-ciberpolitica-rumo-a-2024\/","title":{"rendered":"O M\u00e9xico e a ciberpol\u00edtica rumo a 2024"},"content":{"rendered":"\n<p>Em momentos de grandes mudan\u00e7as nos processos pol\u00edticos do <a href=\"https:\/\/www1.folha.uol.com.br\/folha-topicos\/mexico\/\">M\u00e9xico<\/a> e com as <a href=\"https:\/\/latinoamerica21.com\/br\/o-partido-governista-se-posiciona-no-estado-do-mexico-frente-as-eleicoes-de-2024\/\">elei\u00e7\u00f5es federais de 2024<\/a> se aproximando, o uso da tecnologia para revolucionar as estrat\u00e9gias eleitorais que permitem uma comunica\u00e7\u00e3o inovadora com os cidad\u00e3os entra em cena. Entre outros objetivos, as ferramentas digitais buscam mudar a aparente apatia em rela\u00e7\u00e3o \u00e0s figuras pol\u00edticas que ocupam ou aspiram a ocupar cargos governamentais.<\/p>\n\n\n\n<p>De acordo com o \u00faltimo <a href=\"https:\/\/www.asociaciondeinternet.mx\/estudios\/habitos-de-internet\">estudo sobre h\u00e1bitos dos usu\u00e1rios de Internet<\/a>, realizado pela Associa\u00e7\u00e3o de Internet do M\u00e9xico em 2023, mais de 80% da popula\u00e7\u00e3o usa a rede em escala nacional. Da mesma forma, de todos esses usu\u00e1rios, mais da metade passa sete ou mais horas por dia navegando no ciberespa\u00e7o, principalmente por meio de seus dispositivos eletr\u00f4nicos, e o que eles mais fazem \u00e9 consultar as redes sociais (WhatsApp, Facebook, Instagram, Twitter e TikTok, entre as principais), raz\u00e3o pela qual esses espa\u00e7os se tornaram lugares capitaliz\u00e1veis para realizar o que hoje \u00e9 conhecido como ciberpol\u00edtica.<\/p>\n\n\n\n<p>O divisor de \u00e1guas no M\u00e9xico para falar sobre essa atividade remonta a 2012, quando houve <a href=\"https:\/\/www1.folha.uol.com.br\/mundo\/2012\/06\/1103401-estudantes-buscam-primavera-mexicana.shtml\">o primeiro movimento social liderado por jovens e denominado #YoSoy132<\/a>. Eles alegavam serem contra a elei\u00e7\u00e3o para presidente do ent\u00e3o candidato Enrique Pe\u00f1a Nieto e se mobilizaram ap\u00f3s uma manifesta\u00e7\u00e3o organizada dentro da Universidade Ibero-Americana, na Cidade do M\u00e9xico, quando Pe\u00f1a Nieto, que mais tarde se tornou presidente, realizou um com\u00edcio de campanha dentro da institui\u00e7\u00e3o.<\/p>\n\n\n\n<p>Os jovens foram acusados de serem financiados pela oposi\u00e7\u00e3o, ao que 131 deles responderam em um v\u00eddeo do YouTube, com o n\u00famero da matr\u00edcula na m\u00e3o, que eram estudantes ativos e que estavam exercendo seus direitos cidad\u00e3os de manifesta\u00e7\u00e3o livre. Assim, o s\u00edmbolo 132 se espalhou por todo o pa\u00eds.<\/p>\n\n\n\n<p>Para muitos, esse momento foi o germe do ativismo pol\u00edtico digitalizado, o nascimento do metaverso partid\u00e1rio e ideol\u00f3gico. Como resultado desse movimento, que teve rea\u00e7\u00f5es principalmente no Facebook e no Twitter, houve outras atividades lideradas por ativistas de diferentes setores e que serviram para visibilizar quest\u00f5es relacionadas \u00e0 viol\u00eancia de g\u00eanero, aos cuidados com o meio ambiente, a prote\u00e7\u00e3o animal e at\u00e9 mesmo para denunciar o n\u00e3o cumprimento de promessas de governantes, ou como uma esp\u00e9cie de &#8220;jornalismo cidad\u00e3o&#8221; para relatar eventos question\u00e1veis ou pol\u00eamicos em tempo real.<\/p>\n\n\n\n<p>\u00c9 impressionante observar o contraste entre o grande n\u00famero de jovens que recorrem \u00e0s linguagens da tecnom\u00eddia para expressar suas ideias e o fato de que apenas uma minoria de pol\u00edticos aproveitam as ferramentas digitais para seu trabalho eleitoral ou governamental. Esse contraste ter\u00e1 consequ\u00eancias, pois esses jovens entre 15 e 35 anos de idade s\u00e3o os que influenciar\u00e3o a pol\u00edtica nos pr\u00f3ximos anos.<\/p>\n\n\n\n<p>Em escala internacional, em 2008, Barack Obama tornou-se uma refer\u00eancia no mundo com sua cibercampanha, divulgada no portal &#8220;mybarackobama.com&#8221;. Entretanto, poucas sociedades e elites pol\u00edticas se adaptaram \u00e0 comunica\u00e7\u00e3o digital. No M\u00e9xico, por exemplo, as campanhas pol\u00edticas usam redes sociais ou sites para compartilhar o dia a dia do processo eleitoral. Mas isso acontece exclusivamente em rela\u00e7\u00e3o ao que \u00e9 feito em espa\u00e7os &#8220;reais&#8221;, n\u00e3o em espa\u00e7os &#8220;virtuais&#8221;.<\/p>\n\n\n\n<p>Essa hibridiza\u00e7\u00e3o prejudica a efic\u00e1cia da estrat\u00e9gia e limita a intera\u00e7\u00e3o com os eleitores nas redes sociais. Isso acontece porque n\u00e3o se entende que o espa\u00e7o digital \u00e9 completamente diferente do convencional, anal\u00f3gico, e, portanto, requer outras ferramentas al\u00e9m das tradicionais, como com\u00edcios, discursos, visitas a bairros, entrevistas em r\u00e1dio ou TV, entre outros recursos.<\/p>\n\n\n\n<p>Entretanto, h\u00e1 exce\u00e7\u00f5es. Personagens como Gabriel Quadri de la Torre, em 2012, ou Jaime Rodr\u00edguez Calder\u00f3n, el Bronco, em 2018, executaram estrat\u00e9gias de constru\u00e7\u00e3o de mensagens ou de comunica\u00e7\u00e3o com os usu\u00e1rios da Internet exclusivamente para plataformas digitais, de modo que adquiriram presen\u00e7a e se tornaram conhecidos no mundo <em>on-line<\/em>. Embora suas respectivas campanhas n\u00e3o tivessem como objetivo a conquista do governo federal, elas serviram para posicionar sua imagem e reconhecimento no mundo virtual.<\/p>\n\n\n\n<p><strong>Tudo mudou com a pandemia de COVID-19.<\/strong><\/p>\n\n\n\n<p>De 2020 em diante, as redes sociais se tornaram a arena onde, diante do cerco, uma campanha pol\u00edtica poderia ser realizada exclusivamente em cen\u00e1rios digitais. A primeira campanha que alcan\u00e7ou uma estrat\u00e9gia funcional nas redes foi a do atual governador de Nuevo Le\u00f3n, que em 2021, gra\u00e7as \u00e0 sua estrat\u00e9gia digital, obteve o triunfo eleitoral.<\/p>\n\n\n\n<p>Ap\u00f3s o reconhecimento dessas estrat\u00e9gias, os candidatos presidenciais para 2024 no M\u00e9xico come\u00e7aram a usar as redes sociais para compartilhar outros tipos de mensagens que os ajudariam a se posicionar em rela\u00e7\u00e3o aos jovens cidad\u00e3os e, assim, superar a apatia dos eleitores. Pr\u00e9-candidatos como Claudia Sheinbaum, Marcelo Ebrard, Ad\u00e1n Augusto L\u00f3pez, Beatriz Paredes e Samuel Garc\u00eda j\u00e1 t\u00eam uma forte presen\u00e7a nas redes sociais. E, aproveitando o fato de que esse espa\u00e7o ainda n\u00e3o \u00e9 regulamentado pelo Instituto Nacional Eleitoral (INE), sem d\u00favida ir\u00e1 desempenhar um papel fundamental nas pr\u00f3ximas elei\u00e7\u00f5es e abrir\u00e1 uma janela para a democracia na era digital.<\/p>\n\n\n\n<p><em><sub>*Texto apresentado no X Congresso da WAPOR Latinoam\u00e9rica.: www.waporlatinoamerica.org.<\/sub><\/em><\/p>\n","protected":false},"excerpt":{"rendered":"<p>O uso da tecnologia est\u00e1 revolucionando as estrat\u00e9gias eleitorais j\u00e1 que permite estabelecer uma comunica\u00e7\u00e3o inovadora com os cidad\u00e3os.<\/p>\n","protected":false},"author":462,"featured_media":18207,"comment_status":"closed","ping_status":"closed","sticky":false,"template":"","format":"standard","meta":{"_acf_changed":false,"episode_type":"","audio_file":"","cover_image":"","cover_image_id":"","duration":"","filesize":"","filesize_raw":"","date_recorded":"","explicit":"","block":"","itunes_episode_number":"","itunes_title":"","itunes_season_number":"","itunes_episode_type":"","footnotes":""},"categories":[16706,16706,17114,17114,14397,544],"tags":[15638],"gps":[],"class_list":{"0":"post-18245","1":"post","2":"type-post","3":"status-publish","4":"format-standard","5":"has-post-thumbnail","7":"category-mexico-pt-br","9":"category-propaganda-pt-br","11":"category-eleicoes","12":"category-politica-br","13":"tag-eleicoes"},"acf":[],"_links":{"self":[{"href":"https:\/\/latinoamerica21.com\/pt-br\/wp-json\/wp\/v2\/posts\/18245","targetHints":{"allow":["GET"]}}],"collection":[{"href":"https:\/\/latinoamerica21.com\/pt-br\/wp-json\/wp\/v2\/posts"}],"about":[{"href":"https:\/\/latinoamerica21.com\/pt-br\/wp-json\/wp\/v2\/types\/post"}],"author":[{"embeddable":true,"href":"https:\/\/latinoamerica21.com\/pt-br\/wp-json\/wp\/v2\/users\/462"}],"replies":[{"embeddable":true,"href":"https:\/\/latinoamerica21.com\/pt-br\/wp-json\/wp\/v2\/comments?post=18245"}],"version-history":[{"count":0,"href":"https:\/\/latinoamerica21.com\/pt-br\/wp-json\/wp\/v2\/posts\/18245\/revisions"}],"wp:featuredmedia":[{"embeddable":true,"href":"https:\/\/latinoamerica21.com\/pt-br\/wp-json\/wp\/v2\/media\/18207"}],"wp:attachment":[{"href":"https:\/\/latinoamerica21.com\/pt-br\/wp-json\/wp\/v2\/media?parent=18245"}],"wp:term":[{"taxonomy":"category","embeddable":true,"href":"https:\/\/latinoamerica21.com\/pt-br\/wp-json\/wp\/v2\/categories?post=18245"},{"taxonomy":"post_tag","embeddable":true,"href":"https:\/\/latinoamerica21.com\/pt-br\/wp-json\/wp\/v2\/tags?post=18245"},{"taxonomy":"gps","embeddable":true,"href":"https:\/\/latinoamerica21.com\/pt-br\/wp-json\/wp\/v2\/gps?post=18245"}],"curies":[{"name":"wp","href":"https:\/\/api.w.org\/{rel}","templated":true}]}}