{"id":18399,"date":"2023-07-15T08:00:00","date_gmt":"2023-07-15T11:00:00","guid":{"rendered":"https:\/\/latinoamerica21.com\/?p=18399"},"modified":"2023-07-14T18:00:38","modified_gmt":"2023-07-14T21:00:38","slug":"xochitl-galvez-uma-outsider-da-politica-mexicana","status":"publish","type":"post","link":"https:\/\/latinoamerica21.com\/pt-br\/xochitl-galvez-uma-outsider-da-politica-mexicana\/","title":{"rendered":"X\u00f3chitl G\u00e1lvez, uma outsider da pol\u00edtica mexicana?"},"content":{"rendered":"\n<p>At\u00e9 poucas semanas atr\u00e1s, X\u00f3chitl G\u00e1lvez era apenas uma das senadoras da oposi\u00e7\u00e3o e hoje \u00e9 a mais s\u00e9ria aspirante \u00e0 candidatura presidencial na rec\u00e9m-constitu\u00edda Frente Ampla pelo <a href=\"https:\/\/www1.folha.uol.com.br\/folha-topicos\/mexico\/\">M\u00e9xico<\/a>, integrada pelo Partido A\u00e7\u00e3o Nacional (PAN), o Partido Revolucion\u00e1rio Institucional (PRI) e o Partido da Revolu\u00e7\u00e3o Democr\u00e1tica (PRD).<\/p>\n\n\n\n<p>Apesar de ter passado despercebida at\u00e9 pouco tempo atr\u00e1s, um evento na pol\u00edtica autorit\u00e1ria do presidente a catapultou para o centro das aten\u00e7\u00f5es. Andr\u00e9s Manuel L\u00f3pez Obrador, em um excesso durante sua confer\u00eancia di\u00e1ria, apontou-a pelo nome e sobrenome como uma das pol\u00edticas que se opuseram \u00e0 vig\u00eancia dos programas sociais como a Pensi\u00f3n a los Adultos Mayores, J\u00f3venes Escribiendo el Futuro e Sembrando Vida, entre outros.&nbsp;<\/p>\n\n\n\n<p>Essa alega\u00e7\u00e3o, que se revelou uma mentira, foi levada a inst\u00e2ncias judiciais e um juiz concedeu \u00e0 senadora o direito de resposta. Em seguida, ela se dirigiu ao Pal\u00e1cio Nacional, onde \u00e9 celebrada a confer\u00eancia di\u00e1ria, bateu \u00e0 porta, mas n\u00e3o foi atendida, e essa rejei\u00e7\u00e3o a visibilizou como poss\u00edvel candidata \u00e0 frente presidencial.<\/p>\n\n\n\n<p>X\u00f3chitl G\u00e1lvez vem da popula\u00e7\u00e3o Otom\u00ed do estado de Hidalgo, uma das mais pobres do pa\u00eds. Quando crian\u00e7a, trabalhou para sustentar a fam\u00edlia e, ainda muito jovem, migrou para a Cidade do M\u00e9xico, onde, gra\u00e7as a uma bolsa de estudos, estudou na Faculdade de Engenharia da Universidade Nacional Aut\u00f4noma do M\u00e9xico (UNAM), tornando-se mais tarde uma empres\u00e1ria de rob\u00f3tica. X\u00f3chitl G\u00e1lvez, no entanto, n\u00e3o perdeu o contato com sua comunidade e, mais tarde, trabalhou durante o governo de Vicente Fox como comiss\u00e1ria nacional para os povos ind\u00edgenas, fun\u00e7\u00e3o que a levou a iniciar sua carreira pol\u00edtica.<\/p>\n\n\n\n<p>Posteriormente, foi chefe da delega\u00e7\u00e3o da Cidade do M\u00e9xico, candidata malsucedida a governadora de seu estado e senadora, mas sem pertencer a um partido pol\u00edtico, o que, para alguns observadores, a posiciona como uma <em>outsider<\/em> da pol\u00edtica mexicana.<\/p>\n\n\n\n<p>Desde o Senado da Rep\u00fablica, ela tem trabalhado para alcan\u00e7ar a nomea\u00e7\u00e3o da oposi\u00e7\u00e3o para chefe de governo da Cidade do M\u00e9xico, e as pesquisas de inten\u00e7\u00e3o de voto a colocam nos primeiros lugares. No entanto, ap\u00f3s a recusa no Pal\u00e1cio Nacional, ela decidiu buscar a candidatura \u00e0 Presid\u00eancia da Rep\u00fablica em 2024. E hoje sua figura se destaca entre os aspirantes n\u00e3o partid\u00e1rios.<\/p>\n\n\n\n<p>A visibilidade de G\u00e1lvez causou alarme no Pal\u00e1cio Nacional e entre os chamados &#8220;corcholatas&#8221;, como s\u00e3o conhecidos os candidatos pr\u00f3-governo, que est\u00e3o percorrendo o pa\u00eds para que, no final de agosto, uma pesquisa decida qual dos seis aspirantes ser\u00e1 o candidato. Trata-se da ex-chefe de governo da Cidade do M\u00e9xico, Claudia Sheinbaum; o ex-ministro das Rela\u00e7\u00f5es Exteriores, Marcelo Ebrard; o ex-ministro do Interior, Ad\u00e1n Augusto L\u00f3pez, e os senadores Ricardo Monreal e Manuel Velasco, al\u00e9m do deputado federal Gerardo Fern\u00e1ndez.<\/p>\n\n\n\n<p>Atualmente, X\u00f3chitl G\u00e1lvez est\u00e1 em todos os meios, enquanto a presen\u00e7a dos &#8220;corcholatas&#8221; est\u00e1 diminuindo e \u00e9 prov\u00e1vel que isso continue at\u00e9 o final de agosto. Isso levou a Presid\u00eancia a lan\u00e7ar uma forte campanha contra a candidata e os meios favor\u00e1veis ao governo, com algumas cr\u00edticas que beiram <a href=\"https:\/\/elpais.com\/mexico\/2023-07-11\/xochitl-galvez-denuncia-a-lopez-obrador-ante-el-ine-por-violencia-politica-de-genero.html\">a viol\u00eancia de g\u00eanero e a misoginia<\/a>. N\u00e3o se deve esquecer que, no in\u00edcio do mandato, a senadora rejeitou, por causa de sua &#8220;voz independente&#8221;, um convite de L\u00f3pez Obrador para participar de seu governo.<\/p>\n\n\n\n<p>Um aspecto que est\u00e1 funcionando contra a candidata s\u00e3o os m\u00e9todos usados para produzir seu candidato(a) presidencial, j\u00e1 que oficialmente a campanha eleitoral n\u00e3o come\u00e7a at\u00e9 a \u00faltima semana de novembro. O que vem acontecendo, de ambos os lados, s\u00e3o atos de pr\u00e9-campanha, o que provocou rea\u00e7\u00f5es e cr\u00edticas como as do partido Movimiento Ciudadano. Seus dirigentes consideram que o princ\u00edpio da concorr\u00eancia leal est\u00e1 sendo violado e que o sistema de justi\u00e7a eleitoral deveria intervir.<\/p>\n\n\n\n<p>Em suma, <a href=\"https:\/\/latinoamerica21.com\/br\/o-mexico-e-a-ciberpolitica-rumo-a-2024\/\">a corrida para a Presid\u00eancia da Rep\u00fablica j\u00e1 come\u00e7ou<\/a> com uma grande distribui\u00e7\u00e3o de recursos entre os candidatos &#8220;corcholatas&#8221; e os aspirantes da oposi\u00e7\u00e3o, que se dividem entre aqueles que poderiam ser considerados &#8220;partid\u00e1rios&#8221; e os <em>outsiders<\/em>, incluindo X\u00f3chitl G\u00e1lvez.<\/p>\n\n\n\n<p>A final est\u00e1 se desenhando entre duas formadas da UNAM: a f\u00edsica Claudia Sheinbaum e a engenheira de computa\u00e7\u00e3o X\u00f3chitl G\u00e1lvez.<\/p>\n","protected":false},"excerpt":{"rendered":"<p>A visibilidade de G\u00e1lvez, que ganhou relev\u00e2ncia ap\u00f3s uma acusa\u00e7\u00e3o direta de L\u00f3pez Obrador, causou alarme no partido governista. <\/p>\n","protected":false},"author":331,"featured_media":18388,"comment_status":"closed","ping_status":"closed","sticky":false,"template":"","format":"standard","meta":{"_acf_changed":false,"episode_type":"","audio_file":"","cover_image":"","cover_image_id":"","duration":"","filesize":"","filesize_raw":"","date_recorded":"","explicit":"","block":"","itunes_episode_number":"","itunes_title":"","itunes_season_number":"","itunes_episode_type":"","footnotes":""},"categories":[16706,17010,16711,16719,14397,544],"tags":[],"gps":[],"class_list":{"0":"post-18399","1":"post","2":"type-post","3":"status-publish","4":"format-standard","5":"has-post-thumbnail","7":"category-mexico-pt-br","8":"category-outsiders-es-pt-br","9":"category-elecciones-pt-br","10":"category-debates-pt-br","11":"category-eleicoes","12":"category-politica-br"},"acf":[],"_links":{"self":[{"href":"https:\/\/latinoamerica21.com\/pt-br\/wp-json\/wp\/v2\/posts\/18399","targetHints":{"allow":["GET"]}}],"collection":[{"href":"https:\/\/latinoamerica21.com\/pt-br\/wp-json\/wp\/v2\/posts"}],"about":[{"href":"https:\/\/latinoamerica21.com\/pt-br\/wp-json\/wp\/v2\/types\/post"}],"author":[{"embeddable":true,"href":"https:\/\/latinoamerica21.com\/pt-br\/wp-json\/wp\/v2\/users\/331"}],"replies":[{"embeddable":true,"href":"https:\/\/latinoamerica21.com\/pt-br\/wp-json\/wp\/v2\/comments?post=18399"}],"version-history":[{"count":0,"href":"https:\/\/latinoamerica21.com\/pt-br\/wp-json\/wp\/v2\/posts\/18399\/revisions"}],"wp:featuredmedia":[{"embeddable":true,"href":"https:\/\/latinoamerica21.com\/pt-br\/wp-json\/wp\/v2\/media\/18388"}],"wp:attachment":[{"href":"https:\/\/latinoamerica21.com\/pt-br\/wp-json\/wp\/v2\/media?parent=18399"}],"wp:term":[{"taxonomy":"category","embeddable":true,"href":"https:\/\/latinoamerica21.com\/pt-br\/wp-json\/wp\/v2\/categories?post=18399"},{"taxonomy":"post_tag","embeddable":true,"href":"https:\/\/latinoamerica21.com\/pt-br\/wp-json\/wp\/v2\/tags?post=18399"},{"taxonomy":"gps","embeddable":true,"href":"https:\/\/latinoamerica21.com\/pt-br\/wp-json\/wp\/v2\/gps?post=18399"}],"curies":[{"name":"wp","href":"https:\/\/api.w.org\/{rel}","templated":true}]}}