{"id":18402,"date":"2023-07-16T05:00:00","date_gmt":"2023-07-16T08:00:00","guid":{"rendered":"https:\/\/latinoamerica21.com\/?p=18402"},"modified":"2023-07-14T18:39:31","modified_gmt":"2023-07-14T21:39:31","slug":"ha-democracia-na-guatemala","status":"publish","type":"post","link":"https:\/\/latinoamerica21.com\/pt-br\/ha-democracia-na-guatemala\/","title":{"rendered":"H\u00e1 democracia na Guatemala?"},"content":{"rendered":"\n<p>Tr\u00eas semanas ap\u00f3s o primeiro turno das elei\u00e7\u00f5es, que colocou Sandra Torres e Bernardo Ar\u00e9valo no segundo turno de forma extraoficial, devido \u00e0 falta de confirma\u00e7\u00e3o do Tribunal Superior Eleitoral (TSE), em <a href=\"https:\/\/www1.folha.uol.com.br\/mundo\/2023\/07\/supremo-da-guatemala-reverte-suspensao-de-partido-apos-bate-cabeca-judicial.shtml\">12 de julho um juiz suspendeu o Partido Semente (PS)<\/a>, ap\u00f3s um processo criminal movido pelo promotor Rafael Curruchiche, por supostos atos de corrup\u00e7\u00e3o cometidos por apresentar \u201cassinaturas falsas\u201d. Isso foi condenado por diversos atores pol\u00edticos e pela comunidade internacional, pois deixa a candidatura de Arevalo em aberto, j\u00e1 que sem um partido ele n\u00e3o poderia participar da disputa.&nbsp;&nbsp;<\/p>\n\n\n\n<p>Essas elei\u00e7\u00f5es eram um desafio importante para a Guatemala. Esperava-se que o pa\u00eds superasse a crise democr\u00e1tica sofrida nas elei\u00e7\u00f5es de 2019, ap\u00f3s o desastre organizacional do processo eleitoral, em que at\u00e9 a Organiza\u00e7\u00e3o dos Estados Americanos (OEA) emitiu um relat\u00f3rio severo de conclus\u00f5es sobre a vulnerabilidade eleitoral desse pa\u00eds centro-americano.<\/p>\n\n\n\n<p>Com uma nova composi\u00e7\u00e3o do Tribunal Superior Eleitoral (TSE), renovou-se a esperan\u00e7a de um processo eleitoral em que a certeza seria uma constante no sentir de atores pol\u00edticos, seus partidos, poderes e candidatos. Entretanto, v\u00e1rios eventos minaram a confian\u00e7a na organiza\u00e7\u00e3o eleitoral.&nbsp;<\/p>\n\n\n\n<p>Em primeiro lugar, das 23 candidaturas presidenciais, foram eliminadas algumas que aparentemente tinham altos n\u00edveis de competitividade, como no caso de Carlos Pineda, candidato de Prosperidad Ciudadana, que foi \u201cremovido\u201d da corrida pelo Tribunal Constitucional, por um recurso apresentado pelo Partido Cambio, que impugnou a elei\u00e7\u00e3o interna do candidato presidencial.<\/p>\n\n\n\n<p>Uma pesquisa publicada pelo jornal Prensa Libre no in\u00edcio de maio, realizada entre 14 e 23 de abril, deu a Pineda mais de 23% dos votos, \u00e0 frente de Sandra Torres, da Unidad Nacional de la Esperanza (UNE). Outro caso \u00e9 o do ex-candidato Roberto Arz\u00fa, que foi desqualificado por supostamente fazer campanha antecipada.&nbsp;<\/p>\n\n\n\n<p>Ademais, meses antes do in\u00edcio do processo eleitoral, foram documentadas diversas condutas contr\u00e1rias \u00e0 liberdade de express\u00e3o, como \u00e9 o caso da pris\u00e3o de Jos\u00e9 Rub\u00e9n Zamora, um jornalista que havia denunciado atos de corrup\u00e7\u00e3o por parte de v\u00e1rios atores pol\u00edticos.<\/p>\n\n\n\n<p>Diante desse clima de instabilidade pol\u00edtica e polariza\u00e7\u00e3o, as elei\u00e7\u00f5es ocorreram em 25 de junho, com destaque \u00e0 participa\u00e7\u00e3o de pouco mais de 60% das pessoas credenciadas para votar, em um ambiente de calma e boa organiza\u00e7\u00e3o eleitoral. Contr\u00e1rio ao que ocorreu em 2019, o sistema de transmiss\u00e3o de dados e resultados eleitorais funcionou e dotou de certeza e tranquilidade \u00e0 popula\u00e7\u00e3o em geral. O programa de computador Transmiss\u00e3o de Resultados Eleitorais (TREP) mostrou que as candidaturas de Sandra Torres e Bernardo Ar\u00e9valo se enfrentariam em um segundo turno que ocorrer\u00e1 em 20 de agosto.<\/p>\n\n\n\n<p><strong>Atos posteriores \u00e0s elei\u00e7\u00f5es<\/strong><\/p>\n\n\n\n<p>Apesar do bom andamento da elei\u00e7\u00e3o, certos atos posteriores come\u00e7aram a obscurecer o processo. A aceita\u00e7\u00e3o de um amparo provisional diante da Corte Constitucional para que se ampliem os processos de impugna\u00e7\u00e3o e se revisem os resultados, impediu o TSE de declarar os candidatos ganhadores e, portanto, de determinar oficialmente a celebra\u00e7\u00e3o do segundo turno.&nbsp;<\/p>\n\n\n\n<p>Isso intensificou o clima de polariza\u00e7\u00e3o e levantou suspeitas de que os entes de poder teriam achado inc\u00f4moda a candidatura de Bernardo Ar\u00e9valo, aspirante do Partido Semilla, que se mostrou distante das pol\u00edticas tradicionais do pa\u00eds. A candidatura do social-democrata tem mantido uma linha discursiva progressista, mas tem sido inconsequente nas pesquisas.&nbsp;<\/p>\n\n\n\n<p>No entanto, devido \u00e0 sua ascens\u00e3o e \u00e0 crise gerada, o pr\u00f3prio Ar\u00e9valo expressou uma tentativa de subtrair votos para favorecer o candidato do governo, Manuel Conde, ou de atrasar o processo legal para que seja o \u00fanico a escolher o bin\u00f4mio presidencial em 14 de janeiro de 2024.<\/p>\n\n\n\n<p>De fato, miss\u00f5es internacionais de Observa\u00e7\u00e3o Eleitoral apontaram insistentemente as fraquezas do Tribunal Superior Eleitoral (TSE) e <a href=\"https:\/\/latinoamerica21.com\/br\/guatemala-celebra-eleicoes-fabricadas-pelo-sistema\/\">a interfer\u00eancia do governo em suas decis\u00f5es<\/a>. Isso foi agravado pelo evidente desconforto de algumas for\u00e7as dentro do TSE com a observa\u00e7\u00e3o eleitoral, especificamente o departamento de fortalecimento da coopera\u00e7\u00e3o, que bloqueou o trabalho de v\u00e1rias miss\u00f5es independentes.&nbsp;&nbsp;<\/p>\n\n\n\n<p>A pergunta que nos fazemos ent\u00e3o \u00e9: o que deve ser ocultado da comunidade internacional?<\/p>\n","protected":false},"excerpt":{"rendered":"<p>Tr\u00eas semanas antes do primeiro turno das elei\u00e7\u00f5es, em 12 de julho, um juiz suspendeu o Partido Semente (PS) por supostos atos de corrup\u00e7\u00e3o cometidos por apresentar &#8220;assinaturas falsas&#8221;.<\/p>\n","protected":false},"author":385,"featured_media":18397,"comment_status":"closed","ping_status":"closed","sticky":false,"template":"","format":"standard","meta":{"_acf_changed":false,"episode_type":"","audio_file":"","cover_image":"","cover_image_id":"","duration":"","filesize":"","filesize_raw":"","date_recorded":"","explicit":"","block":"","itunes_episode_number":"","itunes_title":"","itunes_season_number":"","itunes_episode_type":"","footnotes":""},"categories":[16770,16770,16739,16711,16711,16739,14397,544],"tags":[],"gps":[],"class_list":{"0":"post-18402","1":"post","2":"type-post","3":"status-publish","4":"format-standard","5":"has-post-thumbnail","7":"category-democracia-pt-br","9":"category-guatemala-pt-br","10":"category-elecciones-pt-br","13":"category-eleicoes","14":"category-politica-br"},"acf":[],"_links":{"self":[{"href":"https:\/\/latinoamerica21.com\/pt-br\/wp-json\/wp\/v2\/posts\/18402","targetHints":{"allow":["GET"]}}],"collection":[{"href":"https:\/\/latinoamerica21.com\/pt-br\/wp-json\/wp\/v2\/posts"}],"about":[{"href":"https:\/\/latinoamerica21.com\/pt-br\/wp-json\/wp\/v2\/types\/post"}],"author":[{"embeddable":true,"href":"https:\/\/latinoamerica21.com\/pt-br\/wp-json\/wp\/v2\/users\/385"}],"replies":[{"embeddable":true,"href":"https:\/\/latinoamerica21.com\/pt-br\/wp-json\/wp\/v2\/comments?post=18402"}],"version-history":[{"count":0,"href":"https:\/\/latinoamerica21.com\/pt-br\/wp-json\/wp\/v2\/posts\/18402\/revisions"}],"wp:featuredmedia":[{"embeddable":true,"href":"https:\/\/latinoamerica21.com\/pt-br\/wp-json\/wp\/v2\/media\/18397"}],"wp:attachment":[{"href":"https:\/\/latinoamerica21.com\/pt-br\/wp-json\/wp\/v2\/media?parent=18402"}],"wp:term":[{"taxonomy":"category","embeddable":true,"href":"https:\/\/latinoamerica21.com\/pt-br\/wp-json\/wp\/v2\/categories?post=18402"},{"taxonomy":"post_tag","embeddable":true,"href":"https:\/\/latinoamerica21.com\/pt-br\/wp-json\/wp\/v2\/tags?post=18402"},{"taxonomy":"gps","embeddable":true,"href":"https:\/\/latinoamerica21.com\/pt-br\/wp-json\/wp\/v2\/gps?post=18402"}],"curies":[{"name":"wp","href":"https:\/\/api.w.org\/{rel}","templated":true}]}}