{"id":1846,"date":"2020-06-17T12:33:13","date_gmt":"2020-06-17T15:33:13","guid":{"rendered":"http:\/\/latinoamerica21.com\/?p=1846"},"modified":"2024-06-21T07:57:43","modified_gmt":"2024-06-21T10:57:43","slug":"a-dimensao-geopolitica-do-acordo-entre-o-mercosul-e-a-uniao-europeia","status":"publish","type":"post","link":"https:\/\/latinoamerica21.com\/pt-br\/a-dimensao-geopolitica-do-acordo-entre-o-mercosul-e-a-uniao-europeia\/","title":{"rendered":"A dimens\u00e3o geopol\u00edtica do acordo Mercosul-UE"},"content":{"rendered":"\n<p>O acordo entre o Mercosul e a Uni\u00e3o Europeia \u00e9 criticado como projeto neocolonial ou tratado vampiro. Sob essa perspectiva, com a assinatura do acordo a Uni\u00e3o Europeia explorar\u00e1 e oprimir\u00e1 os pa\u00edses do Mercosul. O acordo decerto produzir\u00e1 ganhadores e perdedores, de ambos lados, mas, de acordo com um estudo da London School of Economics, realizado a pedido da Uni\u00e3o Europeia, o com\u00e9rcio em geral vai crescer e a prosperidade das duas regi\u00f5es aumentar\u00e1, se bem que de maneira modesta. \u00c9 importante aproveitar as oportunidades e n\u00e3o tratar apenas dos riscos. Os acordos comerciais n\u00e3o impedem que os governos adotem pol\u00edticas proativas para melhorar a competitividade das empresas nacionais (o que inclui aumentar as verbas para a ci\u00eancia e o desenvolvimento de novas tecnologias), e para promover as exporta\u00e7\u00f5es; especialmente por o acordo conferir prazos longos de transi\u00e7\u00e3o para determinados setores.<\/p>\n\n\n\n<p>\u00c9 necess\u00e1rio superar o bairrismo nacional, tanto na Am\u00e9rica do Sul quanto na Europa, e contemplar o acordo de uma perspectiva geoecon\u00f4mica e geopol\u00edtica. Am\u00e9rica do Sul e Europa devem se posicionar em um mundo marcado por um confronto cada vez mais forte entre a China e os Estados Unidos. \u00c9 preciso defender o multilateralismo e um sistema internacional baseado em regras e normas vinculantes para todos (por exemplo na \u00e1rea de com\u00e9rcio e de padr\u00f5es ambientais). Os estados sul-americanos precisam cooperar para ter uma voz na pol\u00edtica internacional e para defender sua autonomia. O Mercosul precisa da ancoragem externa da Uni\u00e3o Europeia; em caso contr\u00e1rio cresce o risco de que o bloco econ\u00f4mico desmorone.<\/p>\n\n\n\n<p>A Uni\u00e3o Europeia n\u00e3o \u00e9 o parceiro comercial mais importante e nem o principal comprador de mat\u00e9rias-primas do Uni\u00e3o Europeia; essa posi\u00e7\u00e3o cabe \u00e0 China. Isso se aplica especialmente \u00e0 carne bovina e a produtos agr\u00edcolas como a soja, cujo cultivo est\u00e1 vinculado ao desflorestamento da Amaz\u00f4nia. A China tamb\u00e9m \u00e9 o principal exportador de produtos industriais que concorrem com os dos fabricantes nacionais do Mercosul. O ex-presidente uruguaio Jos\u00e9 \u201cPepe\u201d Mujica, um dos l\u00edderes intelectuais da esquerda latino-americana, reivindicou repetidamente que a Europa deve buscar equilibrar a influ\u00eancia chinesa na Am\u00e9rica Latina, e respaldou explicitamente o acordo entre o Mercosul e a Uni\u00e3o Europeia.<\/p>\n\n\n\n<blockquote class=\"wp-block-quote is-layout-flow wp-block-quote-is-layout-flow\"><p>O acordo permite que a Uni\u00e3o Europeia se afirme geoecon\u00f4mica e geopoliticamente na Am\u00e9rica do Sul, contra a China e os Estados Unidos, para defender um sistema de com\u00e9rcio mundial aberto e baseado em regras.<\/p><\/blockquote>\n\n\n\n<p>A Uni\u00e3o Europeia \u00e9 o segundo parceiro comercial mais importante do Mercosul, adiante dos Estados Unidos. E as empresas europeias s\u00e3o os investidores estrangeiros mais importantes na regi\u00e3o. O acordo permite que a Uni\u00e3o Europeia se afirme geoecon\u00f4mica e geopoliticamente na Am\u00e9rica do Sul, contra a China e os Estados Unidos, para defender um sistema de com\u00e9rcio mundial aberto e baseado em regras. O acordo permite que as normas ambientais europeias sejam aplicadas \u00e0 Am\u00e9rica do Sul, ao menos para os produtos de exporta\u00e7\u00e3o \u00e0 Uni\u00e3o Europeia.<\/p>\n\n\n\n<p>Os acordos comerciais podem, al\u00e9m disso, proporcionar uma alavanca pol\u00edtica que ser\u00e1 poss\u00edvel utilizar quando necess\u00e1rio. \u00c9 mais f\u00e1cil proteger a selva amaz\u00f4nica se o Brasil e os demais pa\u00edses do Mercosul forem parte de um acordo que inclui um compromisso de implementar as medidas do Acordo de Paris para redu\u00e7\u00e3o das emiss\u00f5es dos gases causadores do efeito estufa (entre as quais uma redu\u00e7\u00e3o do desflorestamento). O acordo facilita a expans\u00e3o e aprofundamento das redes de prote\u00e7\u00e3o ambiental entre a Am\u00e9rica do Sul e a Europa, e atenua a reivindica\u00e7\u00e3o de soberania absoluta sobre o meio ambiente em territ\u00f3rio nacional. A prote\u00e7\u00e3o ao meio ambiente e o com\u00e9rcio n\u00e3o s\u00e3o mutuamente excludentes. A Europa tem peso como pot\u00eancia comercial, e a Uni\u00e3o Europeia tem um poder de gest\u00e3o que deveria utilizar. Mas, da perspectiva europeia, tamb\u00e9m existem limites claros para um acordo. Se um governo se nega a cumprir suas obriga\u00e7\u00f5es internacionais ou destr\u00f3i seu sistema democr\u00e1tico, n\u00e3o haver\u00e1 acordo com esse pa\u00eds.<\/p>\n\n\n\n<p><em>Foto de la Casa de Am\u00e9rica em Foter.com \/ CC BY-NC-ND<\/em><\/p>\n","protected":false},"excerpt":{"rendered":"<p>O acordo entre o Mercosul e a Uni\u00e3o Europeia \u00e9 criticado como projeto neocolonial ou tratado vampiro. O acordo decerto produzir\u00e1 ganhadores e perdedores, de ambos lados, mas, de acordo com um estudo da LSE, o com\u00e9rcio em geral vai crescer e a prosperidade das duas regi\u00f5es aumentar\u00e1, se bem que de maneira modesta. <\/p>\n","protected":false},"author":70,"featured_media":1843,"comment_status":"closed","ping_status":"closed","sticky":false,"template":"","format":"standard","meta":{"_acf_changed":false,"episode_type":"","audio_file":"","cover_image":"","cover_image_id":"","duration":"","filesize":"","filesize_raw":"","date_recorded":"","explicit":"","block":"","itunes_episode_number":"","itunes_title":"","itunes_season_number":"","itunes_episode_type":"","footnotes":""},"categories":[16742,16798,14460],"tags":[15839],"gps":[],"class_list":{"0":"post-1846","1":"post","2":"type-post","3":"status-publish","4":"format-standard","5":"has-post-thumbnail","7":"category-comercio-pt-br","8":"category-mercosur-pt-br","9":"category-mercosul","10":"tag-ideias-pt-br"},"acf":[],"_links":{"self":[{"href":"https:\/\/latinoamerica21.com\/pt-br\/wp-json\/wp\/v2\/posts\/1846","targetHints":{"allow":["GET"]}}],"collection":[{"href":"https:\/\/latinoamerica21.com\/pt-br\/wp-json\/wp\/v2\/posts"}],"about":[{"href":"https:\/\/latinoamerica21.com\/pt-br\/wp-json\/wp\/v2\/types\/post"}],"author":[{"embeddable":true,"href":"https:\/\/latinoamerica21.com\/pt-br\/wp-json\/wp\/v2\/users\/70"}],"replies":[{"embeddable":true,"href":"https:\/\/latinoamerica21.com\/pt-br\/wp-json\/wp\/v2\/comments?post=1846"}],"version-history":[{"count":0,"href":"https:\/\/latinoamerica21.com\/pt-br\/wp-json\/wp\/v2\/posts\/1846\/revisions"}],"wp:featuredmedia":[{"embeddable":true,"href":"https:\/\/latinoamerica21.com\/pt-br\/wp-json\/wp\/v2\/media\/1843"}],"wp:attachment":[{"href":"https:\/\/latinoamerica21.com\/pt-br\/wp-json\/wp\/v2\/media?parent=1846"}],"wp:term":[{"taxonomy":"category","embeddable":true,"href":"https:\/\/latinoamerica21.com\/pt-br\/wp-json\/wp\/v2\/categories?post=1846"},{"taxonomy":"post_tag","embeddable":true,"href":"https:\/\/latinoamerica21.com\/pt-br\/wp-json\/wp\/v2\/tags?post=1846"},{"taxonomy":"gps","embeddable":true,"href":"https:\/\/latinoamerica21.com\/pt-br\/wp-json\/wp\/v2\/gps?post=1846"}],"curies":[{"name":"wp","href":"https:\/\/api.w.org\/{rel}","templated":true}]}}