{"id":18493,"date":"2023-07-19T08:00:00","date_gmt":"2023-07-19T11:00:00","guid":{"rendered":"https:\/\/latinoamerica21.com\/?p=18493"},"modified":"2023-07-19T01:46:35","modified_gmt":"2023-07-19T04:46:35","slug":"o-retorno-da-militarizacao-da-seguranca-publica-em-honduras","status":"publish","type":"post","link":"https:\/\/latinoamerica21.com\/pt-br\/o-retorno-da-militarizacao-da-seguranca-publica-em-honduras\/","title":{"rendered":"O retorno da militariza\u00e7\u00e3o da seguran\u00e7a p\u00fablica em Honduras"},"content":{"rendered":"\n<p>No \u00faltimo 20 de junho, ocorreu uma brutal revolta que resultou na morte de 46 detentas na penitenci\u00e1ria central de T\u00e1mara, a poucos quil\u00f4metros ao norte da capital, Tegucigalpa. Segundo os relat\u00f3rios dos principais meios de comunica\u00e7\u00e3o do pa\u00eds, os eventos foram o resultado de um atentado planejado por um grupo de integrantes da gangue Barrio18 contra detentas da MS13, a gangue opositora.<\/p>\n\n\n\n<p>Ap\u00f3s esse massacre, que foi o terceiro mais letal na hist\u00f3ria carcer\u00e1ria do pa\u00eds centro-americano, a presidenta Xiomara Castro anunciou uma s\u00e9rie de &#8220;medidas dr\u00e1sticas&#8221; (como ela as denominou), incluindo a <a href=\"https:\/\/www1.folha.uol.com.br\/mundo\/2023\/06\/a-polemica-militarizacao-dos-presidios-de-honduras-apos-massacre-de-detentas.shtml\">militariza\u00e7\u00e3o das penitenci\u00e1rias<\/a>, toques de recolher, incurs\u00f5es e deten\u00e7\u00f5es com o objetivo de enfrentar as gangues, recuperar o controle nas penitenci\u00e1rias e desmantelar as redes de comunica\u00e7\u00e3o que os reclusos constru\u00edram por meio de subornos \u00e0s autoridades carcer\u00e1rias. Essas a\u00e7\u00f5es se somam ao <a href=\"https:\/\/www.coyuntura.co\/post\/militarizaci%C3%B3n-y-torturas-desencadenan-crisis-de-derechos-humanos-desde-las-c%C3%A1rceles-de-honduras\">estado de exce\u00e7\u00e3o que est\u00e1 em vigor em grande parte do pa\u00eds desde dezembro de 2022<\/a> e que acaba de ser prorrogado pela quinta vez.<\/p>\n\n\n\n<p>De forma imediata, Castro destituiu seu ministro da seguran\u00e7a, Ram\u00f3n Sabill\u00f3n, respons\u00e1vel por descobrir as conex\u00f5es entre o ex-presidente Hern\u00e1ndez com o narcotr\u00e1fico e por supervisionar a extradi\u00e7\u00e3o do ex-presidente para os Estados Unidos em abril de 2022. Em seu lugar, Castro nomeou o general Gustavo S\u00e1nchez, que at\u00e9 ent\u00e3o era o diretor da pol\u00edcia de <a href=\"https:\/\/www1.folha.uol.com.br\/folha-topicos\/honduras\/\">Honduras<\/a>. Essa decis\u00e3o foi acompanhada pela dissolu\u00e7\u00e3o da comiss\u00e3o especial para limpar as pris\u00f5es, que, embora tenha realizado diagn\u00f3sticos da situa\u00e7\u00e3o, n\u00e3o tomou nenhuma medida para responder aos problemas urgentes que a originaram.<\/p>\n\n\n\n<p>Esses eventos e as medidas adotadas em decorr\u00eancia deles destacam tr\u00eas quest\u00f5es relevantes. A primeira, e sem d\u00favida a mais preocupante, \u00e9 a incapacidade do Estado de responder a uma de suas fun\u00e7\u00f5es b\u00e1sicas, que \u00e9 oferecer seguran\u00e7a a seus cidad\u00e3os. Os eventos violentos que ocorreram nas \u00faltimas semanas refletem o aprofundamento da crise de seguran\u00e7a p\u00fablica que atravessa o pa\u00eds e a crescente eros\u00e3o democr\u00e1tica das institui\u00e7\u00f5es, que est\u00e3o assoladas pela corrup\u00e7\u00e3o e pelo narcotr\u00e1fico.<\/p>\n\n\n\n<p>Em segundo lugar, a decis\u00e3o de colocar a Pol\u00edcia Militar de Ordem P\u00fablica (PMOP) no comando da seguran\u00e7a p\u00fablica foi, sem d\u00favida, uma das mais pol\u00eamicas no contexto dessa crise, pois a pol\u00edcia militar foi criada pelo ex-presidente Hern\u00e1ndez como uma esp\u00e9cie de guarda pretoriana que respondia diretamente a ele. O fortalecimento dessa for\u00e7a militar foi uma surpresa, pois Xiomara Castro questionou fortemente seu desempenho na seguran\u00e7a p\u00fablica no passado, tanto como candidata \u00e0 presid\u00eancia quanto, antes disso, como l\u00edder da oposi\u00e7\u00e3o.<\/p>\n\n\n\n<p>Embora as pol\u00edticas de &#8220;mano dura&#8221; n\u00e3o sejam novas em Honduras (est\u00e3o em vigor desde o governo de Ricardo Maduro) nem na regi\u00e3o centroamericana, a decis\u00e3o de militarizar a seguran\u00e7a p\u00fablica e a implementa\u00e7\u00e3o dessas medidas despertaram a preocupa\u00e7\u00e3o da comunidade internacional, especialmente dos organismos de direitos humanos. Esses \u00faltimos manifestaram que a repress\u00e3o n\u00e3o \u00e9 o caminho para enfrentar o problema estrutural da viol\u00eancia e da ingovernabilidade nos centros penais; pelo contr\u00e1rio, sua implementa\u00e7\u00e3o no passado levou a graves viola\u00e7\u00f5es de direitos humanos e demonstrou ser completamente ineficaz no controle e combate ao crime e \u00e0 viol\u00eancia.<\/p>\n\n\n\n<p>Por fim, a implementa\u00e7\u00e3o dessas medidas pelo governo de Honduras, bem como a divulga\u00e7\u00e3o de imagens de prisioneiros descal\u00e7os e com o peito descoberto nas penitenci\u00e1rias, sob a cust\u00f3dia dos militares, parecem emular os procedimentos realizados pelo atual presidente salvadorenho.<\/p>\n\n\n\n<p>Entretanto, ser\u00e1 que o modelo Bukele \u00e9 a solu\u00e7\u00e3o para enfrentar os problemas de seguran\u00e7a na Am\u00e9rica Central? Sem d\u00favida, as medidas adotadas por Xiomara Castro e seu gabinete para lidar com a crise de seguran\u00e7a p\u00fablica do pa\u00eds sugerem que o governo de Honduras acredita que sim.<\/p>\n","protected":false},"excerpt":{"rendered":"<p>Embora as pol\u00edticas de &#8220;mano dura&#8221; n\u00e3o sejam novas em Honduras, a decis\u00e3o de militarizar a seguran\u00e7a p\u00fablica e a execu\u00e7\u00e3o dessas medidas despertou preocupa\u00e7\u00f5es na comunidade internacional.<\/p>\n","protected":false},"author":466,"featured_media":18483,"comment_status":"closed","ping_status":"closed","sticky":false,"template":"","format":"standard","meta":{"_acf_changed":false,"episode_type":"","audio_file":"","cover_image":"","cover_image_id":"","duration":"","filesize":"","filesize_raw":"","date_recorded":"","explicit":"","block":"","itunes_episode_number":"","itunes_title":"","itunes_season_number":"","itunes_episode_type":"","footnotes":""},"categories":[17105,16854,16918,16719,14469,544],"tags":[],"gps":[],"class_list":{"0":"post-18493","1":"post","2":"type-post","3":"status-publish","4":"format-standard","5":"has-post-thumbnail","7":"category-seguridad-publica-pt-br","8":"category-militarizacion-pt-br","9":"category-honduras-es-pt-br","10":"category-debates-pt-br","11":"category-militarizacao","12":"category-politica-br"},"acf":[],"_links":{"self":[{"href":"https:\/\/latinoamerica21.com\/pt-br\/wp-json\/wp\/v2\/posts\/18493","targetHints":{"allow":["GET"]}}],"collection":[{"href":"https:\/\/latinoamerica21.com\/pt-br\/wp-json\/wp\/v2\/posts"}],"about":[{"href":"https:\/\/latinoamerica21.com\/pt-br\/wp-json\/wp\/v2\/types\/post"}],"author":[{"embeddable":true,"href":"https:\/\/latinoamerica21.com\/pt-br\/wp-json\/wp\/v2\/users\/466"}],"replies":[{"embeddable":true,"href":"https:\/\/latinoamerica21.com\/pt-br\/wp-json\/wp\/v2\/comments?post=18493"}],"version-history":[{"count":0,"href":"https:\/\/latinoamerica21.com\/pt-br\/wp-json\/wp\/v2\/posts\/18493\/revisions"}],"wp:featuredmedia":[{"embeddable":true,"href":"https:\/\/latinoamerica21.com\/pt-br\/wp-json\/wp\/v2\/media\/18483"}],"wp:attachment":[{"href":"https:\/\/latinoamerica21.com\/pt-br\/wp-json\/wp\/v2\/media?parent=18493"}],"wp:term":[{"taxonomy":"category","embeddable":true,"href":"https:\/\/latinoamerica21.com\/pt-br\/wp-json\/wp\/v2\/categories?post=18493"},{"taxonomy":"post_tag","embeddable":true,"href":"https:\/\/latinoamerica21.com\/pt-br\/wp-json\/wp\/v2\/tags?post=18493"},{"taxonomy":"gps","embeddable":true,"href":"https:\/\/latinoamerica21.com\/pt-br\/wp-json\/wp\/v2\/gps?post=18493"}],"curies":[{"name":"wp","href":"https:\/\/api.w.org\/{rel}","templated":true}]}}