{"id":185,"date":"2019-05-30T13:48:32","date_gmt":"2019-05-30T16:48:32","guid":{"rendered":"http:\/\/latinoamerica21.com\/?p=185"},"modified":"2023-01-26T21:16:47","modified_gmt":"2023-01-27T00:16:47","slug":"o-presidente-lopez-obrador-primeira-avaliacao","status":"publish","type":"post","link":"https:\/\/latinoamerica21.com\/pt-br\/o-presidente-lopez-obrador-primeira-avaliacao\/","title":{"rendered":"O presidente L\u00f3pez Obrador: primeira avalia\u00e7\u00e3o"},"content":{"rendered":"\n<p>Andr\u00e9s Manuel L\u00f3pez Obrador est\u00e1 para concluir seu primeiro\nsemestre como presidente do M\u00e9xico. Sua figura continua a estimular os\nexagerados por voca\u00e7\u00e3o e a alimentar o fanatismo pol\u00edtico, a favor ou contra.\nCom o refor\u00e7o amplificador das &#8220;redes sociais&#8221;, a discuss\u00e3o sobre o\ngoverno L\u00f3pez Obrador est\u00e1 aprisionada, im\u00f3vel, venenosa: foi capturada pelo\nextremismo; sem que motivos ou raz\u00f5es importem, grandes massas sociais se\nformam como 100% favor\u00e1veis ao presidente ou 100% contr\u00e1rias a ele.<\/p>\n\n\n\n<p>Os absolutamente &#8220;anti&#8221; n\u00e3o est\u00e3o refletindo sobre\nos problemas e os atos do presidente e criticando em consequ\u00eancia, ainda que\nafirmem fazer isso que n\u00e3o fazem; eles simplesmente criticam tudo que venha de\nL\u00f3pez Obrador, sistematicamente, e por isso \u00e0s vezes (nem sempre) exageram ao\nsatisfazer esse impulso; no outro extremo acontece praticamente o mesmo: os\ntotalmente &#8220;pr\u00f3&#8221; n\u00e3o est\u00e3o defendendo as posi\u00e7\u00f5es racionais e\neticamente defens\u00e1veis do novo governo; est\u00e3o defendendo a ferro e fogo o seu\n\u00eddolo e l\u00edder, fa\u00e7a o que fizer (e seja quem for).<\/p>\n\n\n\n<p>Assim, n\u00e3o surpreende que no primeiro grupo haja quem se\nveja, ridiculamente, como parte da &#8220;resist\u00eancia&#8221; \u2013como se o governo\nde L\u00f3pez Obrador fosse um inimigo com o potencial antidemocr\u00e1tico dos\nverdadeiros fascistas, ou mesmo de Trump. Tampouco \u00e9 de estranhar que, no\nsegundo grupo, as pessoas se comportem como membros de uma religi\u00e3o, e da\n&#8220;verdadeira&#8221; religi\u00e3o, seja no papel de simples e aguerridos\ncongregados, seja no de te\u00f3logos ou sacerdotes.<\/p>\n\n\n\n<p>Podemos citar um mau livro escrito pelo propagandista John\nAckerman em 2015, segundo o qual o M\u00e9xico sem L\u00f3pez Obrador no poder era como a\nEspanha na guerra civil, com o que ele desejava apontar n\u00e3o para a exist\u00eancia\nde grandes divis\u00f5es entre os mexicanos, mas sim que os poderosos do momento\neram equivalentes aos fascistas da era Franco&#8230;<\/p>\n\n\n\n<p>Anos de polariza\u00e7\u00e3o enlouquecida e enlouquecedora, \u00e9 isso\nque o M\u00e9xico vem vivendo. Anos que desembocaram na maxima\u00e7\u00e3o da insanidade nas\nduas dire\u00e7\u00f5es: os fan\u00e1ticos inimigos de L\u00f3pez Obrador, que ao critic\u00e1-lo como\ncriticam terminam por pintar a caricatura de um pa\u00eds quase paradis\u00edaco que\nL\u00f3pez Obrador est\u00e1 destruindo impiedosamente, enquanto os fan\u00e1ticos favor\u00e1veis\nao presidente, para buscar proteg\u00ea-lo, pintam um retrato de um inferno total\nque seu chefe est\u00e1 combatendo e contendo. Uma loucura. E n\u00e3o estou exagerando:\npode-se ver o que acontece no Twitter, a cada dia.<\/p>\n\n\n\n<blockquote class=\"wp-block-quote is-layout-flow wp-block-quote-is-layout-flow\">\n<p>O M\u00e9xico do s\u00e9culo 21 era e continua a ser uma democracia, mas n\u00e3o consolidada e de baixa qualidade&#8221;<\/p>\n<\/blockquote>\n\n\n\n<p>A verdade \u00e9 que nenhum dos extremos tem raz\u00e3o: o M\u00e9xico do\ns\u00e9culo 21 era e continua a ser uma democracia, mas n\u00e3o consolidada e de baixa\nqualidade, que passou muito tempo em deteriora\u00e7\u00e3o e agora continua a se\ndeteriorar.<\/p>\n\n\n\n<p>N\u00e3o faremos malabarismos aqui para tentar desprestigiar ou\nlouvar L\u00f3pez Obrador. Buscaremos o equil\u00edbrio, por meio da an\u00e1lise. Nada de\nneutralidade nem de partidarismo. Esta avalia\u00e7\u00e3o representa uma cr\u00edtica\nanal\u00edtica e \u00e9tica. E independente. Poucos observadores v\u00eam seguindo linha\nsimilar, t\u00e3o poucos que \u00e9 poss\u00edvel cont\u00e1-los nos dedos, entre os quais Jes\u00fas\nSilva-Herzog M\u00e1rquez no jornalismo escrito e Javier Tello na televis\u00e3o.<\/p>\n\n\n\n<p>Um primeiro e pequeno passo \u00e9 reconhecer que nenhum governo\npode ser perfeito. O segundo passo \u00e9 maior e envolve aceitar que, em uma\ndemocracia, os governos tendem ao claro-escuro. Ou ao agridoce. Mas em alguns\ncasos h\u00e1 mais luz que escurid\u00e3o, e em outros casos o oposto (e em todas as\nsitua\u00e7\u00f5es, h\u00e1 graus e h\u00e1 extremos). O agridoce n\u00e3o \u00e9 necessariamente metade\namargo e metade doce; nem sempre, e talvez quase nunca, ele consiste de 50% de\ncada oposto. Com isso, pode-se dar um terceiro passo necess\u00e1rio, o mais f\u00e9rtil\ne relevante: ao analisar os fatos friamente podemos dizer mais sobre a\npresid\u00eancia de L\u00f3pez Obrador e podemos ser mais precisos e honestos: at\u00e9 o\nmomento ela vem sendo uma experi\u00eancia mais amarga que doce. N\u00e3o \u00e9 um governo\namargo, nem um governo doce, nem um governo agridoce; o que temos \u00e9 mais\namargor que do\u00e7ura.<\/p>\n\n\n\n<p>A do\u00e7ura: a nova pol\u00edtica para o sal\u00e1rio m\u00ednimo, a redu\u00e7\u00e3o\ndos sal\u00e1rios da alta burocracia, a inten\u00e7\u00e3o de combater eficazmente o\n&#8220;huachicol&#8221; (roubo e venda ilegal de combust\u00edveis), uma reforma\ntrabalhista que pode democratizar a vida sindical, alguns projetos ou inten\u00e7\u00f5es\nde redistribui\u00e7\u00e3o econ\u00f4mica, e poucas coisas mais. N\u00e3o \u00e9 necess\u00e1rio ser de\nesquerda para aceitar as realiza\u00e7\u00f5es nesse sentido; basta ser sensato e decente\nquanto \u00e0s provas oferecidas sobre os problemas hist\u00f3ricos.<\/p>\n\n\n\n<p>O amargo: o ataque a programas p\u00fablicos razoavelmente bem-sucedidos, como o de creches; a paralisa\u00e7\u00e3o definitiva e desnecess\u00e1ria da constru\u00e7\u00e3o do chamado Novo Aeroporto Internacional da Cidade do M\u00e9xico; &#8220;consultas populares&#8221; que s\u00e3o uma farsa; a propens\u00e3o a um discurso de moralismo superficial e at\u00e9 bobo; decis\u00f5es tolas e selvagens sobre austeridade no campo da sa\u00fade; compadrio em m\u00faltiplas contrata\u00e7\u00f5es governamentais; a presen\u00e7a no governo de pol\u00edticos autorit\u00e1rios question\u00e1veis como Manuel Bartlett; imper\u00edcia no combate ao &#8220;<a href=\"https:\/\/www.publico.pt\/2019\/01\/19\/mundo\/noticia\/incendio-mexico-faz-menos-20-mortos-1858577\">huachicol<\/a>&#8220;; falta de aprendizado pessoal sobre a liberdade de express\u00e3o; o conservadorismo social de sempre ( o &#8220;liberal e progressista&#8221; L\u00f3pez Obrador n\u00e3o apoia o aborto ou o casamento civil de homossexuais, nem a <a href=\"https:\/\/latinoamerica21.com\/br\/mexico-drogas-proibicao-e-legalizacao\/\">regulamenta\u00e7\u00e3o legal das drogas<\/a>); a continua\u00e7\u00e3o \u2013na pr\u00e1tica\u2013 da &#8220;guerra contra as drogas&#8221; e o tr\u00e1fico promovida por presidentes anteriores; assim como o desprezo pela ci\u00eancia e pelo cuidado com o meio ambiente, um desprezo real expresso em grandes cortes de or\u00e7amento e pelo vazio de pol\u00edticas p\u00fablicas.<\/p>\n\n\n\n<p>E isso n\u00e3o \u00e9 tudo. Concentremo-nos em outros quatro\nelementos amargos.<\/p>\n\n\n\n<p>1. O avan\u00e7o quase nulo no combate \u00e0 corrup\u00e7\u00e3o. Sempre foi e\nsempre ser\u00e1 uma ilus\u00e3o afirmar que L\u00f3pez Obrador erradicaria a corrup\u00e7\u00e3o\npol\u00edtica. Mas o presidente est\u00e1 fazendo menos do que deve e pode. Hoje n\u00e3o s\u00f3\nexistem pol\u00edticos corruptos em sua coaliz\u00e3o, e desd\u00e9m pela consolida\u00e7\u00e3o do\nSistema Nacional de Combate \u00e0 Corrup\u00e7\u00e3o, como come\u00e7am a surgir casos de planos\ne a\u00e7\u00f5es corruptos dentro do governo.<\/p>\n\n\n\n<p>De acordo com a organiza\u00e7\u00e3o ativista Mexicanos Contra la\nCorrupci\u00f3n y la Impunidad, nos primeiros meses do atual governo cerca de 80%\ndos contratos p\u00fablicos concedidos o foram por &#8220;adjudica\u00e7\u00e3o direta&#8221;,\nou seja, sem concorr\u00eancia e sem avalia\u00e7\u00e3o aberta de propostas. Um mecanismo\nprop\u00edcio para a corrup\u00e7\u00e3o. Uma continuidade para com presidentes anteriores.<\/p>\n\n\n\n<p>Outra continuidade \u00e9 a presen\u00e7a de colaboradores maculados:\no representante do governo federal no estado de Jalisco, Carlos Lomel\u00ed, est\u00e1\nencoberto pelas sombras da corrup\u00e7\u00e3o.<\/p>\n\n\n\n<p>2. Uma pol\u00edtica externa t\u00edmida e covardia contradit\u00f3ria\ndiante da Venezuela. L\u00f3pez Obrador e seu chanceler, Marcelo Ebrard, insistem em\nque a posi\u00e7\u00e3o mexicana \u00e9 de &#8220;neutralidade&#8221;, respeitando a\n&#8220;tradi\u00e7\u00e3o diplom\u00e1tica do pa\u00eds&#8221; com rela\u00e7\u00e3o \u00e0 &#8220;autodetermina\u00e7\u00e3o\ndos povos&#8221;.<\/p>\n\n\n\n<p>Direto ao ponto: se existe uma ditadura,\n&#8220;autodetermina\u00e7\u00e3o do povo&#8221; n\u00e3o \u00e9 poss\u00edvel. Se voc\u00ea defende a\nautodetermina\u00e7\u00e3o, op\u00f5e-se \u00e0 ditadura. Maduro \u00e9 um ditador em crise. N\u00e3o\nrejeit\u00e1-lo invocando a &#8220;autodetermina\u00e7\u00e3o do povo venezuelano&#8221; \u00e9 uma\ncontradi\u00e7\u00e3o fundamental.<\/p>\n\n\n\n<p>Vale repetir: uma ditadura \u00e9, por defini\u00e7\u00e3o, um regime em\nque n\u00e3o existe autodetermina\u00e7\u00e3o do povo (entenda-se o que for quanto ao\n&#8220;povo&#8221;, seja sociedade, o conjunto dos cidad\u00e3os ou os pobres). N\u00e3o\nrejeitar Maduro gera uma falsa neutralidade e, portanto, significa rejeitar a\nautodetermina\u00e7\u00e3o das venezuelanas e venezuelanos.<\/p>\n\n\n\n<p>3. Contrariar a divis\u00e3o dos poderes. O novo presidente teve\nque quase imediatamente indicar novos ju\u00edzes para a Suprema Corte de Justi\u00e7a. E\nas duas listas tr\u00edplices que encaminhou \u00e0 sua maioria legislativa o deixaram em\nd\u00edvida com a democracia e o liberalismo que L\u00f3pez Obrador diz promover.<\/p>\n\n\n\n<p>As listas continham nomes de militantes de seu Movimento\npela Regenera\u00e7\u00e3o Nacional (Morena) e simpatizantes comprometidos com o\npresidente, de uma ou de outra forma. O segundo caso \u00e9 aberrante e resultou na\nconfirma\u00e7\u00e3o de Yazm\u00edn Esquivel, que n\u00e3o tem o perfil desej\u00e1vel e \u00e9 mulher de um\nempres\u00e1rio amigo e colaborador de L\u00f3pez Obrador.<\/p>\n\n\n\n<p>O pretexto invocado pelo presidente que n\u00e3o se cansa de\nfalar em justi\u00e7a e legitimidade? As indica\u00e7\u00f5es foram feitas dentro da lei. Sim,\nmas tamb\u00e9m dentro de uma teoria e pr\u00e1tica que desrespeita a divis\u00e3o de\npoderes&#8230;<\/p>\n\n\n\n<p>L\u00f3pez Obrador s\u00f3 quis fazer o que mais lhe conv\u00e9m, e se\naproveitou &#8220;da lei&#8221;; n\u00e3o agiu como um estadista democr\u00e1tico liberal,\nmas sim com um pol\u00edtico qualquer, amparado formalmente pelo p\u00e9ssimo artigo 95\nda constitui\u00e7\u00e3o mexicana, que estabelece os requisitos para ser ministro da\ncorte.<\/p>\n\n\n\n<p>Mas, se o presidente falhou, \u00e9 preciso dizer que a m\u00eddia e\nos comentaristas mexicanos tamb\u00e9m falharam: ningu\u00e9m \u2013literalmente nenhum\ndeles\u2013&nbsp; apontou para o defasado\nartigo 95 como fator na decis\u00e3o presidencial. Mas ali existia uma possibilidade\nde reforma, e continua a haver uma reforma pendente.<\/p>\n\n\n\n<p>4. A amplitude c\u00ednica da coaliz\u00e3o. O presidente est\u00e1\npromovendo e aceitando o ingresso no Morena e em seus governos de agentes\ndesprestigiados e antidemocr\u00e1ticos. N\u00e3o me oponho a qualquer alian\u00e7a, nem \u00e0\ninclus\u00e3o pol\u00edtica, mas me oponho ao excesso de cinismo. Um exemplo emblem\u00e1tico\n\u00e9 a situa\u00e7\u00e3o no estado de Puebla, onde os acontecimentos recentes contradizem\ndiretamente o discurso de L\u00f3pez Obrador.<\/p>\n\n\n\n<p>Em 24 de dezembro, morreu a governadora de Puebla; foi\nnecess\u00e1rio apontar um governador interino e convocar uma elei\u00e7\u00e3o extraordin\u00e1ria.\nE o problema \u00e9 que a nova maioria situacionista no Legislativo local conduziu\nao governo interino Guillermo Pacheco Pulido, pol\u00edtico autorit\u00e1rio acusado de\ntr\u00e1fico de drogas, n\u00e3o por mim mas pelo c\u00e9lebre seman\u00e1rio Processo; Pacheco \u00e9\num dos apoios mais fortes aos esfor\u00e7os para minar a divis\u00e3o de Poderes que\ndefinem h\u00e1 d\u00e9cadas a pol\u00edtica local, e, quando presidente do Tribunal Superior\nde Justi\u00e7a, foi c\u00famplice do ex-governador Mario Mar\u00edn na viola\u00e7\u00e3o dos direitos\nhumanos da jornalista Lydia Cacho.<\/p>\n\n\n\n<p>O que torna o problema ainda pior? Pacheco j\u00e1 foi condenado\npor viola\u00e7\u00f5es dos direitos humanos, pelo Comit\u00ea de Direitos Humanos da ONU, e\nexiste uma ordem de pris\u00e3o contra ele no M\u00e9xico; ele est\u00e1 sendo procurado pela\nInterpol. E, ainda assim, mais de cinco amigos do corrupto e autorit\u00e1rio l\u00edder\nocupam posi\u00e7\u00f5es importantes no governo interino pr\u00f3-Morena ou na organiza\u00e7\u00e3o de\ncampanha do candidato do partido ao governo estadual. (Mais um deles, Alejandro\nArmenta, \u00e9 senador pelo Morena.)<\/p>\n\n\n\n<p>Por que o presidente tolera essa contradi\u00e7\u00e3o? Por que e para\nque ele deseja se aliar ao pior da hist\u00f3ria pol\u00edtica de Puebla? Se isso n\u00e3o\nbastasse, o Morena firmou uma alian\u00e7a eleitoral com o Partido Verde, c\u00e9lebre em\ntodo o M\u00e9xico por seu amor \u00e0 corrup\u00e7\u00e3o. O Morena pode e deve se livrar desses\nagentes t\u00f3xicos e deve se separar desses pol\u00edticos \u2013em benef\u00edcio da imagem\npresidencial, de seus futuros governos locais e da popula\u00e7\u00e3o de Puebla.<\/p>\n\n\n\n<p>\u00c9 cedo demais para avaliar L\u00f3pez Obrador como presidente?\nN\u00e3o, desde que a avalia\u00e7\u00e3o n\u00e3o seja vista como inalter\u00e1vel ou final. Muito\nantes dos seis meses, L\u00f3pez Obrador e seus aliados culpavam seu predecessor no\nposto por todos os problemas. O importante \u00e9 n\u00e3o deixar de buscar os fatos, n\u00e3o\ndeixar de pensar sobre eles, n\u00e3o se deixar arrebatar pelo partidarismo\npolarizado. Para fazer melhores ju\u00edzos p\u00fablicos sobre assuntos p\u00fablicos, nas\npalavras de Adam Michnik, &#8220;o cinza \u00e9 bonito&#8221;. Mas n\u00e3o \u00e9 uma quest\u00e3o\nde est\u00e9tica na m\u00eddia, e sim de \u00e9tica p\u00fablica e intelectual.<\/p>\n","protected":false},"excerpt":{"rendered":"<p>Sua figura continua a estimular os exagerados por voca\u00e7\u00e3o e a alimentar o fanatismo pol\u00edtico, a favor ou contra. Com o refor\u00e7o amplificador das &#8220;redes sociais&#8221;, a discuss\u00e3o sobre o governo L\u00f3pez Obrador est\u00e1 aprisionada, im\u00f3vel, venenosa: foi capturada pelo extremismo; sem que motivos ou raz\u00f5es importem<\/p>\n","protected":false},"author":5,"featured_media":182,"comment_status":"closed","ping_status":"closed","sticky":false,"template":"","format":"standard","meta":{"_acf_changed":false,"episode_type":"","audio_file":"","cover_image":"","cover_image_id":"","duration":"","filesize":"","filesize_raw":"","date_recorded":"","explicit":"","block":"","itunes_episode_number":"","itunes_title":"","itunes_season_number":"","itunes_episode_type":"","footnotes":""},"categories":[16947,544],"tags":[],"gps":[],"class_list":{"0":"post-185","1":"post","2":"type-post","3":"status-publish","4":"format-standard","5":"has-post-thumbnail","7":"category-internet-es-pt-br","8":"category-politica-br"},"acf":[],"_links":{"self":[{"href":"https:\/\/latinoamerica21.com\/pt-br\/wp-json\/wp\/v2\/posts\/185","targetHints":{"allow":["GET"]}}],"collection":[{"href":"https:\/\/latinoamerica21.com\/pt-br\/wp-json\/wp\/v2\/posts"}],"about":[{"href":"https:\/\/latinoamerica21.com\/pt-br\/wp-json\/wp\/v2\/types\/post"}],"author":[{"embeddable":true,"href":"https:\/\/latinoamerica21.com\/pt-br\/wp-json\/wp\/v2\/users\/5"}],"replies":[{"embeddable":true,"href":"https:\/\/latinoamerica21.com\/pt-br\/wp-json\/wp\/v2\/comments?post=185"}],"version-history":[{"count":0,"href":"https:\/\/latinoamerica21.com\/pt-br\/wp-json\/wp\/v2\/posts\/185\/revisions"}],"wp:featuredmedia":[{"embeddable":true,"href":"https:\/\/latinoamerica21.com\/pt-br\/wp-json\/wp\/v2\/media\/182"}],"wp:attachment":[{"href":"https:\/\/latinoamerica21.com\/pt-br\/wp-json\/wp\/v2\/media?parent=185"}],"wp:term":[{"taxonomy":"category","embeddable":true,"href":"https:\/\/latinoamerica21.com\/pt-br\/wp-json\/wp\/v2\/categories?post=185"},{"taxonomy":"post_tag","embeddable":true,"href":"https:\/\/latinoamerica21.com\/pt-br\/wp-json\/wp\/v2\/tags?post=185"},{"taxonomy":"gps","embeddable":true,"href":"https:\/\/latinoamerica21.com\/pt-br\/wp-json\/wp\/v2\/gps?post=185"}],"curies":[{"name":"wp","href":"https:\/\/api.w.org\/{rel}","templated":true}]}}