{"id":18906,"date":"2023-08-08T08:00:00","date_gmt":"2023-08-08T11:00:00","guid":{"rendered":"https:\/\/latinoamerica21.com\/?p=18906"},"modified":"2023-08-07T11:49:03","modified_gmt":"2023-08-07T14:49:03","slug":"o-que-esta-acontecendo-perto-das-eleicoes-primarias-na-argentina","status":"publish","type":"post","link":"https:\/\/latinoamerica21.com\/pt-br\/o-que-esta-acontecendo-perto-das-eleicoes-primarias-na-argentina\/","title":{"rendered":"O que est\u00e1 acontecendo perto das elei\u00e7\u00f5es prim\u00e1rias na Argentina?"},"content":{"rendered":"\n<p>No pr\u00f3ximo domingo acontecer\u00e3o as <a href=\"https:\/\/www1.folha.uol.com.br\/mundo\/2023\/08\/oposicao-disputa-primarias-na-argentina-dividida-entre-dialoguista-e-linha-dura.shtml\">elei\u00e7\u00f5es prim\u00e1rias<\/a> que <a href=\"https:\/\/latinoamerica21.com\/br\/nas-proximas-eleicoes-na-argentina-qualquer-um-pode-ganhar\/\">definir\u00e3o os candidatos que concorrer\u00e3o no primeiro turno<\/a> das elei\u00e7\u00f5es presidenciais de 22 de outubro. At\u00e9 o momento, foram realizadas elei\u00e7\u00f5es prim\u00e1rias e gerais em dezessete prov\u00edncias argentinas, em uma clara tentativa dos l\u00edderes locais de separar seu destino eleitoral do destino do governo nacional. Esses resultados s\u00e3o pistas sobre o que pode acontecer no pr\u00f3ximo domingo.<\/p>\n\n\n\n<p><strong>O que est\u00e1 acontecendo com as elei\u00e7\u00f5es provinciais?<\/strong><\/p>\n\n\n\n<p>Em primeiro lugar, houve a ratifica\u00e7\u00e3o eleitoral da maior parte dos oficialismos provinciais \u00e0 frente do poder executivo, como ocorreu nos distritos de C\u00f3rdoba, Formosa, Jujuy, La Pampa, La Rioja, Misiones, R\u00edo Negro, Salta, Tucum\u00e1n e Tierra del Fuego.&nbsp;<\/p>\n\n\n\n<p>Outro fen\u00f4meno a ser destacado \u00e9 o dos candidatos governistas que sofrem derrotas nas m\u00e3os de l\u00edderes pol\u00edticos que, como Rolo Figueroa na prov\u00edncia de Neuqu\u00e9n e Claudio Poggi no distrito de San Luis, fizeram parte do c\u00edrculo interno do poder pol\u00edtico provincial. Tamb\u00e9m assistimos o fim de longos ciclos de hegemonia eleitoral do partido governista nos distritos de San Juan e Chubut, desta vez a cargo de figuras opositoras alheias ao \u201csistema hegem\u00f4nico\u201d, como Marcelo Orrego e Ignacio Torres, respectivamente.<\/p>\n\n\n\n<p>Espera-se o teste definitivo nas prov\u00edncias de Chaco, Mendoza e Santa F\u00e9, onde as elei\u00e7\u00f5es prim\u00e1rias foram antecipadas, bem como nas prov\u00edncias onde as elei\u00e7\u00f5es prim\u00e1rias ser\u00e3o realizadas no dia 13 de agosto, como \u00e9 o caso dos distritos da prov\u00edncia de Buenos Aires e da Cidade Aut\u00f4noma de Buenos Aires-CABA.<\/p>\n\n\n\n<p>Nessas elei\u00e7\u00f5es a n\u00edvel subnacional, n\u00e3o foi registrado um papel de destaque do grupo de <a href=\"https:\/\/www1.folha.uol.com.br\/mundo\/2023\/07\/justica-da-argentina-abre-investigacao-preliminar-contra-javier-milei.shtml\">Javier Milei<\/a>, La Libertad Avanza (LLA), como previsto em v\u00e1rias pesquisas de opini\u00e3o a n\u00edvel nacional. LLA n\u00e3o estaria avan\u00e7ando, embora a absten\u00e7\u00e3o eleitoral como express\u00e3o de desencanto e desinteresse pol\u00edtico esteja aumentando.<\/p>\n\n\n\n<p>O processo eleitoral n\u00e3o esteve isento de epis\u00f3dios de viol\u00eancia pol\u00edtica e social, como o desaparecimento e a morte de Cecilia Strzyzowski na prov\u00edncia de Chaco e <a href=\"https:\/\/www1.folha.uol.com.br\/mundo\/2023\/06\/protestos-violentos-tomam-provincia-da-argentina-e-jogam-tensao-nas-eleicoes-nacionais.shtml\">os diferentes epis\u00f3dios de protesto social que ocorreram \u2013 e ocorrem \u2013 na prov\u00edncia de Jujuy<\/a>, distrito conduzido pelo governador e candidato a vice-presidente Gerardo Morales.<\/p>\n\n\n\n<p>Deve-se lembrar que doze anos se passaram desde que a chamada \u201cLei de Democratiza\u00e7\u00e3o da Representa\u00e7\u00e3o Pol\u00edtica, Transpar\u00eancia e Equidade Eleitoral\u201d, popularmente conhecida como PASO (Prim\u00e1rias Abertas, Simult\u00e2neas e Obrigat\u00f3rias), entrou em vigor, e esse instrumento foi usado para elei\u00e7\u00f5es multin\u00edvel em <strong>2011<\/strong>, <strong>2013<\/strong>, <strong>2015<\/strong>, <strong>2017<\/strong>, <strong>2019<\/strong> e <strong>2021<\/strong>.<\/p>\n\n\n\n<p><strong>O que pode acontecer a n\u00edvel nacional?<\/strong><\/p>\n\n\n\n<p>O resultado do processo eleitoral pode produzir tr\u00eas poss\u00edveis ganhadores: o governista Uni\u00f3n por la Patria-UP, a oposi\u00e7\u00e3o de Juntos por el Cambio-JXC e o protesto pol\u00edtico.<\/p>\n\n\n\n<p>O partido governista encara uma campanha eleitoral em um contexto de uma gest\u00e3o de resultados escassos e baixos \u00edndices de aprova\u00e7\u00e3o, mas com o impulso de Sergio Massa, um candidato-ministro da Economia com forte voca\u00e7\u00e3o para o poder e um conglomerado midi\u00e1tico, econ\u00f4mico e judicial que apoia sua candidatura h\u00e1 uma d\u00e9cada.<\/p>\n\n\n\n<p>A oposi\u00e7\u00e3o, vencedora das elei\u00e7\u00f5es legislativas de 2021, se encontra em meio a um processo interno altamente disputado que a impediu de convencer uma parte significativa da sociedade de sua condi\u00e7\u00e3o de alternativa eleitoral. A resolu\u00e7\u00e3o da disputa interna entre os candidatos Horacio Rodr\u00edguez Larreta e Patricia Bullrich em 13 de agosto poder\u00e1 come\u00e7ar a dar resposta \u00e0 quest\u00e3o da capacidade de JXC de \u201cconquistar\u201d os eleitores.<\/p>\n\n\n\n<p>Por fim, o protesto pol\u00edtico parece ter dois canais de express\u00e3o: a absten\u00e7\u00e3o eleitoral e\/ou o candidato Javier Milei. O curso do processo eleitoral nos permitir\u00e1 discernir se essa \u00e9 uma express\u00e3o conjuntural de inquieta\u00e7\u00e3o social ou de uma cr\u00edtica profunda \u00e0 classe pol\u00edtica como um todo.<\/p>\n\n\n\n<p>Conforme pleiteava uma ex-ministra do gabinete nacional, a Argentina \u00e9 um pa\u00eds mais divertido do que a Su\u00ed\u00e7a. Parece n\u00e3o haver d\u00favidas quanto a isso.<\/p>\n","protected":false},"excerpt":{"rendered":"<p>Uma das conclus\u00f5es que se pode tirar \u00e9 que o protesto pol\u00edtico parece ter dois canais de express\u00e3o: a absten\u00e7\u00e3o eleitoral e\/ou o candidato Javier Milei.<\/p>\n","protected":false},"author":235,"featured_media":18903,"comment_status":"closed","ping_status":"closed","sticky":false,"template":"","format":"standard","meta":{"_acf_changed":false,"episode_type":"","audio_file":"","cover_image":"","cover_image_id":"","duration":"","filesize":"","filesize_raw":"","date_recorded":"","explicit":"","block":"","itunes_episode_number":"","itunes_title":"","itunes_season_number":"","itunes_episode_type":"","footnotes":""},"categories":[16708,17110,16734,16719,14401,544],"tags":[15638],"gps":[],"class_list":{"0":"post-18906","1":"post","2":"type-post","3":"status-publish","4":"format-standard","5":"has-post-thumbnail","7":"category-politica-pt-br","8":"category-elecciones-primarias-pt-br","9":"category-argentina-pt-br","10":"category-debates-pt-br","11":"category-eleicoes-primarias","12":"category-politica-br","13":"tag-eleicoes"},"acf":[],"_links":{"self":[{"href":"https:\/\/latinoamerica21.com\/pt-br\/wp-json\/wp\/v2\/posts\/18906","targetHints":{"allow":["GET"]}}],"collection":[{"href":"https:\/\/latinoamerica21.com\/pt-br\/wp-json\/wp\/v2\/posts"}],"about":[{"href":"https:\/\/latinoamerica21.com\/pt-br\/wp-json\/wp\/v2\/types\/post"}],"author":[{"embeddable":true,"href":"https:\/\/latinoamerica21.com\/pt-br\/wp-json\/wp\/v2\/users\/235"}],"replies":[{"embeddable":true,"href":"https:\/\/latinoamerica21.com\/pt-br\/wp-json\/wp\/v2\/comments?post=18906"}],"version-history":[{"count":0,"href":"https:\/\/latinoamerica21.com\/pt-br\/wp-json\/wp\/v2\/posts\/18906\/revisions"}],"wp:featuredmedia":[{"embeddable":true,"href":"https:\/\/latinoamerica21.com\/pt-br\/wp-json\/wp\/v2\/media\/18903"}],"wp:attachment":[{"href":"https:\/\/latinoamerica21.com\/pt-br\/wp-json\/wp\/v2\/media?parent=18906"}],"wp:term":[{"taxonomy":"category","embeddable":true,"href":"https:\/\/latinoamerica21.com\/pt-br\/wp-json\/wp\/v2\/categories?post=18906"},{"taxonomy":"post_tag","embeddable":true,"href":"https:\/\/latinoamerica21.com\/pt-br\/wp-json\/wp\/v2\/tags?post=18906"},{"taxonomy":"gps","embeddable":true,"href":"https:\/\/latinoamerica21.com\/pt-br\/wp-json\/wp\/v2\/gps?post=18906"}],"curies":[{"name":"wp","href":"https:\/\/api.w.org\/{rel}","templated":true}]}}