{"id":19180,"date":"2023-08-27T05:00:00","date_gmt":"2023-08-27T08:00:00","guid":{"rendered":"https:\/\/latinoamerica21.com\/?p=19180"},"modified":"2023-08-25T19:32:22","modified_gmt":"2023-08-25T22:32:22","slug":"o-trump-dos-pampas-argentina-soma-mais-um-risco","status":"publish","type":"post","link":"https:\/\/latinoamerica21.com\/pt-br\/o-trump-dos-pampas-argentina-soma-mais-um-risco\/","title":{"rendered":"O \u201cTrump dos Pampas\u201d: Argentina soma mais um risco"},"content":{"rendered":"\n<p><strong><em>Coautor Eduardo Ryo Tamaki <\/em><\/strong><\/p>\n\n\n\n<p>Os contextos de crise s\u00e3o campo f\u00e9rtil para candidatos antissistema. Em 13 de agosto, na Argentina, durante as prim\u00e1rias obrigat\u00f3rias (PASO), <a href=\"https:\/\/www1.folha.uol.com.br\/mundo\/2023\/08\/javier-milei-quem-e-o-anarcocapitalista-amigo-de-bolsonaro-que-surpreendeu-em-primarias-na-argentina.shtml\">Javier Milei<\/a>, um candidato populista de extrema direita, <a href=\"https:\/\/latinoamerica21.com\/br\/tormenta-de-ideias-em-meio-a-tormenta-politica-argentina\/\">ficou em primeiro lugar com 30% dos votos<\/a>, deixando a coaliz\u00e3o de oposi\u00e7\u00e3o Juntos por el Cambio em segundo lugar e o governo em terceiro. Em um contexto de infla\u00e7\u00e3o galopante, disparidade cambial e aumento da pobreza, os 7 milh\u00f5es que apoiaram Milei expressaram, sobretudo, a frustra\u00e7\u00e3o e raiva com a oferta pol\u00edtica tradicional frente a situa\u00e7\u00e3o econ\u00f4mica que obviamente o governo em curso, assim como seu antecessor, n\u00e3o conseguiu resolver. Para enfrentar o que define como \u201cpopulismo kirchnerista\u201d ou \u201czurder\u00edo\u201d, Milei prop\u00f5e um programa econ\u00f4mico liberal nos ant\u00edpodas, baseado no Estado m\u00ednimo e no d\u00e9ficit zero, fingindo que a \u201ccasta pol\u00edtica\u201d \u00e9 quem pagar\u00e1 o custo da mudan\u00e7a, e n\u00e3o o povo. Sua proposta \u00e9 bastante populista.<\/p>\n\n\n\n<p>De fato, at\u00e9 agora, Milei mostrou ser um exemplo cl\u00e1ssico de populismo. Consideremos que o populismo n\u00e3o tem a ver com pol\u00edticas econ\u00f4micas, mesmo que seja tradicionalmente associado a governos fiscalmente irrespons\u00e1veis. <a href=\"https:\/\/populism.byu.edu\/\">Para os novos enfoques<\/a>, o populismo \u00e9 mais bem definido como uma ideologia, embora fraca ou incompleta, como um conjunto de ideias vagamente articuladas sobre o mundo e a pol\u00edtica que se expressam e sustentam atrav\u00e9s de discursos. Trata-se de um mundo preto e branco que combina a no\u00e7\u00e3o de um \u201cn\u00f3s\u201d ou \u201cpovo\u201d moralmente bom e homog\u00eaneo contra um \u201celes\u201d, uma \u201celite\u201d mal\u00e9vola, corrupta e egoc\u00eantrica que se aproveitou do \u201cpovo\u201d, usurpando seu \u201cpoder\u201d para buscar seus interesses. O populista busca mobilizar a popula\u00e7\u00e3o para enfrentar as elites (econ\u00f4micas, cient\u00edficas, pol\u00edticas ou at\u00e9 mesmo transnacionais) enquanto promete devolver o poder ao povo.<\/p>\n\n\n\n<p>Milei \u00e9 tudo isso, ele tem 1.400.000 seguidores no Tik Tok, que captura com sua narrativa de \u201cn\u00f3s\u201d contra \u201celes\u201d, <a href=\"https:\/\/www.reuters.com\/world\/americas\/argentine-rock-singing-libertarian-shakes-up-presidential-election-race-2023-08-11\/\">os ladr\u00f5es que saquearam o sistema<\/a> e, consequentemente, s\u00e3o <a href=\"https:\/\/www.nbcnews.com\/news\/latino\/argentina-rightist-candidate-win-javier-milei-primary-peso-plunge-rcna99978\">respons\u00e1veis pelos 40 anos de fracasso da Argentina<\/a>. Se assumir o governo, promete <a href=\"https:\/\/www.reuters.com\/world\/americas\/an-argentine-libertarian-channels-inner-trump-blow-up-political-status-quo-2022-05-17\/\">erradicar os privil\u00e9gios dos pol\u00edticos<\/a> e <a href=\"https:\/\/www.nbcnews.com\/news\/latino\/argentina-rightist-candidate-win-javier-milei-primary-peso-plunge-rcna99978\">p\u00f4r fim \u00e0 casta pol\u00edtica parasit\u00e1ria, corrupta e in\u00fatil<\/a>. S\u00f3 ent\u00e3o o povo argentino poder\u00e1 ser livre, s\u00f3 ent\u00e3o os argentinos poder\u00e3o ser os <a href=\"https:\/\/www.washingtonpost.com\/world\/2023\/08\/14\/javier-milei-argentina-presidential-election\/\">arquitetos de seu pr\u00f3prio destino<\/a>.<\/p>\n\n\n\n<p>Milei n\u00e3o \u00e9 um fen\u00f4meno novo nem isolado. O \u201cTrump dos Pampas\u201d equivale ao \u201c<a href=\"https:\/\/www.theguardian.com\/world\/2018\/apr\/19\/jair-bolsonaro-brazil-presidential-candidate-trump-parallels\">Trump dos tr\u00f3picos<\/a>\u201d, como Bolsonaro foi repetidamente chamado. E, de fato, esses tr\u00eas l\u00edderes compartilham muitas semelhan\u00e7as: Milei tamb\u00e9m trava uma cruzada moral contra valores progressistas e liberais que, em sua opini\u00e3o, buscam subverter e <a href=\"https:\/\/www.cronista.com\/economia-politica\/javier-milei-denuncio-que-la-esi-es-un-plan-para-eliminar-a-los-seres-humanos\/\">destruir o conceito de fam\u00edlia<\/a> e, nesse sentido, compartilha a agenda anticomunismo\/socialismo de Bolsonaro. Exibindo seu negacionismo, Milei afirma que a mudan\u00e7a clim\u00e1tica \u00e9 uma <a href=\"https:\/\/www.washingtonpost.com\/world\/2023\/08\/14\/javier-milei-argentina-presidential-election\/\">mentira socialista<\/a> e acredita que a educa\u00e7\u00e3o sexual \u00e9 uma <a href=\"https:\/\/www.cronista.com\/economia-politica\/javier-milei-denuncio-que-la-esi-es-un-plan-para-eliminar-a-los-seres-humanos\/\">agenda p\u00f3s-marxista com o objetivo de exterminar a popula\u00e7\u00e3o<\/a>. E ainda mais. Seguindo os passos de <a href=\"https:\/\/trumpwhitehouse.archives.gov\/briefings-statements\/president-donald-j-trump-keeps-promise-open-u-s-embassy-jerusalem-israel\/\">Trump<\/a> e <a href=\"https:\/\/www.theguardian.com\/world\/2018\/dec\/31\/brazil-moving-its-embassy-to-jerusalem-a-matter-of-when-not-if-netanyahu\">Bolsonaro<\/a>, Milei tamb\u00e9m <a href=\"https:\/\/www.nbcnews.com\/news\/latino\/argentina-rightist-candidate-win-javier-milei-primary-peso-plunge-rcna99978\">prometeu transferir a embaixada argentina em Israel para Jerusal\u00e9m<\/a>. Na Am\u00e9rica Latina, Milei \u00e9 mais uma express\u00e3o do giro \u00e0 direita que deu origem a populistas como Rodolfo Hern\u00e1ndez na Col\u00f4mbia, Keiko Fujimori no Peru e Nayib Bukele em El Salvador, entre outros.<\/p>\n\n\n\n<p><strong>Por que dever\u00edamos nos preocupar com Milei presidente?<\/strong><\/p>\n\n\n\n<p>Uma semana antes da PASO, foram registrados saques e vandalismo em distintos pontos do pa\u00eds, uma hist\u00f3ria conhecida na Argentina. Se a situa\u00e7\u00e3o econ\u00f4mica n\u00e3o melhorar e a social piorar, Milei presidente n\u00e3o \u00e9 um cen\u00e1rio improv\u00e1vel. Aqui vemos outro problema, que vai al\u00e9m da ideologia: o populista, tamb\u00e9m <em>outsider<\/em> ou rebelde, que traria \u201car fresco\u201d \u00e0 pol\u00edtica, n\u00e3o tem estrutura pol\u00edtica pr\u00f3pria e tamb\u00e9m \u00e9 hostil \u00e0 coopera\u00e7\u00e3o, \u00e0s coaliz\u00f5es e \u00e0s concess\u00f5es.<\/p>\n\n\n\n<p>Para ilustrar, talvez vale contrastar com um caso do passado argentino recente, o de Carlos Menem, presidente entre 1989 e 1999, que chegou ao poder prometendo aumento salarial e revolu\u00e7\u00e3o produtiva, para abra\u00e7ar o neoliberalismo ap\u00f3s a elei\u00e7\u00e3o. Milei n\u00e3o s\u00f3 afirma que o primeiro governo de Menem foi o melhor da hist\u00f3ria, mas tamb\u00e9m que j\u00e1 foi aben\u00e7oado pelo ex-presidente como <a href=\"https:\/\/www.lanacion.com.ar\/politica\/milei-menem-el-dia-que-el-expresidente-lo-bendijo-para-llegar-a-la-rosada-y-la-alianza-con-su-nid31052022\/\">seu sucessor<\/a>. Al\u00e9m de agendas similares de controle da infla\u00e7\u00e3o (para o primeiro, a conversibilidade; para Milei, a dolariza\u00e7\u00e3o) e de redu\u00e7\u00e3o do Estado, Menem se destacou por ter implementado a maior pol\u00edtica de privatiza\u00e7\u00e3o da regi\u00e3o. Se apresentou como a op\u00e7\u00e3o <em>outsider<\/em> para chegar ao poder, quando na realidade era o l\u00edder leg\u00edtimo do tradicional e majorit\u00e1rio Partido Justicialista, que n\u00e3o s\u00f3 conseguiu a presid\u00eancia, mas tamb\u00e9m amplas maiorias em ambas as c\u00e2maras legislativas, o que lhe garantiu duas leis fundamentais de delega\u00e7\u00e3o legislativa em 1990 e muitas outras ao longo de seu primeiro mandato.<\/p>\n\n\n\n<p>N\u00e3o se governa na democracia s\u00f3 com a opini\u00e3o p\u00fablica. Para aprovar reformas importantes, como privatiza\u00e7\u00f5es ou o fechamento do banco central, \u00e9 necess\u00e1rio apoio institucional. Os apoios de Milei presidente ser\u00e3o escassos e ser\u00e1 inevit\u00e1vel compor com a \u201ccasta\u201d. Vemos duas possibilidades aqui. A primeira, ao estilo Bolsonaro, que chegou \u00e0 presid\u00eancia com not\u00e1vel minoria parlamentar, mas com promessas grandiloquentes de se livrar da \u201cvelha pol\u00edtica\u201d e n\u00e3o \u201cfazer pol\u00edtica\u201d com o establishment corrupto e, uma vez no poder, sobrecarregado por sua m\u00e1 condu\u00e7\u00e3o da pandemia e centenas de pedidos de impeachment, acabou fazendo um pacto com o centr\u00e3o, ou seja, entregando minist\u00e9rios e recursos a esse grupo de partidos oportunistas. Lembremos que Bolsonaro deixou o poder com um alto custo para a democracia, questionando as institui\u00e7\u00f5es eleitorais e, como Trump, com um ataque aos tr\u00eas poderes em 8 de janeiro em Bras\u00edlia.<\/p>\n\n\n\n<p>A outra alternativa \u00e9 familiar \u00e0 Argentina. Um presidente radical ou intransigente ser\u00e1 confrontado pelo congresso e haver\u00e1 um choque de poderes. Em um contexto de crise, as ruas ficar\u00e3o ainda mais agitadas e teremos outra presid\u00eancia interrompida. As perspectivas s\u00e3o incertas at\u00e9 para as elei\u00e7\u00f5es de 22 de outubro. Entre as amea\u00e7as \u00e0 democracia e o risco econ\u00f4mico, a oferta populista de Milei trouxe um horizonte sombrio para o que deveria ser um ano festivo, aquele em que a Argentina comemora quarenta anos de democracia.<\/p>\n\n\n\n<p><em><sub>Eduardo Ryo Tamaki \u00e9 pesquisador do Instituto Alem\u00e3o de Estudos Globais e de \u00c1rea (GIGA) e membro da Equipe Populismo.<\/sub><\/em><\/p>\n","protected":false},"excerpt":{"rendered":"<p>As sete milh\u00f5es de pessoas que apoiaram Milei expressaram, sobretudo, frustra\u00e7\u00e3o e raiva com a oferta pol\u00edtica tradicional.<\/p>\n","protected":false},"author":21,"featured_media":19166,"comment_status":"closed","ping_status":"closed","sticky":false,"template":"","format":"standard","meta":{"_acf_changed":false,"episode_type":"","audio_file":"","cover_image":"","cover_image_id":"","duration":"","filesize":"","filesize_raw":"","date_recorded":"","explicit":"","block":"","itunes_episode_number":"","itunes_title":"","itunes_season_number":"","itunes_episode_type":"","footnotes":""},"categories":[16960,16960,16708,16708,16734,16734,14397,544],"tags":[],"gps":[],"class_list":{"0":"post-19180","1":"post","2":"type-post","3":"status-publish","4":"format-standard","5":"has-post-thumbnail","7":"category-javier-milei-pt-br","9":"category-politica-pt-br","11":"category-argentina-pt-br","13":"category-eleicoes","14":"category-politica-br"},"acf":[],"_links":{"self":[{"href":"https:\/\/latinoamerica21.com\/pt-br\/wp-json\/wp\/v2\/posts\/19180","targetHints":{"allow":["GET"]}}],"collection":[{"href":"https:\/\/latinoamerica21.com\/pt-br\/wp-json\/wp\/v2\/posts"}],"about":[{"href":"https:\/\/latinoamerica21.com\/pt-br\/wp-json\/wp\/v2\/types\/post"}],"author":[{"embeddable":true,"href":"https:\/\/latinoamerica21.com\/pt-br\/wp-json\/wp\/v2\/users\/21"}],"replies":[{"embeddable":true,"href":"https:\/\/latinoamerica21.com\/pt-br\/wp-json\/wp\/v2\/comments?post=19180"}],"version-history":[{"count":0,"href":"https:\/\/latinoamerica21.com\/pt-br\/wp-json\/wp\/v2\/posts\/19180\/revisions"}],"wp:featuredmedia":[{"embeddable":true,"href":"https:\/\/latinoamerica21.com\/pt-br\/wp-json\/wp\/v2\/media\/19166"}],"wp:attachment":[{"href":"https:\/\/latinoamerica21.com\/pt-br\/wp-json\/wp\/v2\/media?parent=19180"}],"wp:term":[{"taxonomy":"category","embeddable":true,"href":"https:\/\/latinoamerica21.com\/pt-br\/wp-json\/wp\/v2\/categories?post=19180"},{"taxonomy":"post_tag","embeddable":true,"href":"https:\/\/latinoamerica21.com\/pt-br\/wp-json\/wp\/v2\/tags?post=19180"},{"taxonomy":"gps","embeddable":true,"href":"https:\/\/latinoamerica21.com\/pt-br\/wp-json\/wp\/v2\/gps?post=19180"}],"curies":[{"name":"wp","href":"https:\/\/api.w.org\/{rel}","templated":true}]}}