{"id":19297,"date":"2023-09-02T08:00:00","date_gmt":"2023-09-02T11:00:00","guid":{"rendered":"https:\/\/latinoamerica21.com\/?p=19297"},"modified":"2023-09-01T20:07:54","modified_gmt":"2023-09-01T23:07:54","slug":"do-quarto-escuro-a-entrada-no-tunel","status":"publish","type":"post","link":"https:\/\/latinoamerica21.com\/pt-br\/do-quarto-escuro-a-entrada-no-tunel\/","title":{"rendered":"Do quarto escuro \u00e0 entrada no t\u00fanel"},"content":{"rendered":"\n<p>A humanidade enfrenta a emerg\u00eancia clim\u00e1tica, que \u00e9 a crise mais perturbadora de todas. Precisamos parar de pensar no problema a partir de uma perspectiva intergeracional; o problema est\u00e1 entre n\u00f3s e a ci\u00eancia nos incentiva a tomar medidas contundentes. Mas muitos pol\u00edticos enterram suas cabe\u00e7as na areia como avestruzes. Outros negam completamente o fen\u00f4meno. Esse \u00faltimo tipo de comportamento n\u00e3o opera em um vazio, nem se limita a um grupo de pa\u00edses. O <a href=\"https:\/\/latinoamerica21.com\/br\/negacionistas-das-mudancas-climaticas-prejudicam-imagem-da-direita-frente-ao-mercado\/\">negacionismo<\/a> \u00e9 um fen\u00f4meno que envolve milh\u00f5es de pessoas em todo o mundo. Trata-se de uma guinada para a extrema direita que est\u00e1 empurrando o planeta para uma cat\u00e1strofe anunciada.<\/p>\n\n\n\n<p><strong>O que explica esse comportamento?<\/strong><\/p>\n\n\n\n<p>Em vez de pensar no longo prazo, a complexidade do momento leva os agentes econ\u00f4micos a privilegiar o curto prazo. Isso \u00e9 exacerbado em contextos como o que se observa atualmente na Argentina, onde a corrida cambial e o medo da hiperinfla\u00e7\u00e3o nos precipitam para o &#8221; salve-se quem puder&#8221;, uma premissa que n\u00e3o s\u00f3 contrasta com a ideia de preservar uma sociedade democr\u00e1tica, mas tamb\u00e9m elimina qualquer possibilidade de resolver a emerg\u00eancia clim\u00e1tica.<\/p>\n\n\n\n<p>Ao mesmo tempo, o slogan se transforma em uma acelera\u00e7\u00e3o do extrativismo: a necessidade de moeda estrangeira imp\u00f5e o &#8220;explore o que for preciso&#8221;. <a href=\"https:\/\/www.lavanguardia.com\/natural\/20210909\/7709008\/calculan-petroleo-debe-quedarse-tierra-frenar-cambio-climatico.html\">A renda que implica deixar o petr\u00f3leo no subsolo se evapora<\/a> e ocorre uma corrida para vender o recurso nos mercados. Essa ideia est\u00e1 por tr\u00e1s do c\u00e9lebre modelo de Harold Hotelling, que vincula a taxa de extra\u00e7\u00e3o e a renda resultante gerada pela atividade, mas \u00e0 taxa de juros que evidenciam os mercados financeiros. Em um contexto de alta infla\u00e7\u00e3o, acelerar a taxa de extra\u00e7\u00e3o representa um comportamento racional. Em um mundo que est\u00e1 passando por uma transi\u00e7\u00e3o energ\u00e9tica e que apresenta grande probabilidade de que os ativos fiquem estagnados, esse comportamento torna-se certamente pouco convincente.<\/p>\n\n\n\n<p>Entretanto, a taxa de extra\u00e7\u00e3o n\u00e3o \u00e9 influenciada apenas pela taxa de juros, mas tamb\u00e9m por quaisquer impostos ou taxas que eventualmente possam ser impostos sobre o carbono. Aqui nos referimos \u00e0 taxa pigouviana, que, ao internalizar os custos, afeta a rentabilidade da produ\u00e7\u00e3o. Embora possa parecer paradoxal, a crise do petr\u00f3leo da d\u00e9cada de 1970 coexistiu com o surgimento de uma maior consci\u00eancia ambiental que, com o passar dos anos, se tornaria uma demanda por um plano de transi\u00e7\u00e3o energ\u00e9tica.<\/p>\n\n\n\n<p>O reconhecimento da crise clim\u00e1tica nos n\u00edveis mais altos do poder pol\u00edtico (recordemos o manifesto do ex-vice-presidente dos EUA, Al Gore) coincidiu com uma era de baixa infla\u00e7\u00e3o e mercados financeiros est\u00e1veis. No entanto, mesmo quando a denominada &#8220;divina coincid\u00eancia&#8221; estourou em 2007, as baixas taxas de juros perduraram durante a d\u00e9cada seguinte para evitar mais estagna\u00e7\u00e3o. Tal situa\u00e7\u00e3o ocorreu simultaneamente a uma queda substancial no custo dos equipamentos renov\u00e1veis: a mudan\u00e7a tecnol\u00f3gica estava mandando sinais.<\/p>\n\n\n\n<p>A consci\u00eancia ecol\u00f3gica tamb\u00e9m est\u00e1 crescendo entre alguns grupos de consumidores, enquanto se propagam leis e normas que condenam o uso de carbono. Em termos de modelo, em uma era de impostos baixos (nulos) e maior conscientiza\u00e7\u00e3o ambiental, retarda-se a busca de renda das empresas de petr\u00f3leo.<\/p>\n\n\n\n<p>Mas primeiro a pandemia e depois a invas\u00e3o da Ucr\u00e2nia marcariam o fim do &#8220;reinado&#8221; da pol\u00edtica monet\u00e1ria. Em um contexto de alta incerteza, o imediatismo do &#8220;salve-se quem puder&#8221; torna as ideias ambientais menos relevantes, enquanto os governos e as empresas buscam agora obter a renda: Hotelling prevalece sobre Pigou. De repente, o pre\u00e7o do barril encontra-se acima de 100 d\u00f3lares e os projetos de prospec\u00e7\u00e3o de petr\u00f3leo se multiplicam em todo o mundo. A voracidade pelo petr\u00f3leo n\u00e3o se explica apenas pelas baixas taxas: a geopol\u00edtica \u00e9 importante, mas tamb\u00e9m os interesses corporativos.<\/p>\n\n\n\n<p>Todos parecem estar olhando para o curto prazo, embora essa leitura esteja equivocada, pelo menos em alguns casos. A guerra acelerou o plano de transi\u00e7\u00e3o na Uni\u00e3o Europeia, enquanto a introdu\u00e7\u00e3o da lei anti-inflacion\u00e1ria nos EUA marcou o retorno da pol\u00edtica industrial. Al\u00e9m disso, soma-se a China, cujo dom\u00ednio industrial se estende a importantes setores verdes (e\u00f3lico, solar, baterias e carros el\u00e9tricos).<\/p>\n\n\n\n<p>Tudo o que foi dito acima n\u00e3o diminui o fato de que, para manter seus neg\u00f3cios, alguns empres\u00e1rios, ent\u00e3o financiadores da extrema direita, est\u00e3o defendendo o negacionismo. Esse \u00e9 o caso dos irm\u00e3os Koch, cujos fundos alimentam as carteiras dos libert\u00e1rios em todo o Ocidente, com o objetivo de desmantelar qualquer pol\u00edtica clim\u00e1tica, como a proposta pelo Partido Republicano, caso chegue \u00e0 Casa Branca, ou a emenda ao Projeto de Lei de Mudan\u00e7as Clim\u00e1ticas e Transi\u00e7\u00e3o Energ\u00e9tica apresentada pelo Vox em 2020 no Parlamento espanhol. Esse tipo de postura n\u00e3o \u00e9 incomum para n\u00f3s que vivemos na regi\u00e3o. Basta lembrar os anos de Jair Bolsonaro no Pal\u00e1cio do Planalto.<\/p>\n\n\n\n<p>Mas agora isso est\u00e1 aparecendo na Argentina. Muitos eleitores, ao chegarem ao &#8220;quarto escuro&#8221; (cabine de vota\u00e7\u00e3o), sentiram-se encorajados a expressar sua raiva contra a classe pol\u00edtica &#8220;tradicional&#8221;. Independentemente de seus motivos, o apoio a Javier Milei nas elei\u00e7\u00f5es prim\u00e1rias de 13 de agosto alterou a agenda pol\u00edtica. A &#8220;m\u00e1quina negacionista&#8221;, que foi impulsionada pela extrema direita, \u00e9 respaldada por empres\u00e1rios, pelos meios de comunica\u00e7\u00e3o, por funda\u00e7\u00f5es conservadoras e, nesse caso, pelo setor petrol\u00edfero.<\/p>\n\n\n\n<p>Agora teremos que esperar para ver o que acontecer\u00e1 nas elei\u00e7\u00f5es presidenciais. Entretanto, n\u00e3o podemos nos esquecer de que n\u00e3o existe casta mais perigosa do que aquela que ataca a democracia e o pr\u00f3prio futuro do planeta.<\/p>\n","protected":false},"excerpt":{"rendered":"<p>O negacionismo e um giro \u00e0 extrema direita que empurra o planeta para uma cat\u00e1strofe anunciada.<\/p>\n","protected":false},"author":213,"featured_media":19262,"comment_status":"closed","ping_status":"closed","sticky":false,"template":"","format":"standard","meta":{"_acf_changed":false,"episode_type":"","audio_file":"","cover_image":"","cover_image_id":"","duration":"","filesize":"","filesize_raw":"","date_recorded":"","explicit":"","block":"","itunes_episode_number":"","itunes_title":"","itunes_season_number":"","itunes_episode_type":"","footnotes":""},"categories":[16897,16787,16787,16788,16897,16788,16794,16794,14475,14397,546],"tags":[],"gps":[],"class_list":{"0":"post-19297","1":"post","2":"type-post","3":"status-publish","4":"format-standard","5":"has-post-thumbnail","7":"category-cambio-climatico-pt-br","8":"category-negacionismo-pt-br","10":"category-salud-pt-br","13":"category-desinformacion-pt-br","15":"category-mudanca-climatica","16":"category-eleicoes","17":"category-sociedad-br"},"acf":[],"_links":{"self":[{"href":"https:\/\/latinoamerica21.com\/pt-br\/wp-json\/wp\/v2\/posts\/19297","targetHints":{"allow":["GET"]}}],"collection":[{"href":"https:\/\/latinoamerica21.com\/pt-br\/wp-json\/wp\/v2\/posts"}],"about":[{"href":"https:\/\/latinoamerica21.com\/pt-br\/wp-json\/wp\/v2\/types\/post"}],"author":[{"embeddable":true,"href":"https:\/\/latinoamerica21.com\/pt-br\/wp-json\/wp\/v2\/users\/213"}],"replies":[{"embeddable":true,"href":"https:\/\/latinoamerica21.com\/pt-br\/wp-json\/wp\/v2\/comments?post=19297"}],"version-history":[{"count":0,"href":"https:\/\/latinoamerica21.com\/pt-br\/wp-json\/wp\/v2\/posts\/19297\/revisions"}],"wp:featuredmedia":[{"embeddable":true,"href":"https:\/\/latinoamerica21.com\/pt-br\/wp-json\/wp\/v2\/media\/19262"}],"wp:attachment":[{"href":"https:\/\/latinoamerica21.com\/pt-br\/wp-json\/wp\/v2\/media?parent=19297"}],"wp:term":[{"taxonomy":"category","embeddable":true,"href":"https:\/\/latinoamerica21.com\/pt-br\/wp-json\/wp\/v2\/categories?post=19297"},{"taxonomy":"post_tag","embeddable":true,"href":"https:\/\/latinoamerica21.com\/pt-br\/wp-json\/wp\/v2\/tags?post=19297"},{"taxonomy":"gps","embeddable":true,"href":"https:\/\/latinoamerica21.com\/pt-br\/wp-json\/wp\/v2\/gps?post=19297"}],"curies":[{"name":"wp","href":"https:\/\/api.w.org\/{rel}","templated":true}]}}