{"id":19914,"date":"2023-10-15T05:00:00","date_gmt":"2023-10-15T08:00:00","guid":{"rendered":"https:\/\/latinoamerica21.com\/?p=19914"},"modified":"2023-10-13T13:25:46","modified_gmt":"2023-10-13T16:25:46","slug":"o-anarcoautoritarismo-de-javier-milei","status":"publish","type":"post","link":"https:\/\/latinoamerica21.com\/pt-br\/o-anarcoautoritarismo-de-javier-milei\/","title":{"rendered":"O anarcoautoritarismo de Javier Milei"},"content":{"rendered":"\n<p>Ap\u00f3s levar a alian\u00e7a de seu partido libert\u00e1rio, La Libertad Avanza, ao Congresso Nacional argentino em 2021, o incendi\u00e1rio ultradireitista Javier Milei voltou a superar as expectativas. Nas prim\u00e1rias presidenciais de agosto, obteve 30% dos votos, superando os dois candidatos do partido de centro-esquerda Uni\u00f3n por la Patria, que obtiveram 27%, e os de centro-direita do Juntos por el Cambio, que obtiveram 28%. Agora, \u00e0s v\u00e9speras das elei\u00e7\u00f5es gerais de 22 de outubro, Milei lidera sozinho todas as pesquisas. A \u00fanica incerteza \u00e9 se ele conseguir\u00e1 ultrapassar o limite para evitar um segundo turno.<\/p>\n\n\n\n<p>Para muitos observadores, a pol\u00edtica de Milei tem sido dif\u00edcil de classificar. J\u00e1 foi jogador de futebol semiprofissional, m\u00fasico de rock, cosplayer de hist\u00f3rias em quadrinhos, guru de sexo t\u00e2ntrico e professor de economia. A caricatura dessa figura certamente caricatural \u00e9 a muleta de in\u00fameros artigos de opini\u00e3o, que o reduzem a uma imita\u00e7\u00e3o de Trump com um penteado ainda mais exc\u00eantrico. Outros veem Milei como uma repeti\u00e7\u00e3o do amorfo fen\u00f4meno \u201cpopulista\u201d latino-americano que abarca Ch\u00e1vez, Castillo e Bukele. Mas nesse marco bin\u00e1rio \u2013 estabilidade liberal versus demagogia populista \u2013 todas as variantes da pol\u00edtica \u201canti-establishment\u201d s\u00e3o agrupadas, sem considerar suas particularidades locais.&nbsp;&nbsp;&nbsp;<\/p>\n\n\n\n<p>Outra linha de coment\u00e1rios se concentra, corretamente, na espiral da crise econ\u00f4mica. A infla\u00e7\u00e3o, em torno de 120%, queima os bolsos de toda a popula\u00e7\u00e3o. A rela\u00e7\u00e3o d\u00edvida p\u00fablica\/PIB est\u00e1 em torno de 80%. O FMI imp\u00f4s duras medidas de austeridade como condi\u00e7\u00e3o para conceder novos empr\u00e9stimos a cada tr\u00eas meses. O mercado de trabalho p\u00f3s-pandemia est\u00e1 cada vez mais flex\u00edvel, com um amplo setor informal caracterizado pelo excesso de emprego em vez do subemprego: para muitos trabalhadores, o pluriemprego e o \u201cgig work\u201d s\u00e3o um meio de sobreviv\u00eancia.&nbsp;<\/p>\n\n\n\n<p>N\u00e3o \u00e9 de surpreender que uma pluralidade de eleitores se rebele contra a classe dirigente de um partido que supervisiona esse tipo de crise. Tampouco surpreende que o \u201cpopulismo\u201d se firme no pa\u00eds que o viu nascer. Mas a pergunta permanece: por que Milei fala desta conjuntura e o que sua vit\u00f3ria pode significar para o futuro do pa\u00eds?<\/p>\n\n\n\n<p>Em com\u00edcios eleitorais que parecem shows de punk, Milei combina um credo hiperindividualista de \u201cvida, liberdade, propriedade\u201d com uma den\u00fancia populista da \u201ccasta pol\u00edtica\u201d. Come\u00e7a e termina seus discursos com seu slogan: \u201cViva a liberdade, caramba\u201d. Seu p\u00fablico \u00e9 formado, em sua maioria, por homens hiperconectados e amantes do Bitcoin. Milei os promete que \u201cqueimar\u00e1\u201d o banco central, dolarizar\u00e1 a moeda, eliminar\u00e1 a maioria das ag\u00eancias estatais e privatizar\u00e1 as empresas p\u00fablicas. Assim como chama a mudan\u00e7a clim\u00e1tica antropog\u00eanica de \u201cmentira socialista\u201d, nega a tortura e desapari\u00e7\u00f5es ocorridos sob a ditadura e planeja perdoar os militares presos por tais crimes. Alimentado por um sexismo virulento, espera reverter os avan\u00e7os obtidos pelo poderoso movimento feminista do pa\u00eds, em particular a legaliza\u00e7\u00e3o do aborto, e derrotar a chamada \u201cideologia de g\u00eanero\u201d da comunidade LGBT na educa\u00e7\u00e3o e na cultura em geral.<\/p>\n\n\n\n<p>A perspectiva de <a href=\"https:\/\/latinoamerica21.com\/br\/argentina-ayn-rand-e-o-romance-de-milei\/\">Milei representa uma muta\u00e7\u00e3o reacion\u00e1ria do neoliberalismo<\/a> em resposta \u00e0s condi\u00e7\u00f5es de crise. \u00c9 a \u00faltima vers\u00e3o da longa tradi\u00e7\u00e3o autorit\u00e1ria de livre mercado da Am\u00e9rica Latina, o que Ver\u00f3nica Gago chama de \u201cviol\u00eancia origin\u00e1ria\u201d de seu modelo neoliberal perif\u00e9rico. Em um momento de desespero, como observou Pablo Stefanoni, Milei conseguiu construir a \u00fanica \u201ccandidatura verdadeiramente ideol\u00f3gica\u201d com um programa eleitoral e uma imagem ut\u00f3pica do futuro. Isso explica, em parte, como conquistou uma grande parte da juventude masculina de locais pobres de Buenos Aires.&nbsp;<\/p>\n\n\n\n<p>Mais do que Jair Bolsonaro \u2013 cuja candidatura foi impulsionada pelos jovens ativistas on-line do Movimento Brasil Livre ap\u00f3s ele prometer nomear Paulo Guedes, o Chicago Boy, como ministro da Fazenda \u2013, Milei \u00e9 um neoliberal de carteirinha. Quando lhe perguntam como se tornou um, ele fala de uma convers\u00e3o quase religiosa: do keynesianismo neocl\u00e1ssico \u00e0 Escola Austr\u00edaca.<\/p>\n\n\n\n<p>A filosofia anarco-libert\u00e1ria de Milei se manifesta em seus planos concretos de dolariza\u00e7\u00e3o, um projeto para o qual j\u00e1 come\u00e7ou a buscar financiamento estrangeiro. Para muitos eleitores, indignados com a infla\u00e7\u00e3o e acostumados a negociar em moeda estadunidense, essa pol\u00edtica parece intuitiva ou, ao menos, vale o risco. Para Milei, no entanto, n\u00e3o se trata tanto de resolver a crise atual, mas de defender um princ\u00edpio atemporal. Na tradi\u00e7\u00e3o da Escola Austr\u00edaca, a volta ao padr\u00e3o ouro \u00e9 o Santo Graal, e a dolariza\u00e7\u00e3o \u00e9 a segunda melhor op\u00e7\u00e3o.<\/p>\n\n\n\n<p>Em contraste com artistas sem rumo como Bolsonaro e Trump, Milei est\u00e1 zelosamente comprometido com uma ideologia coerente. Mas quando fala com The Economist, rejeita as caracteriza\u00e7\u00f5es precisas de seu programa como \u201chip\u00e9rboles\u201d. Aqui, Milei sugere que o Estado de bem-estar deve ser destru\u00eddo, mas n\u00e3o de uma s\u00f3 vez. \u201c\u00c9 o inimigo, ent\u00e3o vamos desmantel\u00e1-lo. Mas com uma transi\u00e7\u00e3o\u201d. Prop\u00f5e reduzir o n\u00famero de minist\u00e9rios de dezoito para oito. Uma nova era de terapia de choque est\u00e1 a caminho; mas, como Milei garante ao The Economist, isso n\u00e3o causar\u00e1 problemas \u00e0s institui\u00e7\u00f5es e aos investidores internacionais, j\u00e1 que seus pr\u00f3prios cortes de impostos e gastos ser\u00e3o muito mais duros do que as propostas do FMI.<\/p>\n\n\n\n<p>O Financial Times questiona sua capacidade de implementar tais pol\u00edticas: \u201cPreocupa\u2026 a governabilidade, at\u00e9 que ponto seria capaz de controlar os protestos se pudesse aplicar suas medidas radicais\u201d. A rea\u00e7\u00e3o seria grave demais para que o Estado a reprimisse? Mais uma vez, Milei responde que manejar\u00e1 com cuidado sua motosserra, a ferramenta que usa simbolicamente em seus com\u00edcios. A seguran\u00e7a ser\u00e1 confiada \u00e0 sua companheira de chapa, Victoria Villarruel. Apelidada de \u201cVillacruel\u201d, dedicou sua carreira jur\u00eddica a defender os militares condenados por crimes contra a humanidade. Defende h\u00e1 tempo a chamada \u201cteoria dos dois dem\u00f4nios\u201d da ditadura argentina, que culpa tanto os dissidentes comunistas quanto o Estado que tentou erradic\u00e1-los sistematicamente.&nbsp;&nbsp;<\/p>\n\n\n\n<p>A pol\u00edtica externa de Milei evoca os mesmos temas. Pretende iniciar um \u201calinhamento autom\u00e1tico com os Estados Unidos e Israel\u201d, ao mesmo tempo em que se recusa a trabalhar com \u201cpa\u00edses socialistas\u201d como China, Brasil, Col\u00f4mbia, Chile e M\u00e9xico.&nbsp;<\/p>\n\n\n\n<p>Mas tamb\u00e9m critica o acordo Mercosul-UE e se op\u00f5e \u00e0 ideia de tarifas sem mais delongas. Sua administra\u00e7\u00e3o seguramente ampliar\u00e1 a fronteira extrativista no Tri\u00e2ngulo do L\u00edtio, que j\u00e1 est\u00e1 deslocando violentamente as comunidades ind\u00edgenas, de acordo com a exig\u00eancia do FMI de pagar as d\u00edvidas soberanas em d\u00f3lares estadunidenses.<\/p>\n\n\n\n<p>Milei seria uma figura solit\u00e1ria na regi\u00e3o; o presidente uruguaio e o atual favorito \u00e0 presid\u00eancia do Equador estariam entre seus \u00fanicos aliados. Entretanto, como explicou em uma entrevista com Tucker Carlson \u2013 vista 420 milh\u00f5es de vezes ap\u00f3s o apoio de Elon Musk \u2013 a organiza\u00e7\u00e3o transnacional da extrema direita significa que esse isolamento pode ser ef\u00eamero. Milei tem v\u00ednculos com o partido espanhol Vox e est\u00e1 aliado a l\u00edderes reacion\u00e1rios de toda a Am\u00e9rica Latina atrav\u00e9s de iniciativas como o F\u00f3rum de Madri, que pretende reunir a direita moderada e a extrema direita \u201cpara enfrentar a amea\u00e7a representada pelo crescimento do comunismo em ambos os lados do Atl\u00e2ntico\u201d.<\/p>\n\n\n\n<p>A promessa de Milei de \u201cTornar a Argentina grande novamente\u201d n\u00e3o \u00e9 s\u00f3 a mais recente manobra trumpiana de um nacionalista de extrema direita. \u00c9 tamb\u00e9m um apelo genu\u00edno \u00e0 palingenesia liberal, uma vis\u00e3o de renascimento nacional atrav\u00e9s de um retorno ao \u201cliberalismo cl\u00e1ssico de livre mercado\u201d de Smith, Hayek e seus herdeiros. Quando Milei utiliza essa frase, n\u00e3o s\u00f3 est\u00e1 participando da reabilita\u00e7\u00e3o da ditadura militar; tamb\u00e9m est\u00e1 pedindo um retorno aos anos dourados da hist\u00f3ria argentina \u2013 as primeiras d\u00e9cadas do s\u00e9culo XX, quando o pa\u00eds estava entre as na\u00e7\u00f5es mais ricas do mundo. Essa prosperidade foi supostamente apagada pelo intervencionismo estatal socialista de Juan Per\u00f3n, que desde ent\u00e3o mergulhou o pa\u00eds na decad\u00eancia e no decl\u00ednio. Para recuperar essa grandeza, Milei defende uma \u201crevolu\u00e7\u00e3o libert\u00e1ria que far\u00e1 da Argentina uma pot\u00eancia mundial novamente em trinta e cinco anos\u201d. Entretanto, seu programa anarco-autorit\u00e1rio n\u00e3o se assemelharia \u00e0s ditaduras do passado. Suas caracter\u00edsticas mais destrutivas ainda est\u00e3o por vir.<\/p>\n","protected":false},"excerpt":{"rendered":"<p>A perspectiva de Milei representa uma muta\u00e7\u00e3o reacion\u00e1ria do neoliberalismo em resposta \u00e0 profunda crise pol\u00edtica, econ\u00f4mica e social.<\/p>\n","protected":false},"author":494,"featured_media":19900,"comment_status":"closed","ping_status":"closed","sticky":false,"template":"","format":"standard","meta":{"_acf_changed":false,"episode_type":"","audio_file":"","cover_image":"","cover_image_id":"","duration":"","filesize":"","filesize_raw":"","date_recorded":"","explicit":"","block":"","itunes_episode_number":"","itunes_title":"","itunes_season_number":"","itunes_episode_type":"","footnotes":""},"categories":[16708,16711,16797,16734,16719,14397,544],"tags":[],"gps":[],"class_list":{"0":"post-19914","1":"post","2":"type-post","3":"status-publish","4":"format-standard","5":"has-post-thumbnail","7":"category-politica-pt-br","8":"category-elecciones-pt-br","9":"category-polarizacion-pt-br","10":"category-argentina-pt-br","11":"category-debates-pt-br","12":"category-eleicoes","13":"category-politica-br"},"acf":[],"_links":{"self":[{"href":"https:\/\/latinoamerica21.com\/pt-br\/wp-json\/wp\/v2\/posts\/19914","targetHints":{"allow":["GET"]}}],"collection":[{"href":"https:\/\/latinoamerica21.com\/pt-br\/wp-json\/wp\/v2\/posts"}],"about":[{"href":"https:\/\/latinoamerica21.com\/pt-br\/wp-json\/wp\/v2\/types\/post"}],"author":[{"embeddable":true,"href":"https:\/\/latinoamerica21.com\/pt-br\/wp-json\/wp\/v2\/users\/494"}],"replies":[{"embeddable":true,"href":"https:\/\/latinoamerica21.com\/pt-br\/wp-json\/wp\/v2\/comments?post=19914"}],"version-history":[{"count":0,"href":"https:\/\/latinoamerica21.com\/pt-br\/wp-json\/wp\/v2\/posts\/19914\/revisions"}],"wp:featuredmedia":[{"embeddable":true,"href":"https:\/\/latinoamerica21.com\/pt-br\/wp-json\/wp\/v2\/media\/19900"}],"wp:attachment":[{"href":"https:\/\/latinoamerica21.com\/pt-br\/wp-json\/wp\/v2\/media?parent=19914"}],"wp:term":[{"taxonomy":"category","embeddable":true,"href":"https:\/\/latinoamerica21.com\/pt-br\/wp-json\/wp\/v2\/categories?post=19914"},{"taxonomy":"post_tag","embeddable":true,"href":"https:\/\/latinoamerica21.com\/pt-br\/wp-json\/wp\/v2\/tags?post=19914"},{"taxonomy":"gps","embeddable":true,"href":"https:\/\/latinoamerica21.com\/pt-br\/wp-json\/wp\/v2\/gps?post=19914"}],"curies":[{"name":"wp","href":"https:\/\/api.w.org\/{rel}","templated":true}]}}