{"id":20265,"date":"2023-10-31T08:00:00","date_gmt":"2023-10-31T11:00:00","guid":{"rendered":"https:\/\/latinoamerica21.com\/?p=20265"},"modified":"2023-10-30T12:21:48","modified_gmt":"2023-10-30T15:21:48","slug":"as-politicas-de-seguranca-publica-geralmente-sao-imediatistas-e-ineficazes","status":"publish","type":"post","link":"https:\/\/latinoamerica21.com\/pt-br\/as-politicas-de-seguranca-publica-geralmente-sao-imediatistas-e-ineficazes\/","title":{"rendered":"As pol\u00edticas de seguran\u00e7a p\u00fablica geralmente s\u00e3o imediatistas e ineficazes"},"content":{"rendered":"\n<p>A cada quatro, cinco ou seis anos, voltamos \u00e0 mesma discuss\u00e3o: a quest\u00e3o da seguran\u00e7a c\u00edvica. Um tema que est\u00e1 no topo das agendas dos candidatos presidenciais da Am\u00e9rica Latina sempre que precisam atrair eleitores.<\/p>\n\n\n\n<p>Eleitores que est\u00e3o cada vez mais desesperados por causa da inseguran\u00e7a que os assola, tanto na cidade quanto no campo, e at\u00e9 mesmo em seus pr\u00f3prios bairros e casas. Eleitores, pessoas comuns de todas as camadas socioecon\u00f4micas, que exigem uma &#8220;m\u00e3o dura&#8221; contra o crime e a viol\u00eancia.<\/p>\n\n\n\n<p>Cidad\u00e3os de qualquer pa\u00eds latino-americano que veem como a viol\u00eancia, a inseguran\u00e7a e o delito n\u00e3o cessam e, pelo contr\u00e1rio, aumentam a cada ano, trazendo consigo uma sensa\u00e7\u00e3o de ang\u00fastia, temor, desenraizamento, deslocamentos for\u00e7ados e luto pela perda de entes queridos.<\/p>\n\n\n\n<p>Mas por que voltamos \u00e0 mesma discuss\u00e3o sobre o que fazer para melhorar a situa\u00e7\u00e3o de seguran\u00e7a dos cidad\u00e3os toda vez que h\u00e1 uma mudan\u00e7a de governo?&nbsp;<\/p>\n\n\n\n<p>Por um lado, os cidad\u00e3os exigem imediatez nas solu\u00e7\u00f5es, o que incentiva o populismo eleitoral. <a href=\"https:\/\/latinoamerica21.com\/br\/como-a-popularidade-de-um-presidente-e-afetada-pela-inseguranca\/\">Aqueles que est\u00e3o no poder tentam satisfazer a fome de resultados<\/a> dos cidad\u00e3os com pol\u00edticas de curto prazo que produzem n\u00fameros para mostrar.&nbsp;<\/p>\n\n\n\n<p>As tentativas de pol\u00edticas de longo prazo n\u00e3o obt\u00eam sucesso, em parte porque o novo governante quer apagar tudo o que foi feito por seu antecessor e come\u00e7ar do zero, mas tamb\u00e9m porque os pr\u00f3prios cidad\u00e3os optam por ver os resultados agora e n\u00e3o mais tarde.<\/p>\n\n\n\n<p>Em junho de 2021, Cafferata e Scartascini publicaram um documento para o Banco Interamericano de Desenvolvimento (BID), intitulado <a href=\"https:\/\/publications.iadb.org\/es\/publications\/spanish\/viewer\/Como-combatir-la-delincuencia-en-America-Latina-Que-politicas-publicas-demandan-los-ciudadanos.pdf\"><em>Como combater a delinqu\u00eancia na Am\u00e9rica Latina. Que pol\u00edticas p\u00fablicas os cidad\u00e3os demandam?<\/em><\/a>,no qual eles re\u00fanem as percep\u00e7\u00f5es de milhares de latino-americanos pesquisados sobre v\u00e1rias quest\u00f5es de seguran\u00e7a.<\/p>\n\n\n\n<p>Uma das principais conclus\u00f5es do documento \u00e9 que a seguran\u00e7a \u00e9 um dos temas mais relevantes para os cidad\u00e3os, acima at\u00e9 mesmo da pobreza e do desemprego. As pessoas consideram que mais recursos deveriam ser alocados para combater o crime do que para ajudar a fechar as lacunas de desigualdade.<\/p>\n\n\n\n<p>Mesmo assim, \u00e9 curioso que, quando perguntados sobre os recursos que deveriam ser alocados para a preven\u00e7\u00e3o ou para o fortalecimento da pol\u00edcia, o principal \u00f3rg\u00e3o respons\u00e1vel por garantir a seguran\u00e7a em cada cidade e pa\u00eds, suas opini\u00f5es mostram que n\u00e3o h\u00e1 tanto apoio a essas propostas. No entanto, h\u00e1 apoio \u00e0 ideia de compensar as v\u00edtimas de viol\u00eancia com indeniza\u00e7\u00f5es econ\u00f4micas e impor altas penas de deten\u00e7\u00e3o aos criminosos.<\/p>\n\n\n\n<p>Com esse estudo, os autores conclu\u00edram que a defici\u00eancia em pol\u00edticas eficazes de seguran\u00e7a cidad\u00e3 de longo prazo se deve, em grande parte, ao imediatismo exigido pelos cidad\u00e3os, os eleitores, a seus representantes eleitos, para remediar o enorme problema cultural e social pelo qual estamos passando na Am\u00e9rica Latina.<\/p>\n\n\n\n<p>Mas seria injusto dizer que a culpa \u00e9 do cidad\u00e3o. Teremos de analisar o que os governos fizeram para progredir na luta contra o crime na regi\u00e3o e como os diversos atores da sociedade se articularam para alcan\u00e7ar a harmonia e a paz que tanto se deseja.<\/p>\n\n\n\n<p>Laura Chinchilla e Doreen Vorndran, <a href=\"https:\/\/publications.iadb.org\/es\/seguridad-ciudadana-en-america-latina-y-el-caribe-desafios-e-innovacion-en-gestion-y-politicas\">no relat\u00f3rio publicado tamb\u00e9m para o BID<\/a> em novembro de 2018, falam sobre o progresso significativo em termos de pol\u00edticas p\u00fablicas de seguran\u00e7a cidad\u00e3, tanto em n\u00edvel de pesquisa quanto de recursos. Mencionam, inclusive, que o BID recebeu e aprovou in\u00fameros pedidos de empr\u00e9stimos de governos latino-americanos para combater o crime na regi\u00e3o.<\/p>\n\n\n\n<p>Entretanto, as autoras expressam suas preocupa\u00e7\u00f5es e fazem uma s\u00e9rie de recomenda\u00e7\u00f5es aos governos: &#8220;Uma boa gest\u00e3o institucional \u00e9 indispens\u00e1vel para uma efetiva pol\u00edtica de seguran\u00e7a cidad\u00e3. Para isso, precisamos (i) de vontade pol\u00edtica, (ii) de gerar processos com continuidade, objetivos e metas bem definidos e (iii) de construir uma boa governan\u00e7a, que permita a participa\u00e7\u00e3o ordenada e coordenada de diferentes atores relevantes&#8221;.<\/p>\n\n\n\n<p>Chinchilla e Vorndran, em sua pesquisa, documentam a transi\u00e7\u00e3o de uma pol\u00edtica de &#8221; salve-se quem puder&#8221;, com o abstencionismo do Estado e a cegueira em rela\u00e7\u00e3o aos delitos, para uma pol\u00edtica punitiva de &#8220;mano dura&#8221;, com pr\u00e1ticas transgressoras e repressivas por parte de alguns governos e de suas for\u00e7as policiais, para uma pol\u00edtica atual mais focada na conviv\u00eancia e na preven\u00e7\u00e3o.<\/p>\n\n\n\n<p>Nesse sentido, v\u00e1rios \u00f3rg\u00e3os consultivos e de tomada de decis\u00e3o foram organizados na regi\u00e3o para a preven\u00e7\u00e3o e rea\u00e7\u00e3o a problemas de seguran\u00e7a. No caso espec\u00edfico da Col\u00f4mbia, esse \u00f3rg\u00e3o \u00e9 chamado de Conselho Nacional de Seguran\u00e7a e Conviv\u00eancia Cidad\u00e3 e foi criado em 2015. Ele \u00e9 liderado pelo Presidente da Rep\u00fablica e seus ministros de Governo, assim como a Dire\u00e7\u00e3o Nacional de Pol\u00edcia e a representa\u00e7\u00e3o de governadores e prefeitos.<\/p>\n\n\n\n<p>Chama a aten\u00e7\u00e3o o fato de n\u00e3o haver representantes dos cidad\u00e3os nesse Conselho.<\/p>\n\n\n\n<p>Sabemos que os formuladores de pol\u00edticas s\u00e3o os governantes, civis eleitos pelo povo (em pa\u00edses democr\u00e1ticos), que muitas vezes n\u00e3o t\u00eam forma\u00e7\u00e3o em temas de seguran\u00e7a, a tal ponto que suas decis\u00f5es e ordens \u00e0s for\u00e7as policiais fizeram com que estas n\u00e3o tivessem uma reputa\u00e7\u00e3o muito boa.<\/p>\n\n\n\n<p>Portanto, \u00e9 imperativo que tanto os governos quanto os cidad\u00e3os sejam capacitados em conceitos, leis, teorias, pr\u00e1ticas e melhores maneiras de implementar planos de seguran\u00e7a nas cidades, bairros e at\u00e9 mesmo em casas e escolas.<\/p>\n\n\n\n<p>Essa forma\u00e7\u00e3o j\u00e1 ultrapassa os muros das universidades e nos convida a pensar em um recinto e em um cen\u00e1rio pr\u00f3prio para a elabora\u00e7\u00e3o de pol\u00edticas s\u00e9rias e eficazes para nossos pa\u00edses. Lugares de pesquisa, reflex\u00e3o e a\u00e7\u00e3o, onde todos os interessados em fazer sua parte para reduzir os \u00edndices de inseguran\u00e7a e alcan\u00e7ar a t\u00e3o sonhada conviv\u00eancia pac\u00edfica na regi\u00e3o possam ser treinados.<\/p>\n\n\n\n<p>J\u00e1 vimos que a seguran\u00e7a cidad\u00e3 \u00e9 cada vez mais relevante para os cidad\u00e3os e para os governantes, mas, devido \u00e0 complexidade do problema da criminalidade e \u00e0 necessidade de resultados imediatos, as pol\u00edticas p\u00fablicas s\u00e3o concebidas em curto prazo. Portanto, \u00e9 necess\u00e1rio que os governos trabalhem para desenvolver estrat\u00e9gias e articular esfor\u00e7os para saldar essa d\u00edvida hist\u00f3rica com a cidadania.<\/p>\n","protected":false},"excerpt":{"rendered":"<p>A seguran\u00e7a do cidad\u00e3o \u00e9 cada vez mais relevante para os cidad\u00e3os e os governantes, mas, devido \u00e0 necessidade de resultados imediatos, as pol\u00edticas p\u00fablicas geralmente s\u00e3o projetadas para o curto prazo.<\/p>\n","protected":false},"author":485,"featured_media":20255,"comment_status":"closed","ping_status":"closed","sticky":false,"template":"","format":"standard","meta":{"_acf_changed":false,"episode_type":"","audio_file":"","cover_image":"","cover_image_id":"","duration":"","filesize":"","filesize_raw":"","date_recorded":"","explicit":"","block":"","itunes_episode_number":"","itunes_title":"","itunes_season_number":"","itunes_episode_type":"","footnotes":""},"categories":[17105,14513,546],"tags":[],"gps":[],"class_list":{"0":"post-20265","1":"post","2":"type-post","3":"status-publish","4":"format-standard","5":"has-post-thumbnail","7":"category-seguridad-publica-pt-br","8":"category-seguranca-publica","9":"category-sociedad-br"},"acf":[],"_links":{"self":[{"href":"https:\/\/latinoamerica21.com\/pt-br\/wp-json\/wp\/v2\/posts\/20265","targetHints":{"allow":["GET"]}}],"collection":[{"href":"https:\/\/latinoamerica21.com\/pt-br\/wp-json\/wp\/v2\/posts"}],"about":[{"href":"https:\/\/latinoamerica21.com\/pt-br\/wp-json\/wp\/v2\/types\/post"}],"author":[{"embeddable":true,"href":"https:\/\/latinoamerica21.com\/pt-br\/wp-json\/wp\/v2\/users\/485"}],"replies":[{"embeddable":true,"href":"https:\/\/latinoamerica21.com\/pt-br\/wp-json\/wp\/v2\/comments?post=20265"}],"version-history":[{"count":0,"href":"https:\/\/latinoamerica21.com\/pt-br\/wp-json\/wp\/v2\/posts\/20265\/revisions"}],"wp:featuredmedia":[{"embeddable":true,"href":"https:\/\/latinoamerica21.com\/pt-br\/wp-json\/wp\/v2\/media\/20255"}],"wp:attachment":[{"href":"https:\/\/latinoamerica21.com\/pt-br\/wp-json\/wp\/v2\/media?parent=20265"}],"wp:term":[{"taxonomy":"category","embeddable":true,"href":"https:\/\/latinoamerica21.com\/pt-br\/wp-json\/wp\/v2\/categories?post=20265"},{"taxonomy":"post_tag","embeddable":true,"href":"https:\/\/latinoamerica21.com\/pt-br\/wp-json\/wp\/v2\/tags?post=20265"},{"taxonomy":"gps","embeddable":true,"href":"https:\/\/latinoamerica21.com\/pt-br\/wp-json\/wp\/v2\/gps?post=20265"}],"curies":[{"name":"wp","href":"https:\/\/api.w.org\/{rel}","templated":true}]}}