{"id":20351,"date":"2023-11-05T05:00:00","date_gmt":"2023-11-05T08:00:00","guid":{"rendered":"https:\/\/latinoamerica21.com\/?p=20351"},"modified":"2023-11-05T18:39:38","modified_gmt":"2023-11-05T21:39:38","slug":"a-ruptura-e-a-motosserra","status":"publish","type":"post","link":"https:\/\/latinoamerica21.com\/pt-br\/a-ruptura-e-a-motosserra\/","title":{"rendered":"A ruptura e a motosserra"},"content":{"rendered":"\n<p>O economista libert\u00e1rio e conservador social Javier Milei apareceu empunhando sua motosserra prestes \u00e0s elei\u00e7\u00f5es presidenciais argentinas. O bicoalicionismo tradicional, peronismo e n\u00e3o peronismo, est\u00e3o reagindo a esse impacto.<\/p>\n\n\n\n<p>Em 13 de agosto, houve elei\u00e7\u00f5es prim\u00e1rias abertas obrigat\u00f3rias (PASO). Essas s\u00e3o elei\u00e7\u00f5es internas dos diferentes partidos para definir os candidatos. Javier Milei, com seu partido La Libertad Avanza (LLA), surpreendeu com uma maioria de 30% dos votos.<\/p>\n\n\n\n<p>Em seguida, em 22 de outubro, foram realizadas as elei\u00e7\u00f5es gerais. Nenhum dos candidatos alcan\u00e7ou a maioria necess\u00e1ria para obter diretamente a presid\u00eancia, portanto, haver\u00e1 um segundo turno em 19 de novembro entre os dois candidatos mais votados. Ao manter sua porcentagem, Milei conseguiu se estabelecer como finalista na corrida presidencial. O n\u00e3o-peronismo, um dos atores permanentes do sistema partid\u00e1rio argentino, ficou de fora da disputa. Trata-se do Juntos por el Cambio (JxC), que re\u00fane o presidente Mauricio Macri e a candidata agora destitu\u00edda Patricia Bullrich. O outro finalista para presidente \u00e9 a coaliz\u00e3o peronista governista Uni\u00f3n por la Patria (UxP), que obteve 37% dos votos, um aumento de 10% em rela\u00e7\u00e3o ao PASO. O candidato Sergio Massa \u00e9 o ministro da Economia do presidente <em>lame duck <\/em>Alberto Fern\u00e1ndez, enfraquecido&nbsp; desde o in\u00edcio de sua presid\u00eancia.<\/p>\n\n\n\n<p>A (re)configura\u00e7\u00e3o das alian\u00e7as<\/p>\n\n\n\n<p>\u00c9 dif\u00edcil definir os partidos argentinos no molde ideol\u00f3gico direita-esquerda em um pa\u00eds onde o eleitorado \u00e9 basicamente de centro. A ruptura vernacular entre o peronismo e o antiperonismo implica um comportamento de voto enraizado na afilia\u00e7\u00e3o socioecon\u00f4mica e na tradi\u00e7\u00e3o partid\u00e1ria que leva a uma forte ades\u00e3o a uma fam\u00edlia pol\u00edtica. Ainda n\u00e3o se sabe como a din\u00e2mica do sistema partid\u00e1rio continuar\u00e1. Javier Milei surgiu n\u00e3o apenas como uma terceira for\u00e7a, mas tamb\u00e9m com uma ideologia libert\u00e1ria. Mas a ruptura geralmente acaba processando os candidatos e reordenando a maior parte do espa\u00e7o eleitoral de forma bin\u00e1ria.<\/p>\n\n\n\n<p>Alguns pol\u00edticos s\u00e3o muito h\u00e1beis em medir a temperatura da sociedade civil. Os peronistas se destacam nesse aspecto. Sergio Massa (UxP) \u00e9 criticado por muitos (pessoas e memes) como um pol\u00edtico acomodado que, com frases e habilidade pol\u00edtica, conquistou (novamente) sua vaga na elei\u00e7\u00e3o presidencial. Em 2015, ele tamb\u00e9m tentou uma terceira via para a presid\u00eancia, que perdeu com o terceiro lugar. O certo \u00e9 que o peronismo encontrou nele a possibilidade de evitar o colapso da reta final da presid\u00eancia sem brilho de Alberto Fern\u00e1ndez e de salvar o \u00faltimo reduto kirchnerista, que precisa estar pr\u00f3ximo ao governo para adiar <em>ad aeternum<\/em> os processos de corrup\u00e7\u00e3o que lhe s\u00e3o movidos. O peronismo j\u00e1 garantiu um reduto, com o kirchnerista Axel Kicillof renovando seu mandato na prov\u00edncia de Buenos Aires, o principal distrito eleitoral do pa\u00eds.<\/p>\n\n\n\n<p>Juntos por el Cambio, a coaliz\u00e3o que ficou de fora da vota\u00e7\u00e3o, \u00e9 vista como de centro-direita. A sele\u00e7\u00e3o dos candidatos foi disputada internamente at\u00e9 o \u00faltimo minuto, confiando que as condi\u00e7\u00f5es estavam dadas para uma vit\u00f3ria segura. A candidata Patricia Bullrich, ex-ministra da Seguran\u00e7a durante a presid\u00eancia de Mauricio Macri, n\u00e3o conseguiu convencer muito mais do que 23% e, faltando poucos dias para o final do primeiro turno, a coaliz\u00e3o se desmoronou. Diante da possibilidade de ficarem entrincheirados na oposi\u00e7\u00e3o, Macri e Bullrich decidiram apoiar Javier Milei. Alguns candidatos menores apoiar\u00e3o Sergio Massa. Uma grande parte do eleitorado, respeitando sua afilia\u00e7\u00e3o pol\u00edtica, nunca aceitar\u00e1 um candidato peronista. A UCR e a Coaliz\u00e3o C\u00edvica (parte da Juntos por el Cambio) decidiram permanecer neutras, estabelecendo-se formalmente (por enquanto) como l\u00edderes da oposi\u00e7\u00e3o. Destaca-se o triunfo <em>federal<\/em> do JxC, que passar\u00e1 de governar em 4 prov\u00edncias para 10 das 23, e ter\u00e1 a maioria dos governadores. Um grande ganho para a futura oposi\u00e7\u00e3o. O partido tamb\u00e9m manteve a cidade de Buenos Aires, agora com Jorge Macri, primo do ex-presidente. \u00c9 muito cedo para brandir essa bandeira eleitoral federal, mas \u00e9 uma forte moeda de troca para o futuro governo ou para se estabelecer como uma oposi\u00e7\u00e3o contundente.<\/p>\n\n\n\n<p>Javier Milei \u00e9 o outro pol\u00edtico (na verdade, um economista) que leu habilmente o eleitorado. Ele detectou raiva e cansa\u00e7o que se encaixam perfeitamente com seu<em> look<\/em> despreocupado e fresco. Sua coaliz\u00e3o, La Libertad Avanza, \u00e9 recente (desde 2021) e tem propostas libert\u00e1rias. Exibe uma motosserra como s\u00edmbolo de &#8220;casta antipol\u00edtica&#8221; e anti-intervencionismo estatal. A dolariza\u00e7\u00e3o da economia com uma das maiores taxas de infla\u00e7\u00e3o do mundo, a transforma\u00e7\u00e3o da educa\u00e7\u00e3o p\u00fablica em um sistema de <em>vouchers<\/em> educacionais como os propostos por Milton Friedman na d\u00e9cada de 1960 e a tarifa\u00e7\u00e3o do sistema de sa\u00fade geraram detratores e cr\u00edticas cruzadas, mas definiram a agenda pol\u00edtica sobre temas sens\u00edveis e sobre o cansa\u00e7o de um sistema quebrado e corrupto. Coincidentemente, a reta final da campanha \u00e9 marcada pela alta infla\u00e7\u00e3o, pobreza, car\u00eancia de suprimentos m\u00e9dicos e falta de combust\u00edvel.<\/p>\n\n\n\n<p>Muitas de suas propostas libert\u00e1rias s\u00e3o dif\u00edceis de implementar, impratic\u00e1veis ou fracassaram. Trata-se de uma candidatura sem base territorial pr\u00f3pria, e sua plataforma anticasta n\u00e3o condiz com a necessidade de buscar as alian\u00e7as necess\u00e1rias para alcan\u00e7ar governabilidade e mudan\u00e7as de longo prazo. H\u00e1 at\u00e9 mesmo temores de pr\u00e1ticas antidemocr\u00e1ticas. Muitos consideram o voto em Milei como um salto no vazio. Pode ser por esse motivo que Milei est\u00e1 redefinindo seu discurso, deixando de unir em face do desencanto para gerar esperan\u00e7a em algo novo.&nbsp;<\/p>\n\n\n\n<p>A vota\u00e7\u00e3o<\/p>\n\n\n\n<p>Na vota\u00e7\u00e3o, os argentinos ficar\u00e3o divididos entre duas op\u00e7\u00f5es: <a href=\"https:\/\/latinoamerica21.com\/br\/a-batalha-dos-populismos\/\">um candidato peronista comprovado na pol\u00edtica e outro, por hora, disruptivo e libert\u00e1rio<\/a>.<\/p>\n\n\n\n<p>Massa pode ter se equivocado ao colocar Milei como seu advers\u00e1rio (e n\u00e3o Bullrich), elevando assim seu valor. Para enfrent\u00e1-lo, ele tem, por um lado, o voto cativo kirchnerista e uma grande parte do voto peronista tradicional. Al\u00e9m disso, ele tem as chaves do reino, o aparato estatal\/peronista a seu favor. Ele faz uso de fal\u00e1cias e fobias clientelistas. A mobiliza\u00e7\u00e3o em massa nas se\u00e7\u00f5es eleitorais, as aloca\u00e7\u00f5es de dinheiro e or\u00e7amento como moeda de troca e o popularmente chamado &#8220;plano platita&#8221;, financiado pela infla\u00e7\u00e3o, criam um impulso em sua campanha. Al\u00e9m disso, ele explora as d\u00favidas sobre o plano de governo de Milei: medo de ficar imediatamente sem subs\u00eddios e empregos estatais, dos quais mais de 50% da popula\u00e7\u00e3o depende, e medo de perder a educa\u00e7\u00e3o e o atendimento m\u00e9dico gratuitos.<\/p>\n\n\n\n<p>O eleitorado deixado vago por Patricia Bullrich arca com o \u00f4nus do desempate t\u00e9cnico. A implos\u00e3o do JxC implica que um setor poder\u00e1 se aliar ao governo e outro \u00e0 oposi\u00e7\u00e3o. E se todos perderem, a UCR, a Coalici\u00f3n C\u00edvica y Confianza P\u00fablica j\u00e1 se adiantaram para fincar a bandeira definitiva da oposi\u00e7\u00e3o.<\/p>\n\n\n\n<p>Milei ter\u00e1 de decidir a quem agradar. At\u00e9 o momento, ele tem feito um trabalho muito bom conquistando votos em todos os setores, mas, acima de tudo, do peronismo e de jovens, trabalhadores informais e homens desencantados com a pol\u00edtica tradicional. Resta saber se esses eleitores s\u00e3o mais propensos a aderir ao peronismo ou se est\u00e3o fartos dele. Milei tamb\u00e9m precisa buscar votos entre aqueles que ficaram sem candidato. Ele ter\u00e1 de convencer os eleitores do JxC de que, al\u00e9m de seu discurso anticasta, na pr\u00e1tica ele n\u00e3o acabar\u00e1 sendo apenas mais um peronista.<\/p>\n\n\n\n<p>Muitos, como Mart\u00edn Lousteau (UCR), acreditam que Milei \u00e9 um &#8220;demagogo que afeta a conviv\u00eancia democr\u00e1tica&#8221;. O voto em branco tem v\u00e1rias interpreta\u00e7\u00f5es. \u00c9 um voto de protesto para aqueles que n\u00e3o confiam em ambos os candidatos. \u00c9 uma carta de &#8220;deixe os outros fazerem o que quiserem&#8221; para aqueles que n\u00e3o se sentem representados. \u00c9 tamb\u00e9m, para muitos eleitores do JxC, uma demonstra\u00e7\u00e3o de pertencimento a um espa\u00e7o pol\u00edtico, ou de n\u00e3o trair princ\u00edpios e se afirmar como oposi\u00e7\u00e3o.<\/p>\n\n\n\n<p>A legitimidade&nbsp;<\/p>\n\n\n\n<p>Conseguir ser eleito \u00e9 uma tarefa \u00e1rdua, mas necess\u00e1ria, para ter a infeliz sorte de governar. <a href=\"https:\/\/latinoamerica21.com\/br\/a-democracia-argentina-e-a-crise-dos-quarenta\/\">Dos 40 anos de democracia ininterrupta na Argentina<\/a>, o peronismo governou por 28 anos, dos quais o kirchnerismo, por 20. O antiperonismo unido chegou \u00e0 presid\u00eancia apenas 3 vezes. O presidente Mauricio Macri, do atual JxC, n\u00e3o foi reeleito. Embora com alguns percal\u00e7os, ocorreram transi\u00e7\u00f5es entre governos democr\u00e1ticos; dois governos radicais terminaram prematuramente em meio a uma crise econ\u00f4mica, mas a democracia n\u00e3o foi interrompida. H\u00e1 pessoas que votaram em todas as elei\u00e7\u00f5es desde o fim da ditadura. Na Argentina, o &#8220;nunca mais&#8221; foi gravado em fogo como um triunfo para aqueles de n\u00f3s que vivemos a ditadura militar.<\/p>\n\n\n\n<p>Para que cada voto conte, as elei\u00e7\u00f5es devem ser justas.&nbsp; Os organismos internacionais, por exemplo, latinoamericanos, podem servir para afastar o fantasma da fraude. Outro fator que acrescenta legitimidade a um governo \u00e9 a liberdade de escolha. 40% de pobreza e uma porcentagem maior de depend\u00eancia do Estado para viver, trabalhar ou produzir criam um ciclo de reprodu\u00e7\u00e3o da pobreza e clientelismo. A liberdade de escolha \u00e9 limitada pela necessidade de subsist\u00eancia, que supera a necessidade de mudan\u00e7as necess\u00e1rias.<\/p>\n\n\n\n<p>A an\u00e1lise dessas elei\u00e7\u00f5es continua girando em torno do descontentamento. Estamos em um per\u00edodo de reativa\u00e7\u00e3o da discuss\u00e3o e da participa\u00e7\u00e3o cidad\u00e3, com tr\u00eas elei\u00e7\u00f5es em tr\u00eas meses. H\u00e1 um realinhamento das for\u00e7as pol\u00edticas. A inclus\u00e3o social no processo produtivo com v\u00ednculos mais altos na escala de valor, o apoio \u00e0 ind\u00fastria do conhecimento, que atualmente \u00e9 competitiva em n\u00edvel internacional, uma inser\u00e7\u00e3o mais sofisticada no mundo, o desenvolvimento de ind\u00fastrias regionais, s\u00e3o pol\u00edticas que n\u00e3o s\u00e3o t\u00e3o estranhas para ningu\u00e9m que precise chegar a um consenso.<\/p>\n\n\n\n<p>O pr\u00f3ximo presidente da Argentina est\u00e1 em algum lugar entre o &#8220;que se danem&#8221; 2.0 de Milei, ou o &#8220;mais vale o Massa conhecido do que Milei a ser conhecido&#8221;. Veremos se, com uma oposi\u00e7\u00e3o respons\u00e1vel, o pr\u00f3ximo governo avan\u00e7ar\u00e1 em dire\u00e7\u00e3o a pol\u00edticas p\u00fablicas intergeracionais que possam resolver as necessidades da popula\u00e7\u00e3o.<\/p>\n","protected":false},"excerpt":{"rendered":"<p>\u00c9 dif\u00edcil definir os partidos argentinos nos moldes ideol\u00f3gicos direita-esquerda em um pa\u00eds onde o eleitorado \u00e9 basicamente de centro.<\/p>\n","protected":false},"author":487,"featured_media":20317,"comment_status":"closed","ping_status":"closed","sticky":false,"template":"","format":"standard","meta":{"_acf_changed":false,"episode_type":"","audio_file":"","cover_image":"","cover_image_id":"","duration":"","filesize":"","filesize_raw":"","date_recorded":"","explicit":"","block":"","itunes_episode_number":"","itunes_title":"","itunes_season_number":"","itunes_episode_type":"","footnotes":""},"categories":[16711,16797,16734,16719,544],"tags":[15638,13032],"gps":[],"class_list":{"0":"post-20351","1":"post","2":"type-post","3":"status-publish","4":"format-standard","5":"has-post-thumbnail","7":"category-elecciones-pt-br","8":"category-polarizacion-pt-br","9":"category-argentina-pt-br","10":"category-debates-pt-br","11":"category-politica-br","12":"tag-eleicoes","13":"tag-debates-br"},"acf":[],"_links":{"self":[{"href":"https:\/\/latinoamerica21.com\/pt-br\/wp-json\/wp\/v2\/posts\/20351","targetHints":{"allow":["GET"]}}],"collection":[{"href":"https:\/\/latinoamerica21.com\/pt-br\/wp-json\/wp\/v2\/posts"}],"about":[{"href":"https:\/\/latinoamerica21.com\/pt-br\/wp-json\/wp\/v2\/types\/post"}],"author":[{"embeddable":true,"href":"https:\/\/latinoamerica21.com\/pt-br\/wp-json\/wp\/v2\/users\/487"}],"replies":[{"embeddable":true,"href":"https:\/\/latinoamerica21.com\/pt-br\/wp-json\/wp\/v2\/comments?post=20351"}],"version-history":[{"count":0,"href":"https:\/\/latinoamerica21.com\/pt-br\/wp-json\/wp\/v2\/posts\/20351\/revisions"}],"wp:featuredmedia":[{"embeddable":true,"href":"https:\/\/latinoamerica21.com\/pt-br\/wp-json\/wp\/v2\/media\/20317"}],"wp:attachment":[{"href":"https:\/\/latinoamerica21.com\/pt-br\/wp-json\/wp\/v2\/media?parent=20351"}],"wp:term":[{"taxonomy":"category","embeddable":true,"href":"https:\/\/latinoamerica21.com\/pt-br\/wp-json\/wp\/v2\/categories?post=20351"},{"taxonomy":"post_tag","embeddable":true,"href":"https:\/\/latinoamerica21.com\/pt-br\/wp-json\/wp\/v2\/tags?post=20351"},{"taxonomy":"gps","embeddable":true,"href":"https:\/\/latinoamerica21.com\/pt-br\/wp-json\/wp\/v2\/gps?post=20351"}],"curies":[{"name":"wp","href":"https:\/\/api.w.org\/{rel}","templated":true}]}}