{"id":20375,"date":"2023-11-08T09:00:00","date_gmt":"2023-11-08T12:00:00","guid":{"rendered":"https:\/\/latinoamerica21.com\/?p=20375"},"modified":"2023-11-07T10:10:59","modified_gmt":"2023-11-07T13:10:59","slug":"ilhas-de-calor-um-risco-para-a-saude-publica","status":"publish","type":"post","link":"https:\/\/latinoamerica21.com\/pt-br\/ilhas-de-calor-um-risco-para-a-saude-publica\/","title":{"rendered":"&#8220;Ilhas de calor&#8221;, um risco para a sa\u00fade p\u00fablica"},"content":{"rendered":"\n<p><strong><em>Leticia G\u00f3mez-Mendoza<\/em><\/strong><\/p>\n\n\n\n<p>Em 19 de junho de 2023, no metr\u00f4 da Cidade do M\u00e9xico que transportava Juan para sua consulta, a temperatura era de 42\u00b0C. Assim que ele chegou \u00e0 cl\u00ednica, o primeiro paciente do dia foi uma mulher idosa que relatou tontura e n\u00e1usea nos \u00faltimos dois dias. Durante o m\u00eas de junho, a onda de calor (tamb\u00e9m denominada <em>ola de calor<\/em>) que afetava a capital mexicana, uma das maiores metr\u00f3poles do mundo, j\u00e1 estava causando danos \u00e0 sa\u00fade de seus habitantes.<\/p>\n\n\n\n<p>Naquele dia, de acordo com o Servi\u00e7o Meteorol\u00f3gico Nacional, foi registrada uma temperatura m\u00e1xima extrema de 41\u00b0C na Cidade do M\u00e9xico, enquanto o Minist\u00e9rio da Sa\u00fade relatou 1.072 casos associados a temperaturas extremas e 100 ocorr\u00eancias de \u00f3bitos em n\u00edvel nacional atribu\u00edveis \u00e0 terceira onda de calor do ver\u00e3o, ocorrida entre 1\u00ba e 22 de junho.<\/p>\n\n\n\n<p>Nos \u00faltimos anos, esse fen\u00f4meno tem se tornado cada vez mais frequente e os cientistas apontam que, devido ao aquecimento global nos \u00faltimos anos, <a href=\"https:\/\/latinoamerica21.com\/br\/as-temperaturas-irao-atingir-niveis-recordes-nos-proximos-cinco-anos\/\">estamos observando um aumento na temperatura<\/a> e, em particular, nas ondas de calor durante os ver\u00f5es. Isso est\u00e1 causando o aumento de enfermidades associadas ao calor extremo, principalmente em \u00e1reas onde ocorre o fen\u00f4meno conhecido como ilha de calor urbana.<\/p>\n\n\n\n<p><strong>Mas o que s\u00e3o as ilhas de calor?<\/strong><\/p>\n\n\n\n<p>O termo <em>ilha de calor<\/em> refere-se aos locais ou \u00e1reas dentro das cidades onde a temperatura da superf\u00edcie das ruas e dos edif\u00edcios \u00e9 significativamente mais alta do que a registrada nas superf\u00edcies da periferia das zonas urbanizadas, com diferen\u00e7as que podem chegar a at\u00e9 10\u00b0C. Essas ilhas de calor s\u00e3o o resultado do crescimento e desenvolvimento de \u00e1reas urbanas, da constru\u00e7\u00e3o de novos edif\u00edcios e do aumento de ruas e avenidas cobertas com materiais como asfalto ou concreto, que permitem o ac\u00famulo de calor durante o dia.<\/p>\n\n\n\n<p>Al\u00e9m disso, como parte da atividade pr\u00f3pria das cidades, h\u00e1 outras fontes de calor, como os carros e ve\u00edculos de transporte p\u00fablico e de carga ou equipamentos de refrigera\u00e7\u00e3o, como os ar-condicionados &#8211; cada vez mais usados &#8211; cuja temperatura tamb\u00e9m \u00e9 armazenada nas superf\u00edcies das fachadas e ruas. Todo o calor acumulado durante o dia \u00e9 liberado lentamente \u00e0 noite.<\/p>\n\n\n\n<p><strong>As consequ\u00eancias do calor extremo<\/strong><\/p>\n\n\n\n<p>O aumento das temperaturas tem impactos sobre a sa\u00fade e o bem-estar da popula\u00e7\u00e3o que se manifestam de diferentes maneiras, desde a perda de conforto, que pode estar associada \u00e0 irritabilidade e \u00e0 falta de concentra\u00e7\u00e3o, at\u00e9 a desidrata\u00e7\u00e3o, problemas respirat\u00f3rios, insola\u00e7\u00e3o e fadiga. Os efeitos do calor podem at\u00e9 levar \u00e0 morte, j\u00e1 que, diante das altas temperaturas, a capacidade do corpo de dissipar o calor pode ser prejudicada, sendo as crian\u00e7as, os idosos e as pessoas com problemas respirat\u00f3rios os setores mais vulner\u00e1veis da popula\u00e7\u00e3o.<\/p>\n\n\n\n<p>Os golpes de calor, de acordo com o Instituto Mexicano de Seguridade Social (IMSS), ocorrem quando a temperatura sobe acima de 40 \u00b0C, excedendo a temperatura corporal, que \u00e9 considerada normal entre 36,5 e 37,2 \u00b0C. Isso ocorre principalmente quando a pessoa perde a capacidade de se resfriar por meio do suor devido \u00e0 desidrata\u00e7\u00e3o.<\/p>\n\n\n\n<p>Os efeitos associados \u00e0s ilhas de calor urbanas e \u00e0s ondas de calor s\u00e3o um problema que tem consequ\u00eancias para a popula\u00e7\u00e3o mundial. Em seu <a href=\"https:\/\/www.lancetcountdown.org\/data-platform\/health-hazards-exposures-and-impacts\/1-1-health-and-heat\/1-1-5-heat-and-sentiment\">informe de 2022, o <em>The Lancet Countdown<\/em><\/a> publicou os resultados de um estudo realizado em 43 pa\u00edses, no qual destaca que a mortalidade relacionada ao calor aumentou cerca de 68% em pessoas com mais de 65 anos de idade entre os per\u00edodos de 2000-2004 e 2017-2021. Para o mesmo per\u00edodo, o relat\u00f3rio informa a varia\u00e7\u00e3o percentual e o n\u00famero de mortes por pa\u00eds. No caso da Am\u00e9rica Latina, destaca-se o Equador, com uma varia\u00e7\u00e3o percentual de 1477% (300 mortes); Honduras, com 547% (190); Brasil, 191% (3.920); M\u00e9xico, com 123% (2.070), e Argentina com 85% (1.300).<\/p>\n\n\n\n<p>Outro efeito \u00e9 a dificuldade de conserva\u00e7\u00e3o dos alimentos, que tendem a se decompor mais facilmente se expostos a temperaturas mais altas, tornando necess\u00e1rio o uso de sistemas de refrigera\u00e7\u00e3o para sua preserva\u00e7\u00e3o.<\/p>\n\n\n\n<p><strong>O caso da Cidade do M\u00e9xico<\/strong><\/p>\n\n\n\n<p>Por\u00e9m, antes que qualquer a\u00e7\u00e3o possa ser tomada para prevenir ou reduzir esse fen\u00f4meno, \u00e9 necess\u00e1rio saber em detalhes quais s\u00e3o as \u00e1reas onde ocorrem as temperaturas mais altas, quantas pessoas est\u00e3o expostas e as condi\u00e7\u00f5es de cada local. Por esse motivo, um grupo de pesquisadores da Universidade Nacional Aut\u00f4noma do M\u00e9xico, um grupo de pesquisadores membros do <a href=\"http:\/\/www.espaciogeo.net\/ccybd\/?fbclid=IwAR04fmhN2uXJDLoAq6AUXdK7RgdYZx3feja6QrMGyiCzg33JWdhxw9iht9Y\">Semin\u00e1rio sobre Mudan\u00e7as Clim\u00e1ticas, Biodiversidade e Sa\u00fade<\/a>, est\u00e3o realizando um estudo com o objetivo de identificar as \u00e1reas de maior vulnerabilidade, bem como a percep\u00e7\u00e3o da popula\u00e7\u00e3o em dois munic\u00edpios, a fim de propor medidas para mitigar os efeitos da ilha de calor sobre a popula\u00e7\u00e3o.<\/p>\n\n\n\n<p>De acordo com os resultados preliminares da pesquisa, 10% das pessoas afirmam que, durante as ondas de calor, frequentemente sofrem de dores de cabe\u00e7a, enquanto quase metade sofre apenas algumas vezes. Al\u00e9m disso, quase um ter\u00e7o dos entrevistados indicaram sofrer de tontura em algumas ocasi\u00f5es e 15% afirmaram que, em dias quentes, costumam sofrer de n\u00e1useas ou v\u00f4mitos.<\/p>\n\n\n\n<p>As informa\u00e7\u00f5es obtidas nesse estudo nos permitir\u00e3o refinar as linhas de a\u00e7\u00e3o para identificar as a\u00e7\u00f5es mais adequadas e pertinentes para prevenir e atender \u00e0 popula\u00e7\u00e3o exposta a essas ilhas de calor. De fato, estudos realizados por v\u00e1rios pesquisadores indicam que, em \u00e1reas onde h\u00e1 pouca ou nenhuma vegeta\u00e7\u00e3o, as temperaturas tendem a ser mais elevadas do que nas que contam com arboriza\u00e7\u00e3o urbana.<\/p>\n\n\n\n<p><strong>Como solucion\u00e1-lo?<\/strong><\/p>\n\n\n\n<p>O impacto dos efeitos derivados das ilhas de calor \u00e9 de tal import\u00e2ncia que diversas inst\u00e2ncias nacionais e internacionais, governamentais, acad\u00eamicas e da sociedade civil organizada (ONGs) propuseram v\u00e1rias iniciativas e a\u00e7\u00f5es para reduzir a concentra\u00e7\u00e3o de calor nas cidades e, portanto, o risco de afetar a popula\u00e7\u00e3o. Entre elas se destacam o aumento do n\u00famero de \u00e1rvores urbanas e zonas verdes, a pintura de telhados e fachadas com cores claras e a instala\u00e7\u00e3o dos chamados telhados verdes, que consistem em cobrir essas superf\u00edcies com vegeta\u00e7\u00e3o natural. Essas a\u00e7\u00f5es geram maior reflex\u00e3o, reduzindo assim o armazenamento de calor. Outras medidas incluem a promo\u00e7\u00e3o da ventila\u00e7\u00e3o natural e a instala\u00e7\u00e3o de equipamentos de baixo consumo energ\u00e9tico e baixo aquecimento nos edif\u00edcios.<\/p>\n\n\n\n<p>A aten\u00e7\u00e3o para minimizar ou tratar os efeitos associados \u00e0s ilhas de calor urbanas depende da sociedade como um todo; as a\u00e7\u00f5es devem ser tomadas a partir de diferentes trincheiras e em diferentes escalas, desde as v\u00e1rias esferas do governo, do meio acad\u00eamico, da sociedade civil organizada (ONGs) e da pr\u00f3pria fam\u00edlia e no \u00e2mbito pessoal. Todas essas esferas devem trabalhar de forma coordenada e harm\u00f4nica. Os indiv\u00edduos e as fam\u00edlias podem fazer muito para minimizar o consumo de energia, desde a substitui\u00e7\u00e3o de equipamentos que economizam energia at\u00e9 o plantio de \u00e1rvores em suas propriedades ou a inclus\u00e3o de vegeta\u00e7\u00e3o em seus telhados. Os governos e as ONGs devem promover mecanismos que permitam adaptar a estrutura legal para favorecer o plantio de \u00e1rvores urbanas e projetos arquitet\u00f4nicos de acordo com o clima de cada cidade, com o objetivo de renaturalizar as zonas urbanas. As op\u00e7\u00f5es s\u00e3o variadas, portanto, a primeira coisa que deve ser feita \u00e9 ter vontade civil e pol\u00edtica para enfrentar um problema que pode aumentar significativamente se for ignorado, como consequ\u00eancia do aquecimento global.<\/p>\n\n\n\n<p><em><sup>Leticia G\u00f3mez-Mendoza \u00e9 professora em tempo integral no Colegio de Geograf\u00eda, Facultad de Filosof\u00eda, UNAM. Doutora e mestre em Geografia pela UNAM. Especialista em meteorologia, variabilidade e mudan\u00e7as clim\u00e1ticas.<\/sup><\/em><\/p>\n","protected":false},"excerpt":{"rendered":"<p>Devido ao aquecimento global, h\u00e1 um aumento na temperatura e nas ondas de calor durante os ver\u00f5es, o que est\u00e1 causando um aumento nas doen\u00e7as associadas ao calor extremo.<\/p>\n","protected":false},"author":501,"featured_media":20358,"comment_status":"closed","ping_status":"closed","sticky":false,"template":"","format":"standard","meta":{"_acf_changed":false,"episode_type":"","audio_file":"","cover_image":"","cover_image_id":"","duration":"","filesize":"","filesize_raw":"","date_recorded":"","explicit":"","block":"","itunes_episode_number":"","itunes_title":"","itunes_season_number":"","itunes_episode_type":"","footnotes":""},"categories":[16897,16788,16719,16751,546],"tags":[13032],"gps":[],"class_list":{"0":"post-20375","1":"post","2":"type-post","3":"status-publish","4":"format-standard","5":"has-post-thumbnail","7":"category-cambio-climatico-pt-br","8":"category-salud-pt-br","9":"category-debates-pt-br","10":"category-medioambiente-pt-br","11":"category-sociedad-br","12":"tag-debates-br"},"acf":[],"_links":{"self":[{"href":"https:\/\/latinoamerica21.com\/pt-br\/wp-json\/wp\/v2\/posts\/20375","targetHints":{"allow":["GET"]}}],"collection":[{"href":"https:\/\/latinoamerica21.com\/pt-br\/wp-json\/wp\/v2\/posts"}],"about":[{"href":"https:\/\/latinoamerica21.com\/pt-br\/wp-json\/wp\/v2\/types\/post"}],"author":[{"embeddable":true,"href":"https:\/\/latinoamerica21.com\/pt-br\/wp-json\/wp\/v2\/users\/501"}],"replies":[{"embeddable":true,"href":"https:\/\/latinoamerica21.com\/pt-br\/wp-json\/wp\/v2\/comments?post=20375"}],"version-history":[{"count":0,"href":"https:\/\/latinoamerica21.com\/pt-br\/wp-json\/wp\/v2\/posts\/20375\/revisions"}],"wp:featuredmedia":[{"embeddable":true,"href":"https:\/\/latinoamerica21.com\/pt-br\/wp-json\/wp\/v2\/media\/20358"}],"wp:attachment":[{"href":"https:\/\/latinoamerica21.com\/pt-br\/wp-json\/wp\/v2\/media?parent=20375"}],"wp:term":[{"taxonomy":"category","embeddable":true,"href":"https:\/\/latinoamerica21.com\/pt-br\/wp-json\/wp\/v2\/categories?post=20375"},{"taxonomy":"post_tag","embeddable":true,"href":"https:\/\/latinoamerica21.com\/pt-br\/wp-json\/wp\/v2\/tags?post=20375"},{"taxonomy":"gps","embeddable":true,"href":"https:\/\/latinoamerica21.com\/pt-br\/wp-json\/wp\/v2\/gps?post=20375"}],"curies":[{"name":"wp","href":"https:\/\/api.w.org\/{rel}","templated":true}]}}