{"id":20455,"date":"2023-11-13T09:00:00","date_gmt":"2023-11-13T12:00:00","guid":{"rendered":"https:\/\/latinoamerica21.com\/?p=20455"},"modified":"2023-12-17T14:55:24","modified_gmt":"2023-12-17T17:55:24","slug":"argentina-a-balotagem-de-ferro","status":"publish","type":"post","link":"https:\/\/latinoamerica21.com\/pt-br\/argentina-a-balotagem-de-ferro\/","title":{"rendered":"Argentina: a \u2018balotagem\u2019 de ferro"},"content":{"rendered":"\n<p>Em 19 de novembro, a Argentina eleger\u00e1 um presidente em um segundo turno (balotagem) entre o candidato do atual governo, Sergio Massa \u2013 Uni\u00f3n por la Patria \u2013, e o <em>outsider<\/em> Javier Milei, criador do partido libert\u00e1rio La Libertad Avanza. Ambos chegaram a essa inst\u00e2ncia de maneira surpreendente: Javier Milei como vencedor das Prim\u00e1rias Abertas (PASO) de agosto, onde Massa ficou em terceiro lugar, e <a href=\"https:\/\/www1.folha.uol.com.br\/mundo\/2023\/10\/dinheirinho-medo-de-milei-e-centro-direita-dividida-explicam-sucesso-de-massa.shtml\">Sergio Massa<\/a> ap\u00f3s o primeiro turno em outubro, onde se recuperou e ficou em primeiro, deslocando Milei para o segundo lugar e deixando fora da disputa a favorita anterior, Patricia Bullrich, do macrista Juntos por el Cambio.<\/p>\n\n\n\n<p>Sergio Massa \u00e9 um pol\u00edtico ambicioso que vem escalando a pol\u00edtica argentina h\u00e1 anos e que uma parte do eleitorado e da imprensa rotularam de oportunista. Nessa escalada, e a partir de sua posi\u00e7\u00e3o como Ministro da Economia, apesar de n\u00e3o ser economista, fez sua campanha principalmente com base em duas quest\u00f5es: por um lado, distanciando-se do kirchnerismo, basicamente de Cristina Kirchner, pelo alta rejei\u00e7\u00e3o que ela tem no eleitorado, e, por outro lado, com decis\u00f5es econ\u00f4micas que podem ser claramente rotuladas como \u201cdistribui\u00e7\u00e3o de recursos para ganhar votos\u201d (na m\u00eddia \u00e9 chamado de \u201cPlano Platita\u201d).<\/p>\n\n\n\n<p><a href=\"https:\/\/latinoamerica21.com\/br\/o-anarcoautoritarismo-de-javier-milei\/\">Javier Milei representa esse novo fen\u00f4meno<\/a>, ao menos em se tornar um ator competitivo na pol\u00edtica global, chamado libertarismo. Os denominadores comuns do libertarismo s\u00e3o basicamente o ultraliberalismo econ\u00f4mico, o individualismo extremo e, sobretudo, uma rea\u00e7\u00e3o furiosa \u00e0s demandas da nova esquerda: g\u00eanero, diversidade sexual, multiculturalismo, ambientalismo.<\/p>\n\n\n\n<p>Ou seja, a <em>balotagem<\/em> na Argentina j\u00e1 n\u00e3o ocorrer\u00e1 no cl\u00e1ssico confronto entre peronismo e antiperonismo, ou entre kirchnerismo e antikirchnerismo. Duas novas esp\u00e9cies se enfrentam, sobretudo a de Milei.<\/p>\n\n\n\n<p>A guerra de pesquisas, uma guerra que n\u00e3o \u00e9 uma competi\u00e7\u00e3o pela veracidade, mas marcada pelo c\u00e1lculo pol\u00edtico, mostra uma paridade permanente, o que \u00e9 l\u00f3gico em uma <em>balotagem<\/em>. O senso social mais difundido pensa, intui, que uma vit\u00f3ria de Milei \u00e9 quase imposs\u00edvel, pois constitui um salto ao vazio que evitar\u00e1, al\u00e9m de simpatias, afinidades ou cansa\u00e7o, que uma parte do eleitorado acabe votando no mal menor, que \u00e9 Massa, que, deve-se notar, \u00e9 objeto de desconfian\u00e7a por parte de pessoas de fora, mas tamb\u00e9m em parte dos seus. O pr\u00f3prio M\u00e1ximo Kirchner teria dito: \u201cMassa vai nos ferrar\u201d.<\/p>\n\n\n\n<p>O que muitas pesquisas de opini\u00e3o concordam \u00e9 que o voto em Milei \u00e9 majorit\u00e1rio, n\u00e3o desproporcional, mas claramente, entre os homens mais do que entre as mulheres. E acrescenta esse fato, que por si s\u00f3 \u00e9 uma fonte de an\u00e1lise sociol\u00f3gica e pol\u00edtica, de que entre as prefer\u00eancias masculinas pelo voto em Milei, se destaca claramente as diferen\u00e7as et\u00e1ria: os mais jovens (at\u00e9 35 anos de idade, aproximadamente) est\u00e3o mais inclinados a votar em Milei.<\/p>\n\n\n\n<p>Javier Milei \u00e9 o <em>outsider<\/em> que prop\u00f5e n\u00e3o uma antipol\u00edtica, mas uma pol\u00edtica na qual deve-se eliminar tudo o que, em sua opini\u00e3o, trava as for\u00e7as individuais e, portanto, produtivas do pa\u00eds no \u00faltimo s\u00e9culo. Por sua vez, Sergio Massa foi eleito ministro da Economia no pior momento econ\u00f4mico do pa\u00eds nas \u00faltimas duas d\u00e9cadas, s\u00f3 para se tornar o centro de um governo exausto e debilitado. Apesar de os indicadores econ\u00f4micos e socioecon\u00f4micos terem piorado drasticamente no \u00faltimo ano, Massa \u00e9 efetivamente a figura central do partido governista nesta elei\u00e7\u00e3o.<\/p>\n\n\n\n<p>Massa conduz a campanha de <em>balotagem<\/em> sabendo que n\u00e3o tem resultados pol\u00edticos a oferecer e, assessorado nessa parte da campanha pelos ex-consultores de Lula, exibe um discurso comedido, esperan\u00e7oso, de mudan\u00e7a (de dentro do partido governista, ou seja, do kirchnerismo) e pedindo um governo de unidade, ou seja, composto por pessoas de diferentes vertentes pol\u00edticas.<\/p>\n\n\n\n<p>Milei, que \u00e9 o resultado da raiva e da f\u00faria daqueles que n\u00e3o s\u00f3 est\u00e3o agora em uma situa\u00e7\u00e3o ruim, mas que carece de expectativas de futuro \u2013 da\u00ed o voto predominantemente jovem nele \u2013, encara essa <em>balotagem <\/em>baixando os n\u00edveis de gritos e agress\u00f5es da elei\u00e7\u00e3o de outubro, mantendo suas posturas centrais e convocando a ampliar seu eleitorado a partir de sua alian\u00e7a com o ex-presidente Mauricio Macri, uma alian\u00e7a forjada pelo pr\u00f3prio Macri e que, presume-se, pode atrair uma grande parte dos votos para o Juntos por el Cambio em outubro.<\/p>\n\n\n\n<p>Uma <em>balotagem<\/em>, uma elei\u00e7\u00e3o presidencial, de ferro. Um \u00e9 o candidato \u201cque restou\u201d, ou seja, nem querido nem desejado pelo espa\u00e7o pol\u00edtico que representa e que, h\u00e1 dez anos, Massa denunciou e chamou de \u201ccorrupto e \u00f1oquis\u201d (termo que se refere a um emprego estatal fict\u00edcio, mas com sal\u00e1rio para militantes pol\u00edticos).<\/p>\n\n\n\n<p>O outro \u00e9 um emergente de raiva, sem estrutura pol\u00edtica ou partido pr\u00f3prio, com uma equipe heterog\u00eanea da qual surgem algumas declara\u00e7\u00f5es e propostas surreais e geradoras de medo. A Argentina, em crise econ\u00f4mica e social, encontrou de maneira quase desmedida sua crise pol\u00edtica.<\/p>\n","protected":false},"excerpt":{"rendered":"<p>A Argentina, em meio a uma grave crise econ\u00f4mica e social, encontrou de maneira quase desmedida sua crise pol\u00edtica.<\/p>\n","protected":false},"author":176,"featured_media":20451,"comment_status":"closed","ping_status":"closed","sticky":false,"template":"","format":"standard","meta":{"_acf_changed":false,"episode_type":"","audio_file":"","cover_image":"","cover_image_id":"","duration":"","filesize":"","filesize_raw":"","date_recorded":"","explicit":"","block":"","itunes_episode_number":"","itunes_title":"","itunes_season_number":"","itunes_episode_type":"","footnotes":""},"categories":[16708,16711,16734,16719],"tags":[15638],"gps":[],"class_list":{"0":"post-20455","1":"post","2":"type-post","3":"status-publish","4":"format-standard","5":"has-post-thumbnail","7":"category-politica-pt-br","8":"category-elecciones-pt-br","9":"category-argentina-pt-br","10":"category-debates-pt-br","11":"tag-eleicoes"},"acf":[],"_links":{"self":[{"href":"https:\/\/latinoamerica21.com\/pt-br\/wp-json\/wp\/v2\/posts\/20455","targetHints":{"allow":["GET"]}}],"collection":[{"href":"https:\/\/latinoamerica21.com\/pt-br\/wp-json\/wp\/v2\/posts"}],"about":[{"href":"https:\/\/latinoamerica21.com\/pt-br\/wp-json\/wp\/v2\/types\/post"}],"author":[{"embeddable":true,"href":"https:\/\/latinoamerica21.com\/pt-br\/wp-json\/wp\/v2\/users\/176"}],"replies":[{"embeddable":true,"href":"https:\/\/latinoamerica21.com\/pt-br\/wp-json\/wp\/v2\/comments?post=20455"}],"version-history":[{"count":0,"href":"https:\/\/latinoamerica21.com\/pt-br\/wp-json\/wp\/v2\/posts\/20455\/revisions"}],"wp:featuredmedia":[{"embeddable":true,"href":"https:\/\/latinoamerica21.com\/pt-br\/wp-json\/wp\/v2\/media\/20451"}],"wp:attachment":[{"href":"https:\/\/latinoamerica21.com\/pt-br\/wp-json\/wp\/v2\/media?parent=20455"}],"wp:term":[{"taxonomy":"category","embeddable":true,"href":"https:\/\/latinoamerica21.com\/pt-br\/wp-json\/wp\/v2\/categories?post=20455"},{"taxonomy":"post_tag","embeddable":true,"href":"https:\/\/latinoamerica21.com\/pt-br\/wp-json\/wp\/v2\/tags?post=20455"},{"taxonomy":"gps","embeddable":true,"href":"https:\/\/latinoamerica21.com\/pt-br\/wp-json\/wp\/v2\/gps?post=20455"}],"curies":[{"name":"wp","href":"https:\/\/api.w.org\/{rel}","templated":true}]}}