{"id":20733,"date":"2023-12-03T05:00:00","date_gmt":"2023-12-03T08:00:00","guid":{"rendered":"https:\/\/latinoamerica21.com\/?p=20733"},"modified":"2023-12-03T05:00:00","modified_gmt":"2023-12-03T08:00:00","slug":"milei-e-uma-odisseia","status":"publish","type":"post","link":"https:\/\/latinoamerica21.com\/pt-br\/milei-e-uma-odisseia\/","title":{"rendered":"Milei e uma odisseia"},"content":{"rendered":"\n<p>No come\u00e7o de <em>La Odisea de los Giles<\/em> \u2013 a estupenda pel\u00edcula dirigida por Sebasti\u00e1n Borensztein (2019) e inspirada no livro <em>La Noche de la Usina<\/em> (2016), de Eduardo Sacheri \u2013, o personagem principal da hist\u00f3ria, Ferm\u00edn Perlassi (interpretado pelo inigual\u00e1vel Ricardo Dar\u00edn), apresenta o que ser\u00e1 o argumento desse excelente longa-metragem. Buscando no dicion\u00e1rio o significado da palavra \u201cgil\u201d \u2013 um termo muito pejorativo na g\u00edria argentina \u2013 Perlassi relata que, \u201csegundo o dicion\u00e1rio, \u2018gil\u2019 \u2018\u00e9 uma pessoa lenta, sem vivacidade e sem mal\u00edcia\u2019 (&#8230;), embora j\u00e1 saibamos que [termos como] trabalhador, tipo honesto, gente que cumpre as normas, terminando sendo sin\u00f4nimos de gil (&#8230;). Mas um dia, o abuso ao qual n\u00f3s, giles, estamos acostumados se torna um verdadeiro chute nos dentes e dizemos \u201cbasta!\u201d.&nbsp;<\/p>\n\n\n\n<p>A oposi\u00e7\u00e3o entre os honestos (os \u201cgiles\u201d) e os desonestos (os \u201cvivos\u201d) que a pel\u00edcula sugere n\u00e3o \u00e9 nova (uma caracter\u00edstica de longa dura\u00e7\u00e3o da psicologia pol\u00edtica argentina) e tem muitos antecedentes nos estudos de ci\u00eancia pol\u00edtica, sociologia e hist\u00f3ria, incluindo a conhecida obra de Carlos Nino, <em>Un pa\u00eds al margen de la ley<\/em>. Assim, o filme nos conta que, indignados diante da crise do corralito de 2001, um grupo de amigos de uma pequena popula\u00e7\u00e3o rural de Buenos Aires decide embarcar em uma aventura muito arriscada e incerta para recuperar o sequestro de suas economias em d\u00f3lares, no qual h\u00e1 funcion\u00e1rios do banco do mesmo povoado envolvidos. Embora o longa-metragem tenha estreado em 2019 e falasse sobre o agora distante corralito, n\u00e3o se pode deixar de pensar nele como uma met\u00e1fora quase antecipat\u00f3ria do que aconteceria com o recente resultado das elei\u00e7\u00f5es na Argentina: apesar dos medos e da incerteza gerados pelo candidato que ganharia, a ira (a \u201cbronca\u201d no c\u00f3digo argentino) mobilizaria milh\u00f5es de eleitores para votar contra a proposta pol\u00edtica governista. A campanha de que Massa representava um enganador astuto e sutil \u2013 consagrada com o adjetivo de \u201coportunista\u201d com que Mauricio Macri o batizaria \u2013 parece ter tido a reverbera\u00e7\u00e3o de invocar a ideia, muito sens\u00edvel e dolorosa para certos setores, de que ser honesto, trabalhador ou respeitador das normas \u00e9 para \u201cgiles\u201d, para tolos. Esses eleitores, fartos dessa vis\u00e3o (que muitos ainda defendem), teriam decidido votar contra o candidato \u201cvivo\u201d das elei\u00e7\u00f5es, o \u201coportunista\u201d Massa.&nbsp;<\/p>\n\n\n\n<p>Como corol\u00e1rio da ideia de que parece ter sido <a href=\"https:\/\/latinoamerica21.com\/br\/argentina-e-a-mudanca-desesperada\/\">a raiva a emo\u00e7\u00e3o que catalisou boa parte dos votos<\/a> no segundo turno (uma emo\u00e7\u00e3o que muitas pesquisas e grupos de enfoque registraram&nbsp; antes da elei\u00e7\u00e3o), emerge a pergunta sobre a governabilidade da presid\u00eancia de <a href=\"https:\/\/www1.folha.uol.com.br\/folha-topicos\/javier-milei\/\">Javier Milei<\/a>. Os quarenta anos da relativamente jovem democracia argentina testificam que, com exce\u00e7\u00e3o do governo de Macri, nenhum partido ou coaliz\u00e3o n\u00e3o peronista p\u00f4de finalizar seu mandato. A crescente polariza\u00e7\u00e3o, tanto ideol\u00f3gica quanto afetiva, acentuada na \u00faltima parte da campanha eleitoral com mensagens fortemente negativas de cada uma das duas for\u00e7as pol\u00edticas em rela\u00e7\u00e3o \u00e0 outra, n\u00e3o parece augurar a forma\u00e7\u00e3o de um governo com uma base suficientemente ampla e consensual. A polariza\u00e7\u00e3o \u00e9 observada n\u00e3o s\u00f3 entre os partidos, mas entre os cidad\u00e3os. Os chamados \u00e0 resist\u00eancia nas ruas por parte de diferentes atores econ\u00f4micos e sociais no dia seguinte ao segundo turno antecipam um panorama muito complexo em termos de governabilidade. Para exemplificar, entre outras express\u00f5es \u2013 catalogadas como \u201cgolpistas\u201d por parte de setores ligados a Milei \u2013 o diretor do sindicato Aerol\u00edneas Argentinas, Pablo Vir\u00f3, afirmou que \u201cse quiserem controlar a Aerol\u00edneas, ter\u00e3o que nos matar\u201d. Um dia depois, o sacerdote Francisco \u201cPaco\u201d Oliveira sustentou que \u201cn\u00e3o acho que esse governo dure quatro anos\u201d e que \u201cse votou no Milei, n\u00e3o venha aqui buscar comida\u201d, aludindo ao refeit\u00f3rio para pessoas indigentes que administra em Merlo.<\/p>\n\n\n\n<p>Vale ter em mente o ponto de partida econ\u00f4mico e social do governo argentino que assumir\u00e1 em 10 de dezembro. <a href=\"https:\/\/chequeado.com\/el-explicador\/que-gobierno-recibe-javier-milei-de-alberto-fernandez-11-indicadores-para-entender-el-traspaso-presidencial\/\">O novo presidente receber\u00e1 um pa\u00eds<\/a> com reservas negativas no Banco Central, uma infla\u00e7\u00e3o de 140% com uma proje\u00e7\u00e3o estimada de 300%, uma distor\u00e7\u00e3o importante dos pre\u00e7os relativos, catorze taxas de c\u00e2mbio frente ao d\u00f3lar, n\u00edveis de pobreza de 40% e indig\u00eancia de 15%, uma d\u00edvida p\u00fablica alt\u00edssima n\u00e3o s\u00f3 com o Fundo Monet\u00e1rio Internacional, mas tamb\u00e9m com o chamado \u201cswap\u201d com a China e outras entidades p\u00fablicas e privadas. Dada a escassez de d\u00f3lares, a Argentina tem tido dificuldades para importar desde produtos prim\u00e1rios at\u00e9 medicamentos fundamentais, insumos hospitalares cr\u00edticos e manufaturas essenciais para a ind\u00fastria automotiva.<\/p>\n\n\n\n<p>O enorme esfor\u00e7o realizado pelo partido governista para chegar \u00e0s elei\u00e7\u00f5es em condi\u00e7\u00f5es eleitoralmente competitivas (algo que foi alcan\u00e7ado com a chegada de um ministro da economia \u00e0s urnas, apesar das grav\u00edssimas dificuldades causadas por sua pr\u00f3pria gest\u00e3o) foi feito apelando a pol\u00edticas econ\u00f4micas caracterizadas por problemas dif\u00edceis de inconsist\u00eancia temporal: o presente foi privilegiado exclusivamente para que suas consequ\u00eancias reca\u00edssem sobre o futuro. O objetivo era chegar \u00e0s elei\u00e7\u00f5es da melhor forma poss\u00edvel para depois ver. Nos dezoito meses do minist\u00e9rio de Sergio Massa, a emiss\u00e3o aumentou a base monet\u00e1ria em 100%. As pol\u00edticas voltadas a melhorar as chances eleitorais do candidato oficial custaram entre 1,5 e 2,5 pontos do PIB argentino. Os cortes de impostos para os setores mais privilegiados em termos de renda, ou os chamados \u201cplanos platita\u201d \u2013 como distribuir benef\u00edcios imposs\u00edveis de sustentar com o tempo e que terminaram (justamente) com a realiza\u00e7\u00e3o das elei\u00e7\u00f5es \u2013 parecem ter colocado o pa\u00eds diante do que Elinor Ostrom, Pr\u00eamio Nobel de Economia, chamou de <em>trag\u00e9dia dos comuns<\/em>: se uma aldeia cortar toda a floresta hoje, chegar\u00e1 um momento em que n\u00e3o haver\u00e1 mais \u00e1rvores para cortar.<\/p>\n\n\n\n<p>A margem de manobra do novo governo \u00e9 muito pequena. N\u00e3o parece exagero afirmar que, fruto dos resultados da chamada \u201cdepend\u00eancia da trajet\u00f3ria\u201d (<em>path dependence<\/em>), os quase vinte anos de governos kirchneristas levaram a Argentina a uma situa\u00e7\u00e3o em que os problemas estruturais, e n\u00e3o seus governos, est\u00e3o \u201cgovernando\u201d. O pa\u00eds n\u00e3o cresce economicamente desde 2011, apesar dos anos dourados das <em>commodities<\/em> que caracterizaram os primeiros governos dos Kirchner. Um imenso desequil\u00edbrio entre a \u00eanfase na redistribui\u00e7\u00e3o e o mau trato \u00e0 produ\u00e7\u00e3o est\u00e1 na base do drama que este governo recebe. N\u00e3o pode haver redistribui\u00e7\u00e3o se n\u00e3o houver o que distribuir. A tarefa fundamental da pol\u00edtica \u00e9 como satisfazer desejos infinitos com recursos finitos. Buscando se perpetuar no poder, o kirchnerismo deformou e banalizou a longa tradi\u00e7\u00e3o de afinidade com a centro-esquerda que h\u00e1 muito caracteriza amplos setores da Argentina. Com suas pol\u00edticas, inverteu os incentivos, favorecendo o n\u00e3o-trabalho (os \u201cvivos\u201d) e prejudicando o trabalho (os \u201cgiles\u201d).&nbsp;<\/p>\n\n\n\n<p>A express\u00e3o de um sonoro \u201cbasta\u201d da maioria do eleitorado diante um presente insuport\u00e1vel e em favor da mudan\u00e7a \u00e9 um capital muito importante, embora possa se desgastar rapidamente. A lua de mel pode durar pouco se n\u00e3o houver um esfor\u00e7o de comunica\u00e7\u00e3o did\u00e1tico \u2013 quase rousseauniano \u2013 para explicar os objetivos de m\u00e9dio e longo prazo perseguidos pelas dores iniciais, que ser\u00e3o importantes. N\u00e3o se pode apelar aos slogans f\u00e1ceis \u2013 ou irrespons\u00e1veis \u2013 como ocorreu na campanha eleitoral. A paci\u00eancia social est\u00e1 se esgotando. Em termos de pol\u00edticas, deve-se pensar em processos de diferentes temporalidades que devem ocorrer simultaneamente: responder \u00e0s urg\u00eancias mais prementes hoje, enquanto reduzir o d\u00e9ficit fiscal no futuro imediato \u00e9 s\u00f3 um dos muitos desafios cicl\u00f3picos que surgem no horizonte.&nbsp;<\/p>\n\n\n\n<p>Milei dever\u00e1, ao mesmo tempo, satisfazer as demandas para as quais foi votado, bem como conter o protesto de seus oponentes, nem sempre democr\u00e1tico ou pac\u00edfico. As quatorze toneladas de pedras contra o Congresso durante o per\u00edodo de Macri s\u00e3o um precedente amea\u00e7ador. Como no filme de Berensztein, a Argentina enfrenta uma verdadeira odisseia. D\u00e1 a impress\u00e3o de que ser\u00e1 muito dif\u00edcil \u2013 no que parece ser n\u00e3o s\u00f3 um problema econ\u00f4mico, mas uma disputa cultural \u2013 que o governo eleito responda \u00e0s demandas atrasadas dos \u201cgiles\u201d ao mesmo tempo que inclui os setores que, fruto de pol\u00edticas mal concebidas e da falta de oportunidades \u2013 junto a uma extensa e profusa narrativa \u2013 se acostumaram a conceber a pol\u00edtica como o equivalente a um Estado que tudo prov\u00ea e a economia como um reino de bens infinitos. Esse parece ser um desafio imenso. A governan\u00e7a, e mais ainda, a pr\u00f3pria paz social, est\u00e1 em jogo.<\/p>\n","protected":false},"excerpt":{"rendered":"<p>Como corol\u00e1rio da ideia de que a raiva parece ter sido a emo\u00e7\u00e3o que catalisou grande parte dos votos no segundo turno, surge a pergunta sobre a governabilidade da presid\u00eancia de Javier Milei.<\/p>\n","protected":false},"author":505,"featured_media":20716,"comment_status":"closed","ping_status":"closed","sticky":false,"template":"","format":"standard","meta":{"_acf_changed":false,"episode_type":"","audio_file":"","cover_image":"","cover_image_id":"","duration":"","filesize":"","filesize_raw":"","date_recorded":"","explicit":"","block":"","itunes_episode_number":"","itunes_title":"","itunes_season_number":"","itunes_episode_type":"","footnotes":""},"categories":[16960,16708,16734,16719,544],"tags":[13032],"gps":[],"class_list":{"0":"post-20733","1":"post","2":"type-post","3":"status-publish","4":"format-standard","5":"has-post-thumbnail","7":"category-javier-milei-pt-br","8":"category-politica-pt-br","9":"category-argentina-pt-br","10":"category-debates-pt-br","11":"category-politica-br","12":"tag-debates-br"},"acf":[],"_links":{"self":[{"href":"https:\/\/latinoamerica21.com\/pt-br\/wp-json\/wp\/v2\/posts\/20733","targetHints":{"allow":["GET"]}}],"collection":[{"href":"https:\/\/latinoamerica21.com\/pt-br\/wp-json\/wp\/v2\/posts"}],"about":[{"href":"https:\/\/latinoamerica21.com\/pt-br\/wp-json\/wp\/v2\/types\/post"}],"author":[{"embeddable":true,"href":"https:\/\/latinoamerica21.com\/pt-br\/wp-json\/wp\/v2\/users\/505"}],"replies":[{"embeddable":true,"href":"https:\/\/latinoamerica21.com\/pt-br\/wp-json\/wp\/v2\/comments?post=20733"}],"version-history":[{"count":0,"href":"https:\/\/latinoamerica21.com\/pt-br\/wp-json\/wp\/v2\/posts\/20733\/revisions"}],"wp:featuredmedia":[{"embeddable":true,"href":"https:\/\/latinoamerica21.com\/pt-br\/wp-json\/wp\/v2\/media\/20716"}],"wp:attachment":[{"href":"https:\/\/latinoamerica21.com\/pt-br\/wp-json\/wp\/v2\/media?parent=20733"}],"wp:term":[{"taxonomy":"category","embeddable":true,"href":"https:\/\/latinoamerica21.com\/pt-br\/wp-json\/wp\/v2\/categories?post=20733"},{"taxonomy":"post_tag","embeddable":true,"href":"https:\/\/latinoamerica21.com\/pt-br\/wp-json\/wp\/v2\/tags?post=20733"},{"taxonomy":"gps","embeddable":true,"href":"https:\/\/latinoamerica21.com\/pt-br\/wp-json\/wp\/v2\/gps?post=20733"}],"curies":[{"name":"wp","href":"https:\/\/api.w.org\/{rel}","templated":true}]}}