{"id":20785,"date":"2023-12-05T09:00:00","date_gmt":"2023-12-05T12:00:00","guid":{"rendered":"https:\/\/latinoamerica21.com\/?p=20785"},"modified":"2023-12-17T14:59:26","modified_gmt":"2023-12-17T17:59:26","slug":"transicao-energetica-em-tempos-de-obscuridade-climatica","status":"publish","type":"post","link":"https:\/\/latinoamerica21.com\/pt-br\/transicao-energetica-em-tempos-de-obscuridade-climatica\/","title":{"rendered":"Transi\u00e7\u00e3o energ\u00e9tica em tempos de obscuridade clim\u00e1tica"},"content":{"rendered":"\n<p>De 28 de novembro at\u00e9 12 de dezembro ocorrer\u00e1 em Dubai a vig\u00e9sima oitava Confer\u00eancia das Partes (COP28). Desta vez, presidida por Sultan Al Jaber, que tamb\u00e9m exerce a presid\u00eancia da empresa petrol\u00edfera ADNOC, poucos mant\u00eam uma vis\u00e3o otimista quanto ao resultado da c\u00fapula. A exce\u00e7\u00e3o \u00e9 o setor de petr\u00f3leo, cujos lobistas superam em muito os delegados de v\u00e1rios pa\u00edses.<\/p>\n\n\n\n<p>Dois dias antes de sua finaliza\u00e7\u00e3o, <a href=\"https:\/\/latinoamerica21.com\/br\/do-quarto-escuro-a-entrada-no-tunel\/\">um novo presidente assumir\u00e1 a Argentina que, como outros l\u00edderes de extrema direita, negou a mudan\u00e7a clim\u00e1tica<\/a>. Se nos guiarmos pelas declara\u00e7\u00f5es pr\u00e9-eleitorais, \u00e9 palp\u00e1vel que nenhum dos dirigentes de La Libertad Avanza demonstra interesse pelo meio ambiente. Ouvimos propostas muito bizarras, como cercar os mares para conservar as baleias.&nbsp;<\/p>\n\n\n\n<p>Embora at\u00e9 agora os sinais emitidos pelo governo cessante tenham sido amb\u00edguos, se n\u00e3o contradit\u00f3rios, pelo menos o executivo reconhecia o problema. Tal contradi\u00e7\u00e3o \u00e9 exemplificada pela pol\u00edtica de investimentos adotada pela petrol\u00edfera p\u00fablica (YPF) nos \u00faltimos anos: embora a empresa tenha decidido investir em alguns projetos renov\u00e1veis, a maior parte dos fundos \u00e9 destinada aos n\u00e3o renov\u00e1veis. Quanto ao futuro, as indefini\u00e7\u00f5es abundam. Pouco se sabe sobre como a carteira de energia ser\u00e1 estruturada ou que papel a transi\u00e7\u00e3o energ\u00e9tica acabar\u00e1 tendo nas pol\u00edticas p\u00fablicas. Tampouco se sabe qual ser\u00e1 a atitude em rela\u00e7\u00e3o aos compromissos internacionais em mat\u00e9ria clim\u00e1tica e ambiental, embora at\u00e9 recentemente J. Milei falasse sobre se retirar da Conven\u00e7\u00e3o de Paris.&nbsp;&nbsp;<\/p>\n\n\n\n<p>O setor petrol\u00edfero teve um papel preponderante na elabora\u00e7\u00e3o da pol\u00edtica energ\u00e9tica do pa\u00eds, tanto durante o governo de M. Macri, quanto sob o mandato de A. Fern\u00e1ndez. Essa relev\u00e2ncia se mant\u00e9m com a chegada de Javier Milei, o chamado \u201c<a href=\"https:\/\/www.lapoliticaonline.com\/economia\/agroexportadores-reclaman-mientras-milei-prioriza-energia\/#:~:text=Milei%20llega%20con%20el%20apoyo,por%20la%20falta%20de%20se%C3%B1ales&amp;text=%22Es%20el%20presidente%20del%20Club,se%20quejan%20en%20el%20campo.&amp;text=Javier%20Milei%20asume%20como%20uno,totalidad%20le%20financiaron%20la%20campa%C3%B1a.\">presidente do clube do petr\u00f3leo<\/a>\u201d, que nomeou Horacio Mar\u00edn, do grupo Techint, para a presid\u00eancia da YPF. Uma nova volta na porta girat\u00f3ria que caracteriza o setor energ\u00e9tico, outra vez o \u201cmudar tudo para que nada mude\u201d.<\/p>\n\n\n\n<p>O mundo, enquanto isso, sofre os efeitos de uma crise clim\u00e1tica cada dia mais virulenta. Manter o esquema de \u201cneg\u00f3cios habituais\u201d n\u00e3o \u00e9 vi\u00e1vel e denota zero responsabilidade social e ambiental por parte dos empres\u00e1rios. E isso tem um custo que vai al\u00e9m do moral. \u00c0s v\u00e9speras da pr\u00f3xima COP, o diretor executivo da Ag\u00eancia Internacional de Energia (AIE) argumenta que o setor de petr\u00f3leo enfrenta um momento de verdade; suas decis\u00f5es, se erradas, ser\u00e3o muito onerosas. Se continuar assim, argumenta Fatih Birol, a ind\u00fastria n\u00e3o poder\u00e1 se eximir de sua responsabilidade pelos problemas que afligem a humanidade.<\/p>\n\n\n\n<p>Mas tamb\u00e9m h\u00e1 espa\u00e7o para otimismo. Ao considerar os dados do financiamento clim\u00e1tico a n\u00edvel global, um conceito que engloba investimentos em mitiga\u00e7\u00e3o e adapta\u00e7\u00e3o, <a href=\"https:\/\/www.climatepolicyinitiative.org\/publication\/global-landscape-of-climate-finance-2023\/\">foram contabilizados mais de US$1,26 trilh\u00e3o em investimentos no \u00faltimo bi\u00eanio \u2013 frente aos US$364 bilh\u00f5es destinados em 2011-12<\/a>. Vale destacar tr\u00eas aspectos do relat\u00f3rio citado. Por um lado, a maioria dos fundos \u00e9 investida em projetos de transi\u00e7\u00e3o energ\u00e9tica (mitiga\u00e7\u00e3o), desde novas energias limpas at\u00e9 ve\u00edculos el\u00e9tricos. Uma por\u00e7\u00e3o importante dos fundos, por outro lado, se origina de bancos de desenvolvimento ou fomento. Independentemente da origem, tamb\u00e9m se destaca o fato de que a maior parte dos cr\u00e9ditos concedidos v\u00e3o para o financiamento de projetos locais. \u00c9 esse \u00faltimo aspecto que se destaca aqui: a transi\u00e7\u00e3o energ\u00e9tica se converteu em um ponto importante na corrida geopol\u00edtica, no qual os principais jogadores disputam a supremacia tecnol\u00f3gica para as energias do futuro. Ao observar os n\u00fameros em detalhes, mais de 45% do investimento total est\u00e1 no sudeste da \u00c1sia \u2013 Pac\u00edfico. Considerando as ind\u00fastrias do futuro verde, a China se tornou a l\u00edder incontest\u00e1vel. Com investimentos de US$325 bilh\u00f5es, a UE aparece em segundo, que, ap\u00f3s a invas\u00e3o da Ucr\u00e2nia pela R\u00fassia, decidiu acelerar a transi\u00e7\u00e3o energ\u00e9tica a partir do programa REPowerEU. Com pouco menos de 13% do valor total est\u00e3o os EUA, um atraso que, sem d\u00favida, \u00e9 explicado pelo negacionismo clim\u00e1tico que essa na\u00e7\u00e3o manteve durante a presid\u00eancia de D. Trump. Isso mudou ap\u00f3s a aprova\u00e7\u00e3o do pacote de luta contra a infla\u00e7\u00e3o (IRA), um conjunto de medidas de US$391 bilh\u00f5es destinado principalmente \u00e0 luta ambiental.<\/p>\n\n\n\n<p>As advert\u00eancias que surgem dos principais especialistas energ\u00e9ticos, como os n\u00fameros aqui descritos, deveriam levar as novas autoridades \u00e0 reflex\u00e3o sobre as pol\u00edticas energ\u00e9ticas. Independentemente das ambi\u00e7\u00f5es de algum l\u00edder messi\u00e2nico, se n\u00e3o iniciarmos a transi\u00e7\u00e3o, certamente deixaremos o pa\u00eds em condi\u00e7\u00f5es piores do que as atuais. O mercado, por si s\u00f3, \u00e9 incapaz de garantir a transi\u00e7\u00e3o; s\u00e3o necess\u00e1rias decis\u00f5es pol\u00edticas e pol\u00edticas p\u00fablicas. Se as proje\u00e7\u00f5es da IEA se concretizarem, o pico do petr\u00f3leo chegar\u00e1 antes do final desta d\u00e9cada. Segundo a comunidade cient\u00edfica, o limite de 1,5\u00b0C est\u00e1 logo ali na esquina.<\/p>\n\n\n\n<p>Enquanto isso, o presidente eleito persiste em seu negacionismo e em confiar ao setor petrol\u00edfero o projeto de transi\u00e7\u00e3o. Se isso acontecer, a Argentina poder\u00e1 ficar para tr\u00e1s, presa a investimentos em um setor que enfrenta altos riscos financeiros. Em 30 ou 40 anos, n\u00e3o s\u00f3 esses ativos estar\u00e3o perdidos, mas tamb\u00e9m teremos refor\u00e7ado uma matriz energ\u00e9tica do passado. Aprofundar o modelo f\u00f3ssil tamb\u00e9m acarreta fortes custos fiscais no presente; em setembro de 2023, os subs\u00eddios \u00e0 energia totalizavam cerca de US$8,4 bilh\u00f5es, um valor que engloba benef\u00edcios para empresas e usu\u00e1rios e \u00e9 insustent\u00e1vel. Outra raz\u00e3o para avan\u00e7ar com a transi\u00e7\u00e3o. L\u00edderes de todo o mundo, do Ocidente ao Oriente, parecem convencidos da seriedade do problema clim\u00e1tico; a inser\u00e7\u00e3o no mundo de amanh\u00e3 passa por aceitar o desafio e trabalhar pela transi\u00e7\u00e3o. Em vez de se parecer com este ou aquele pa\u00eds, quem nos governa deveria pensar em como a emerg\u00eancia clim\u00e1tica e a transi\u00e7\u00e3o energ\u00e9tica afetam a inser\u00e7\u00e3o global do pa\u00eds daqui a 30 ou 40 anos.<\/p>\n","protected":false},"excerpt":{"rendered":"<p>Milei persiste em seu negacionismo e encarrega o setor petrol\u00edfero de projetar a transi\u00e7\u00e3o, o que poderia deixar o pa\u00eds preso a investimentos em um setor que enfrenta fortes riscos financeiros.<\/p>\n","protected":false},"author":213,"featured_media":20772,"comment_status":"closed","ping_status":"closed","sticky":false,"template":"","format":"standard","meta":{"_acf_changed":false,"episode_type":"","audio_file":"","cover_image":"","cover_image_id":"","duration":"","filesize":"","filesize_raw":"","date_recorded":"","explicit":"","block":"","itunes_episode_number":"","itunes_title":"","itunes_season_number":"","itunes_episode_type":"","footnotes":""},"categories":[16897,16734,16719],"tags":[],"gps":[],"class_list":{"0":"post-20785","1":"post","2":"type-post","3":"status-publish","4":"format-standard","5":"has-post-thumbnail","7":"category-cambio-climatico-pt-br","8":"category-argentina-pt-br","9":"category-debates-pt-br"},"acf":[],"_links":{"self":[{"href":"https:\/\/latinoamerica21.com\/pt-br\/wp-json\/wp\/v2\/posts\/20785","targetHints":{"allow":["GET"]}}],"collection":[{"href":"https:\/\/latinoamerica21.com\/pt-br\/wp-json\/wp\/v2\/posts"}],"about":[{"href":"https:\/\/latinoamerica21.com\/pt-br\/wp-json\/wp\/v2\/types\/post"}],"author":[{"embeddable":true,"href":"https:\/\/latinoamerica21.com\/pt-br\/wp-json\/wp\/v2\/users\/213"}],"replies":[{"embeddable":true,"href":"https:\/\/latinoamerica21.com\/pt-br\/wp-json\/wp\/v2\/comments?post=20785"}],"version-history":[{"count":0,"href":"https:\/\/latinoamerica21.com\/pt-br\/wp-json\/wp\/v2\/posts\/20785\/revisions"}],"wp:featuredmedia":[{"embeddable":true,"href":"https:\/\/latinoamerica21.com\/pt-br\/wp-json\/wp\/v2\/media\/20772"}],"wp:attachment":[{"href":"https:\/\/latinoamerica21.com\/pt-br\/wp-json\/wp\/v2\/media?parent=20785"}],"wp:term":[{"taxonomy":"category","embeddable":true,"href":"https:\/\/latinoamerica21.com\/pt-br\/wp-json\/wp\/v2\/categories?post=20785"},{"taxonomy":"post_tag","embeddable":true,"href":"https:\/\/latinoamerica21.com\/pt-br\/wp-json\/wp\/v2\/tags?post=20785"},{"taxonomy":"gps","embeddable":true,"href":"https:\/\/latinoamerica21.com\/pt-br\/wp-json\/wp\/v2\/gps?post=20785"}],"curies":[{"name":"wp","href":"https:\/\/api.w.org\/{rel}","templated":true}]}}