{"id":20840,"date":"2023-12-09T09:00:00","date_gmt":"2023-12-09T12:00:00","guid":{"rendered":"https:\/\/latinoamerica21.com\/?p=20840"},"modified":"2023-12-17T15:00:59","modified_gmt":"2023-12-17T18:00:59","slug":"como-sera-a-insercao-internacional-da-argentina-de-milei","status":"publish","type":"post","link":"https:\/\/latinoamerica21.com\/pt-br\/como-sera-a-insercao-internacional-da-argentina-de-milei\/","title":{"rendered":"Como ser\u00e1 a inser\u00e7\u00e3o internacional da Argentina de Milei?"},"content":{"rendered":"\n<p>A partir da posse presidencial em 10 de dezembro, o novo governo da Argentina, sustentado por um importante capital pol\u00edtico, ter\u00e1 que enfrentar desafios extremamente complexos. Al\u00e9m do apoio de seu pr\u00f3prio partido (La Libertad Avanza), a gest\u00e3o do mandat\u00e1rio ser\u00e1 respaldada por outras organiza\u00e7\u00f5es de centro-direita, principalmente aquelas identificadas com a coaliz\u00e3o Juntos por el Cambio, liderada pelo ex-presidente Mauricio Macri e pela ex-candidata Patricia Bullrich.<\/p>\n\n\n\n<p>Nesse marco, <a href=\"https:\/\/latinoamerica21.com\/br\/milei-e-uma-odisseia\/\">Javier Milei e seu governo ter\u00e3o cerca de cinco ou seis meses para aprovar as reformas \u2013 radicais \u2013<\/a> propostas em seu programa. H\u00e1 algumas d\u00favidas sobre se, uma vez na cadeira presidencial de Rivadavia, o novo presidente optar\u00e1 pela polariza\u00e7\u00e3o e pela imposi\u00e7\u00e3o de uma terapia de <em>shock<\/em> nos campos econ\u00f4mico e social, que poderiam levar a um eventual agravamento do conflito, ou se adotar\u00e1 um estilo mais moderado e pragm\u00e1tico. Em ambos os casos, a dignidade presidencial e a capacidade de lideran\u00e7a ser\u00e3o postas \u00e0 prova. Tudo isso com repercuss\u00f5es importantes tanto dentro como fora do pa\u00eds.<\/p>\n\n\n\n<p>No que tange \u00e0 inser\u00e7\u00e3o internacional, \u00e9 previs\u00edvel que a agenda econ\u00f4mica do novo governo de Buenos Aires assuma uma posi\u00e7\u00e3o priorit\u00e1ria, especialmente no contexto dos not\u00f3rios desequil\u00edbrios macroecon\u00f4micos que afetam o pa\u00eds. Em consequ\u00eancia, \u00e9 prov\u00e1vel que haja uma aproxima\u00e7\u00e3o significativa com as organiza\u00e7\u00f5es financeiras, incluindo o Fundo Monet\u00e1rio Internacional, o Banco Interamericano de Desenvolvimento e os bancos privados.<\/p>\n\n\n\n<p>Apesar dos discursos de campanha, n\u00e3o se espera que o governo deteriore ainda mais suas rela\u00e7\u00f5es bilaterais e multilaterais, tanto com pot\u00eancias econ\u00f4micas como China ou Brasil, quanto com processos de integra\u00e7\u00e3o, f\u00f3runs e agrupamentos \u2013 isso inclui, entre outros, a eventual ades\u00e3o do pa\u00eds ao Brics+. De qualquer ponto de vista, os custos de romper com esses parceiros econ\u00f4micos e comerciais seriam totalmente contraproducentes, esp\u00farios e irrespons\u00e1veis, especialmente em um momento de necessidade urgente de divisas, exporta\u00e7\u00f5es e acesso \u00e0 tecnologia.<\/p>\n\n\n\n<p>Tamb\u00e9m n\u00e3o \u00e9 cr\u00edvel que o novo governo decida interromper sua participa\u00e7\u00e3o no Mercosul, j\u00e1 que suas implica\u00e7\u00f5es econ\u00f4mico-comerciais e pol\u00edtico-diplom\u00e1ticas seriam extremamente altas. Entretanto, parece inadmiss\u00edvel alertar que o di\u00e1logo, a concerta\u00e7\u00e3o e a coopera\u00e7\u00e3o nesse processo de integra\u00e7\u00e3o ser\u00e3o cada vez mais complexos. Observe que tr\u00eas dos pa\u00edses membros do Mercosul ser\u00e3o governados por l\u00edderes de centro-direita, deixando o Brasil um tanto isolado. Ademais, na aus\u00eancia de uma clara lideran\u00e7a brasileiro-argentina, \u00e9 mais prov\u00e1vel que o Mercosul continue sofrendo de paralisia, estagna\u00e7\u00e3o, in\u00e9rcia e contradi\u00e7\u00f5es.<\/p>\n\n\n\n<p>Argumentos pol\u00edtico-ideol\u00f3gicos semelhantes sugerem que \u00e9 previs\u00edvel um posicionamento muito menos proativo e colaborativo da Argentina de Milei em f\u00f3runs regionais de alto n\u00edvel, como a Celac, a Unasul ou a Comunidade Ibero-Americana de Na\u00e7\u00f5es. Tudo isso sem ignorar que o estilo estridente, exc\u00eantrico, populista e irreverente do referido pol\u00edtico anarcocapitalista pode gerar contradi\u00e7\u00f5es mais ou menos intensas com a modera\u00e7\u00e3o, a dignidade presidencial e o pragmatismo demonstrado por outros governantes da regi\u00e3o, especialmente l\u00edderes como Luiz In\u00e1cio Lula da Silva, Andr\u00e9s Manuel L\u00f3pez Obrador, Gabriel Boric ou Gustavo Petro.<\/p>\n\n\n\n<p>Em outras palavras, \u00e9 prov\u00e1vel que as diretrizes de di\u00e1logo, consulta e concerta\u00e7\u00e3o pol\u00edtico-diplom\u00e1tica sejam alteradas de forma expl\u00edcita. Deve-se ter em mente que o novo titular da cadeira presidencial Rivadavia e as autoridades do pal\u00e1cio San Mart\u00edn \u2013 a sede da chancelaria argentina, que ser\u00e1 encabe\u00e7ada pela Dra. Diana Elena Mondino \u2013 prop\u00f5em uma aproxima\u00e7\u00e3o geopol\u00edtica sens\u00edvel \u00e0s pot\u00eancias ocidentais, incluindo os Estados Unidos, Israel e possivelmente a Uni\u00e3o Europeia.<\/p>\n\n\n\n<p>Em paralelo, \u00e9 prov\u00e1vel que Milei surja como um dos principais expoentes da direita radical latino-americana. Nesse marco, \u00e9 previs\u00edvel que um \u201cefeito Milei\u201d possa ser replicado nas pr\u00f3ximas elei\u00e7\u00f5es de pa\u00edses como Chile, Col\u00f4mbia, Peru, El Salvador e inclusive na Venezuela. O impulso \u00e0 direita pol\u00edtica gerado pela vit\u00f3ria do candidato libert\u00e1rio argentino tamb\u00e9m ser\u00e1 sentido em movimentos sociais da mesma \u00edndole presentes em numerosos pa\u00edses da regi\u00e3o \u2013 sobretudo em associa\u00e7\u00f5es e coletivos empresariais, religiosos, midi\u00e1ticos ou populistas de \u201cpunho de ferro\u201d \u2013 j\u00e1 que muitos deles afirmam estar envolvidos e lutando na mesma guerra cultural contra o multiculturalismo, o socialismo e o progressismo hemisf\u00e9rico e global.<\/p>\n\n\n\n<p>Em suma, depois de ter tentado muitas outras alternativas pol\u00edticas, econ\u00f4micas e sociais mais conhecidas e tradicionais, junto a um alto e crescente sentimento de frustra\u00e7\u00e3o, cansa\u00e7o e ceticismo em rela\u00e7\u00e3o ao desempenho da elite pol\u00edtica e aos persistentes desequil\u00edbrios macroecon\u00f4micos, o eleitorado argentino votou esmagadoramente em um programa ultraliberal, antissistema e nacionalista de direita.<\/p>\n\n\n\n<p>Javier Milei assume a cadeira presidencial de Rivadavia em meio a uma grave crise. A popula\u00e7\u00e3o do pa\u00eds est\u00e1 na expectativa do que o novo presidente poder\u00e1 realmente realizar em um per\u00edodo relativamente curto. Dependendo de seus resultados na gest\u00e3o p\u00fablica, Milei poderia se confirmar como a principal refer\u00eancia da direita local, como um fantoche do macrismo ou como um novo Fujimori. Em todos esses cen\u00e1rios prospectivos, suas implica\u00e7\u00f5es e desdobramentos ser\u00e3o extremamente importantes, principalmente no contexto latino-americano, hemisf\u00e9rico e at\u00e9 mesmo global.<\/p>\n","protected":false},"excerpt":{"rendered":"<p>Apesar dos discursos de campanha, n\u00e3o \u00e9 de se esperar que o governo deteriore ainda mais suas rela\u00e7\u00f5es tanto com as pot\u00eancias econ\u00f4micas quanto com os processos de integra\u00e7\u00e3o.<\/p>\n","protected":false},"author":181,"featured_media":20820,"comment_status":"closed","ping_status":"closed","sticky":false,"template":"","format":"standard","meta":{"_acf_changed":false,"episode_type":"","audio_file":"","cover_image":"","cover_image_id":"","duration":"","filesize":"","filesize_raw":"","date_recorded":"","explicit":"","block":"","itunes_episode_number":"","itunes_title":"","itunes_season_number":"","itunes_episode_type":"","footnotes":""},"categories":[16762,16719],"tags":[],"gps":[],"class_list":{"0":"post-20840","1":"post","2":"type-post","3":"status-publish","4":"format-standard","5":"has-post-thumbnail","7":"category-relaiciones-internacionales-pt-br","8":"category-debates-pt-br"},"acf":[],"_links":{"self":[{"href":"https:\/\/latinoamerica21.com\/pt-br\/wp-json\/wp\/v2\/posts\/20840","targetHints":{"allow":["GET"]}}],"collection":[{"href":"https:\/\/latinoamerica21.com\/pt-br\/wp-json\/wp\/v2\/posts"}],"about":[{"href":"https:\/\/latinoamerica21.com\/pt-br\/wp-json\/wp\/v2\/types\/post"}],"author":[{"embeddable":true,"href":"https:\/\/latinoamerica21.com\/pt-br\/wp-json\/wp\/v2\/users\/181"}],"replies":[{"embeddable":true,"href":"https:\/\/latinoamerica21.com\/pt-br\/wp-json\/wp\/v2\/comments?post=20840"}],"version-history":[{"count":0,"href":"https:\/\/latinoamerica21.com\/pt-br\/wp-json\/wp\/v2\/posts\/20840\/revisions"}],"wp:featuredmedia":[{"embeddable":true,"href":"https:\/\/latinoamerica21.com\/pt-br\/wp-json\/wp\/v2\/media\/20820"}],"wp:attachment":[{"href":"https:\/\/latinoamerica21.com\/pt-br\/wp-json\/wp\/v2\/media?parent=20840"}],"wp:term":[{"taxonomy":"category","embeddable":true,"href":"https:\/\/latinoamerica21.com\/pt-br\/wp-json\/wp\/v2\/categories?post=20840"},{"taxonomy":"post_tag","embeddable":true,"href":"https:\/\/latinoamerica21.com\/pt-br\/wp-json\/wp\/v2\/tags?post=20840"},{"taxonomy":"gps","embeddable":true,"href":"https:\/\/latinoamerica21.com\/pt-br\/wp-json\/wp\/v2\/gps?post=20840"}],"curies":[{"name":"wp","href":"https:\/\/api.w.org\/{rel}","templated":true}]}}