{"id":2528,"date":"2020-10-17T05:11:26","date_gmt":"2020-10-17T08:11:26","guid":{"rendered":"http:\/\/latinoamerica21.com\/?p=2528"},"modified":"2023-08-23T14:47:08","modified_gmt":"2023-08-23T17:47:08","slug":"argentina-peronismos-de-todas-as-cores","status":"publish","type":"post","link":"https:\/\/latinoamerica21.com\/pt-br\/argentina-peronismos-de-todas-as-cores\/","title":{"rendered":"Argentina: Peronismo de todas as cores"},"content":{"rendered":"\n<p>Tanto foi escrito e dito sobre 17 de outubro de 1945 na Argentina como um mito fundador, uma dobradi\u00e7a hist\u00f3rica e um divisor de \u00e1guas, uma data ic\u00f4nica que \u00e9 identificada como o nascimento do peronismo. Um componente vivo do relato hist\u00f3rico-pol\u00edtica que come\u00e7ou h\u00e1 75 anos e continua at\u00e9 os dias de hoje. E um &#8220;artefato caleidosc\u00f3pico&#8221;: dependendo de como vai girando, ele coloca as pe\u00e7as do que aconteceu naquele dia quando Per\u00f3n foi aclamado pela primeira vez na Plaza de Mayo, de diferentes maneiras. Foi uma mobiliza\u00e7\u00e3o espont\u00e2nea &#8211; &#8220;o povo lutando uma batalha direta com a oligarquia e triunfando como consequ\u00eancia de uma pol\u00edtica de massa&#8221;, como definiu John William Cooke &#8211; ou uma encena\u00e7\u00e3o orquestrada a partir do poder, como descrito por outros autores? Significou uma revolu\u00e7\u00e3o &#8220;de baixo&#8221; ou &#8220;de cima&#8221;? Uma revolu\u00e7\u00e3o social ou uma reposi\u00e7\u00e3o restauradora para prevenir tal mudan\u00e7a revolucion\u00e1ria?<\/p>\n\n\n\n<p>Naquele dia, o povo nas ruas venceu uma ditadura militar pela primeira vez. Em seguida, consagrou o ex-homem forte dessa mesma ditadura como novo l\u00edder popular, liderando um movimento pol\u00edtico de massa identificado com a causa dos trabalhadores e a bandeira da justi\u00e7a social.<\/p>\n\n\n\n<blockquote class=\"wp-block-quote is-layout-flow wp-block-quote-is-layout-flow\">\n<p>Um fen\u00f4meno revolucion\u00e1rio, porque veio para mudar o status quo vigente, mas tamb\u00e9m conservador, porque aspirar\u00e1 a restaura\u00e7\u00e3o de um equil\u00edbrio social que considera amea\u00e7ado ou alterado por fatores ex\u00f3genos&#8221;<\/p>\n<\/blockquote>\n\n\n\n<p>O que pesou mais nos c\u00edrculos de poder: a massa de trabalhadores que irrompeu como ator protagonista, os pronunciamentos dos sindicatos ou as intrigas palacianas e os movimentos pol\u00edtico-militares? Como assinalamos em v\u00e1rios trabalhos com Santiago Sen\u00e9n Gonz\u00e1lez, a certid\u00e3o de nascimento do peronismo levar\u00e1 essa caracter\u00edstica contradit\u00f3ria e multifacetada que marcar\u00e1 seu percurso: ser\u00e1 um fen\u00f4meno revolucion\u00e1rio, porque veio para mudar o status quo vigente, mas tamb\u00e9m conservador, porque aspirar\u00e1 a restaura\u00e7\u00e3o de um equil\u00edbrio social que considera amea\u00e7ado ou alterado por fatores ex\u00f3genos ou &#8220;de distor\u00e7\u00e3o&#8221; (&#8220;o antipovo&#8221;, &#8220;a oligarquia&#8221;, a &#8220;luta de classes&#8221;, o &#8220;neoliberalismo&#8221; e assim por diante&#8230;).<\/p>\n\n\n\n<p>Um fato cuja significa\u00e7\u00e3o foi mut\u00e1vel e contradit\u00f3ria tamb\u00e9m para os observadores estrangeiros. N\u00e3o apenas pela import\u00e2ncia que teve para a opini\u00e3o p\u00fablica internacional, as rela\u00e7\u00f5es exteriores e, especialmente, as rela\u00e7\u00f5es entre os EUA e a Am\u00e9rica Latina. Mas tamb\u00e9m devido \u00e0 alta incid\u00eancia que esta vis\u00e3o externa teve sobre a evolu\u00e7\u00e3o dos acontecimentos e no comportamento dos principais atores.<\/p>\n\n\n\n<p>Entre meados de 1945 e o in\u00edcio de 1946, em apenas quatro meses, a principal fonte de preocupa\u00e7\u00e3o que a Argentina representava para os Estados Unidos apresentou mudan\u00e7as dr\u00e1sticas: o farol cintilante da &#8220;amea\u00e7a nazista&#8221; na Am\u00e9rica do Sul foi extinto nos mapas do Departamento de Estado e do Pent\u00e1gono; em seu lugar, as luzes de advert\u00eancia foram ligadas em vista do &#8220;perigo comunista&#8221; no sul do continente.<\/p>\n\n\n\n<p>Per\u00f3n, cuja lideran\u00e7a havia sido envolta no militarismo prussiano e no populismo antiliberal, que causava arrepios na maioria dos diplomatas e observadores ocidentais dos anos 40, conseguiu construir, no calor dessas idas e vindas, tens\u00f5es e gestos com Washington, uma estrat\u00e9gia e uma doutrina &#8211; a Terceira Posi\u00e7\u00e3o &#8211; que lhe permitiria acumular e manter o poder dom\u00e9stico frente \u00e0 esquerda e \u00e0 direita e adaptar-se \u00e0 nova hiberna\u00e7\u00e3o geopol\u00edtica, desde a neutralidade durante a Segunda Guerra at\u00e9 a Terceira Posi\u00e7\u00e3o durante a Guerra Fria. D\u00e9cadas mais tarde, a cena se repetir\u00e1, representada por outro coronel que \u00e9 admirador de uma das vers\u00f5es daquele primeiro <a href=\"https:\/\/pt.wikipedia.org\/wiki\/Peronismo\">Per\u00f3n<\/a>, o comandante Hugo Ch\u00e1vez, \u00e0 frente de sua pr\u00f3pria revolu\u00e7\u00e3o na Venezuela com aspira\u00e7\u00f5es de export\u00e1-la para o resto da Am\u00e9rica Latina em sua cruzada anti-imperialista contra Washington.<\/p>\n\n\n\n<p>Foi tamb\u00e9m nesta intera\u00e7\u00e3o entre as dimens\u00f5es externa e interna da pol\u00edtica que o peronismo foi forjado, com suas m\u00faltiplas facetas, atingindo um equil\u00edbrio entre os antagonismos, mas tamb\u00e9m incluindo estes antagonismos em seu pr\u00f3prio meio, com as dram\u00e1ticas consequ\u00eancias que isto trouxe ao longo de sua hist\u00f3ria. Por um lado, sua not\u00e1vel capacidade de adapta\u00e7\u00e3o e durabilidade.<\/p>\n\n\n\n<blockquote class=\"wp-block-quote is-layout-flow wp-block-quote-is-layout-flow\">\n<p>Presid\u00eancias que passaram do &#8220;populismo neoliberal&#8221; de Carlos Menem ao &#8220;populismo progressista&#8221; de N\u00e9stor e Cristina Kirchner&#8221;<\/p>\n<\/blockquote>\n\n\n\n<p>Durante seus primeiros 29 anos, at\u00e9 a morte do l\u00edder, os primeiros dez no <a href=\"https:\/\/latinoamerica21.com\/br\/veneno-e-poder\/\">poder<\/a>, os 17 seguintes desde o ex\u00edlio e na ilegalidade, e os \u00faltimos dez, j\u00e1 anci\u00e3o e em seu terceiro governo que apenas conseguiu sobreviver ao seu desaparecimento f\u00edsico, com a instala\u00e7\u00e3o da \u00faltima ditadura. E desde a recupera\u00e7\u00e3o da democracia, em 1983, 25 anos no governo e 12 na oposi\u00e7\u00e3o, com presid\u00eancias que passaram do &#8220;populismo neoliberal&#8221; de Carlos Menem ao &#8220;populismo progressista&#8221; de N\u00e9stor e Cristina Kirchner.<\/p>\n\n\n\n<p>Esta mesma versatilidade do peronismo para acompanhar as mudan\u00e7as de \u00e9poca, contendo os extremos do arco pol\u00edtico e mantendo o conflito latente, demarcando a difusa linha divis\u00f3ria entre &#8220;amigos&#8221; e &#8220;inimigos&#8221;, ser\u00e1 tamb\u00e9m sua limita\u00e7\u00e3o e problema, no momento em que os ciclos pol\u00edticos se esgotam ou suas contradi\u00e7\u00f5es internas e as disputas pela lideran\u00e7a vaga ou decrescente explodem.<\/p>\n\n\n\n<p>O momento pol\u00edtico atual na Argentina cont\u00e9m aquela din\u00e2mica do processo hist\u00f3rico e das crises que dele resultam: uma lideran\u00e7a, a de Cristina Kirchner, que persiste no governo ao custo de permanecer em segundo plano como vice-presidente, como &#8220;poder nas sombras&#8221;. E um governo, o do Presidente Alberto Fern\u00e1ndez, lutando com um poder real que restringe sua capacidade de manobra para ganhar for\u00e7a pr\u00f3pria e transcender o &#8220;momento carism\u00e1tico&#8221; de quem o nomeou como candidato. Variantes do mesmo fen\u00f4meno, t\u00edpico de um pa\u00eds singular, mas que, como Alain Rouqui\u00e9 assinalou em &#8220;El siglo de Per\u00f3n. Ensayo sobre las democracias hegem\u00f3nica&#8221;, n\u00e3o pertence apenas ao passado nem \u00e9 exclusivo de um determinado pa\u00eds da Am\u00e9rica do Sul.<\/p>\n\n\n\n<p><em><sub>Copyright Clar\u00edn, 2020.<\/sub><\/em><\/p>\n\n\n\n<p><em><sub>*Tradu\u00e7\u00e3o do espanhol por Maria Isabel Santos Lima<\/sub><\/em><\/p>\n\n\n\n<p><em><sub>Foto de hernanpba en Foter.com \/ CC BY-SA<\/sub><\/em><\/p>\n","protected":false},"excerpt":{"rendered":"<p>Tanto foi escrito e dito sobre 17 de outubro de 1945 na Argentina como um mito fundador, uma dobradi\u00e7a hist\u00f3rica e um divisor de \u00e1guas, uma data ic\u00f4nica que \u00e9 identificada como o nascimento do peronismo. Um componente vivo do relato hist\u00f3rico-pol\u00edtica que come\u00e7ou h\u00e1 75 anos e continua at\u00e9 os dias de hoje.<\/p>\n","protected":false},"author":72,"featured_media":2526,"comment_status":"closed","ping_status":"closed","sticky":false,"template":"","format":"standard","meta":{"_acf_changed":false,"episode_type":"","audio_file":"","cover_image":"","cover_image_id":"","duration":"","filesize":"","filesize_raw":"","date_recorded":"","explicit":"","block":"","itunes_episode_number":"","itunes_title":"","itunes_season_number":"","itunes_episode_type":"","footnotes":""},"categories":[16724,16748,16734,16719,546],"tags":[],"gps":[],"class_list":{"0":"post-2528","1":"post","2":"type-post","3":"status-publish","4":"format-standard","5":"has-post-thumbnail","7":"category-historia-pt-br","8":"category-populismo-pt-br","9":"category-argentina-pt-br","10":"category-debates-pt-br","11":"category-sociedad-br"},"acf":[],"_links":{"self":[{"href":"https:\/\/latinoamerica21.com\/pt-br\/wp-json\/wp\/v2\/posts\/2528","targetHints":{"allow":["GET"]}}],"collection":[{"href":"https:\/\/latinoamerica21.com\/pt-br\/wp-json\/wp\/v2\/posts"}],"about":[{"href":"https:\/\/latinoamerica21.com\/pt-br\/wp-json\/wp\/v2\/types\/post"}],"author":[{"embeddable":true,"href":"https:\/\/latinoamerica21.com\/pt-br\/wp-json\/wp\/v2\/users\/72"}],"replies":[{"embeddable":true,"href":"https:\/\/latinoamerica21.com\/pt-br\/wp-json\/wp\/v2\/comments?post=2528"}],"version-history":[{"count":0,"href":"https:\/\/latinoamerica21.com\/pt-br\/wp-json\/wp\/v2\/posts\/2528\/revisions"}],"wp:featuredmedia":[{"embeddable":true,"href":"https:\/\/latinoamerica21.com\/pt-br\/wp-json\/wp\/v2\/media\/2526"}],"wp:attachment":[{"href":"https:\/\/latinoamerica21.com\/pt-br\/wp-json\/wp\/v2\/media?parent=2528"}],"wp:term":[{"taxonomy":"category","embeddable":true,"href":"https:\/\/latinoamerica21.com\/pt-br\/wp-json\/wp\/v2\/categories?post=2528"},{"taxonomy":"post_tag","embeddable":true,"href":"https:\/\/latinoamerica21.com\/pt-br\/wp-json\/wp\/v2\/tags?post=2528"},{"taxonomy":"gps","embeddable":true,"href":"https:\/\/latinoamerica21.com\/pt-br\/wp-json\/wp\/v2\/gps?post=2528"}],"curies":[{"name":"wp","href":"https:\/\/api.w.org\/{rel}","templated":true}]}}