{"id":2554,"date":"2020-10-21T05:48:58","date_gmt":"2020-10-21T08:48:58","guid":{"rendered":"http:\/\/latinoamerica21.com\/?p=2554"},"modified":"2023-08-21T13:29:59","modified_gmt":"2023-08-21T16:29:59","slug":"o-retorno-do-mas-e-evo-morales","status":"publish","type":"post","link":"https:\/\/latinoamerica21.com\/pt-br\/o-retorno-do-mas-e-evo-morales\/","title":{"rendered":"O retorno do MAS (e Evo Morales)"},"content":{"rendered":"\n<p>O curto ver\u00e3o do bloco anti-MAS na Bol\u00edvia durou quase um ano, j\u00e1 que o novo presidente eleito, Luis Arce Catacora (MAS), ter\u00e1 que prestar juramento em novembro ou dezembro deste ano. O poss\u00edvel retorno de Evo Morales gera alegria para alguns e desconforto para outros, mas o triunfo de seu candidato (golfinho) \u00e9 uma prova de que seu sentido pol\u00edtica est\u00e1 altamente desenvolvida. Por sua vez, os candidatos derrotados, Carlos Mesa e Luis Fernando Camacho, t\u00eam que assumir o papel da oposi\u00e7\u00e3o &#8211; uma minoria fragmentada &#8211; com o fardo sobre seus ombros de ter repetido os mesmos erros pol\u00edticos do passado: n\u00e3o reconhecer que a l\u00f3gica nacional-popular \u00e9 predominante em setores populares e grupos ind\u00edgenas (majorit\u00e1rios) que habitam as periferias das cidades capitais de La Paz e Santa Cruz.<\/p>\n\n\n\n<p><strong>Como se explica o novo cen\u00e1rio pol\u00edtico na Bol\u00edvia?<\/strong><\/p>\n\n\n\n<p>Os resultados preliminares t\u00eam corroborado a ideia de que, em grande parte do imagin\u00e1rio social boliviano, Luis Arce tem o melhor perfil para liderar a economia do pa\u00eds. Sua condi\u00e7\u00e3o de de ex-ministro da \u00e1rea no tempo da bonan\u00e7a econ\u00f4mica, quando muitas pessoas sa\u00edram da pobreza extrema e a classe m\u00e9dia se expandiu, foi sua melhor carta de apresenta\u00e7\u00e3o em um momento cr\u00edtico: quando a pandemia deixou muitas fam\u00edlias desempregadas e as arrastou de volta \u00e0 pobreza, pior ainda, com a m\u00e1 gest\u00e3o nas \u00e1reas econ\u00f4mica e de sa\u00fade p\u00fablica e com os atos de corrup\u00e7\u00e3o na administra\u00e7\u00e3o da <a href=\"https:\/\/pt.wikipedia.org\/wiki\/Jeanine_%C3%81%C3%B1ez\">presidente interina Jeanine A\u00f1ez<\/a>.<\/p>\n\n\n\n<p>Por outro lado, a campanha do candidato Carlos Mesa foi fraca e sem impacto. Seu discurso pol\u00edtico n\u00e3o disse nada de novo, na verdade, foi implantado sob os par\u00e2metros discursivos do MAS em rela\u00e7\u00e3o \u00e0 administra\u00e7\u00e3o de empresas estatais estrat\u00e9gicas. Uma posi\u00e7\u00e3o pragm\u00e1tica se considerarmos que o papel do Estado na gest\u00e3o da economia e na gera\u00e7\u00e3o de fontes de emprego tem um alto n\u00edvel de aceita\u00e7\u00e3o entre os cidad\u00e3os. Em resumo, Mesa era um candidato de televis\u00e3o e v\u00eddeo em redes sociais, n\u00e3o da rua. O distanciamento social (idade de risco na <a href=\"https:\/\/latinoamerica21.com\/br\/eleicoes-em-tempos-de-pandemia\/\">pandemia<\/a>) foi levado muito a s\u00e9rio durante o tempo de campanha, mas seu custo foi bastante alto.&nbsp;<\/p>\n\n\n\n<p>No caso de Luis Fernando Camacho, sua estrat\u00e9gia discursiva se fundamentou no fato de que ele era um candidato que representava a renova\u00e7\u00e3o da classe pol\u00edtica boliviana, um homem fiel \u00e0 f\u00e9 religiosa (cat\u00f3lica e crist\u00e3) e o novo l\u00edder pol\u00edtico que a regi\u00e3o oriental da Bol\u00edvia (principalmente o departamento de Santa Cruz) precisava. Seu antecedente: ter enfrentado Evo Morales em 2019 e depois provocado sua ren\u00fancia &#8211; quando supostamente houve fraude &#8211; deu-lhe as credenciais para concorrer \u00e0 presid\u00eancia. No entanto, foi um fracasso. A simbiose regi\u00e3o-f\u00e9-juventude teve um efeito em apenas 14,1% dos eleitores &#8211; de acordo com a contagem r\u00e1pida do Jubileu (uma institui\u00e7\u00e3o com alta credibilidade no desenvolvimento de pesquisas de inten\u00e7\u00e3o de voto) &#8211; e marcou uma polariza\u00e7\u00e3o social com a divis\u00e3o oriente versus ocidente.<\/p>\n\n\n\n<p><strong>Quais s\u00e3o os desafios do novo presidente eleito?<\/strong><\/p>\n\n\n\n<p>Embora para uma grande parte da popula\u00e7\u00e3o (eleitores) Luis Arce tenha os cr\u00e9ditos necess\u00e1rios para administrar as finan\u00e7as do Estado no contexto de uma pandemia que afetou economicamente a popula\u00e7\u00e3o mais vulner\u00e1vel, ele tamb\u00e9m tem o grande desafio de fortalecer as institui\u00e7\u00f5es democr\u00e1ticas. Se a maioria na nova Assembleia Plurinacional (Parlamento) for representada por seu partido (MAS) &#8211; como est\u00e1 previsto &#8211; ent\u00e3o ele ter\u00e1 o caminho livre para definir a agenda para v\u00e1rios assuntos e problemas pendentes. Entretanto, se a agenda de temas da minoria \u00e9 inviabilizada em sua totalidade, n\u00e3o ter\u00e3o sido feitos grandes progressos. Se o oficialismo neutraliza politicamente a oposi\u00e7\u00e3o e esta \u00faltima se mantem fragmentada e desorientada, teremos uma nova gest\u00e3o caracterizada pela cacofonia desta \u00faltima e a investida da primeira. Nada de novo sob as estrelas na Bol\u00edvia.<\/p>\n\n\n\n<p>\u00c9 necess\u00e1rio destacar que, no contexto internacional, o triunfo do MAS tem sido um gola\u00e7o de meio campo da esquerda progressista latino-americana. O presidente cubano, Miguel D\u00edaz-Canel, tuitou: &#8220;Parab\u00e9ns ao MAS, que recuperou nas urnas o poder usurpado pela oligarquia, com a cumplicidade da OEA e da orienta\u00e7\u00e3o imperial\u201d.&nbsp; Por sua vez, o ex-presidente equatoriano Rafael Correa escreveu: Jallalla Bol\u00edvia! Um abra\u00e7o para os irm\u00e3os Luis Arce e David Choquehuanca. Com sua lideran\u00e7a, junto com Evo e \u00c1lvaro, nossa amada Bol\u00edvia volta ao seu povo, volta tamb\u00e9m \u00e0 Grande P\u00e1tria.<\/p>\n\n\n\n<blockquote class=\"wp-block-quote is-layout-flow wp-block-quote-is-layout-flow\">\n<p>Uma grande d\u00favida que permanece no ar \u00e9 a independ\u00eancia-depend\u00eancia e a proximidade-legitimidade entre Arce e Morales&#8221;<\/p>\n<\/blockquote>\n\n\n\n<p>Agora, ent\u00e3o, uma grande d\u00favida que permanece no ar \u00e9 a independ\u00eancia-depend\u00eancia e a proximidade-legitimidade entre Arce e Morales. Ser\u00e1 que Luis Arce ter\u00e1 seu pr\u00f3prio estilo de governo? Ou ser\u00e1 Morales quem puxar\u00e1 os fios do poder? Somente o tempo dir\u00e1. Por enquanto, a verdade \u00e9 que ele ganhou uma elei\u00e7\u00e3o com seus pr\u00f3prios m\u00e9ritos e ter\u00e1 como companheiro de candidatura o ex-chanceler David Choquehuanca &#8211; considerado &#8220;o \u00faltimo Inca&#8221; &#8211; que foi eleito por v\u00e1rias organiza\u00e7\u00f5es ind\u00edgenas e populares, principalmente do oeste do pa\u00eds, para ser o candidato \u00e0 vice-presid\u00eancia. Aqui surge outra pergunta: at\u00e9 que ponto as respectivas vis\u00f5es e agendas sobre o Estado, economia e sociedade de Arce e Choquehuanca s\u00e3o as mesmas?<\/p>\n\n\n\n<p>Esta ser\u00e1 a quarta vez que o MAS chega ao governo nacional com amplo apoio eleitoral e um novo bin\u00f4mio com perfis diferentes de seus antecessores: um presidente com a imagem de um tecnocrata e um vice-presidente com o rosto de uma pessoa ind\u00edgena. O retorno do MAS ao governo e de Evo Morales ao pa\u00eds s\u00e3o dois eventos pol\u00edticos que transmitem, em paralelo, raiva para uns e esperan\u00e7a para outros. &#8220;Vamos governar para todos os bolivianos, vamos construir um governo de unidade nacional&#8221;, foi uma das mensagens de Arce como presidente eleito. Esperemos que estas palavras n\u00e3o sejam levadas pelo vento e que o novo presidente demonstre que far\u00e1 todo o poss\u00edvel para coloc\u00e1-las em pr\u00e1tica, pois h\u00e1 uma grande necessidade.<\/p>\n\n\n\n<p><em><sub>*Tradu\u00e7\u00e3o do espanhol por Maria Isabel Santos Lima<\/sub><\/em><\/p>\n\n\n\n<p><em><sub>Foto por Casa de Am\u00e9rica em Foter.com \/ CC BY-NC-ND<\/sub><\/em><\/p>\n","protected":false},"excerpt":{"rendered":"<p>O curto ver\u00e3o do bloco anti-MAS na Bol\u00edvia durou quase um ano, j\u00e1 que o novo presidente eleito, Luis Arce Catacora (MAS), ter\u00e1 que prestar juramento nos pr\u00f3ximos meses. O poss\u00edvel retorno de Evo Morales gera alegria para alguns e desconforto para outros, mas o triunfo de seu candidato \u00e9 uma prova de seu sentido pol\u00edtica.<\/p>\n","protected":false},"author":120,"featured_media":2552,"comment_status":"closed","ping_status":"closed","sticky":false,"template":"","format":"standard","meta":{"_acf_changed":false,"episode_type":"","audio_file":"","cover_image":"","cover_image_id":"","duration":"","filesize":"","filesize_raw":"","date_recorded":"","explicit":"","block":"","itunes_episode_number":"","itunes_title":"","itunes_season_number":"","itunes_episode_type":"","footnotes":""},"categories":[16710,16711,16712,16843,14397,544],"tags":[],"gps":[],"class_list":{"0":"post-2554","1":"post","2":"type-post","3":"status-publish","4":"format-standard","5":"has-post-thumbnail","7":"category-bolivia-pt-br","8":"category-elecciones-pt-br","9":"category-evo-morales-pt-br","10":"category-mas-pt-br","11":"category-eleicoes","12":"category-politica-br"},"acf":[],"_links":{"self":[{"href":"https:\/\/latinoamerica21.com\/pt-br\/wp-json\/wp\/v2\/posts\/2554","targetHints":{"allow":["GET"]}}],"collection":[{"href":"https:\/\/latinoamerica21.com\/pt-br\/wp-json\/wp\/v2\/posts"}],"about":[{"href":"https:\/\/latinoamerica21.com\/pt-br\/wp-json\/wp\/v2\/types\/post"}],"author":[{"embeddable":true,"href":"https:\/\/latinoamerica21.com\/pt-br\/wp-json\/wp\/v2\/users\/120"}],"replies":[{"embeddable":true,"href":"https:\/\/latinoamerica21.com\/pt-br\/wp-json\/wp\/v2\/comments?post=2554"}],"version-history":[{"count":0,"href":"https:\/\/latinoamerica21.com\/pt-br\/wp-json\/wp\/v2\/posts\/2554\/revisions"}],"wp:featuredmedia":[{"embeddable":true,"href":"https:\/\/latinoamerica21.com\/pt-br\/wp-json\/wp\/v2\/media\/2552"}],"wp:attachment":[{"href":"https:\/\/latinoamerica21.com\/pt-br\/wp-json\/wp\/v2\/media?parent=2554"}],"wp:term":[{"taxonomy":"category","embeddable":true,"href":"https:\/\/latinoamerica21.com\/pt-br\/wp-json\/wp\/v2\/categories?post=2554"},{"taxonomy":"post_tag","embeddable":true,"href":"https:\/\/latinoamerica21.com\/pt-br\/wp-json\/wp\/v2\/tags?post=2554"},{"taxonomy":"gps","embeddable":true,"href":"https:\/\/latinoamerica21.com\/pt-br\/wp-json\/wp\/v2\/gps?post=2554"}],"curies":[{"name":"wp","href":"https:\/\/api.w.org\/{rel}","templated":true}]}}