{"id":2657,"date":"2020-11-01T16:19:59","date_gmt":"2020-11-01T19:19:59","guid":{"rendered":"http:\/\/latinoamerica21.com\/?p=2657"},"modified":"2023-08-06T14:32:54","modified_gmt":"2023-08-06T17:32:54","slug":"o-perigo-de-uma-deriva-autoritaria-se-trump-vencer","status":"publish","type":"post","link":"https:\/\/latinoamerica21.com\/pt-br\/o-perigo-de-uma-deriva-autoritaria-se-trump-vencer\/","title":{"rendered":"Perigo de deriva autorit\u00e1ria se Trump vencer"},"content":{"rendered":"\n<p>Num contexto de crise mundial, Jorge Luis Borges se perguntava em 1939 quais seriam os efeitos de uma vit\u00f3ria de Hitler. Sua resposta n\u00e3o deixava nenhuma d\u00favida sobre as dimens\u00f5es do mal que estava por vir. &#8220;\u00c9 poss\u00edvel que uma derrota alem\u00e3 seja a ru\u00edna da Alemanha&#8221;, afirmou o grande escritor, mas acrescentou que &#8220;\u00e9 indiscut\u00edvel que sua vit\u00f3ria seria a ru\u00edna e a degrada\u00e7\u00e3o do globo&#8221;. Borges, que na \u00e9poca se apresentou como um intelectual argentino e latino-americano antifascista comprometido com o mundo em que vivia, n\u00e3o teve medo de embarcar num exerc\u00edcio de previs\u00e3o dos efeitos de um triunfo hitleriano. Preenchendo as lacunas, nestes tempos de racismo, autoritarismo e crise planet\u00e1ria \u00e9 necess\u00e1rio se perguntar o que acontecer\u00e1 com a democracia estadunidense em um futuro pr\u00f3ximo e quais ser\u00e3o os efeitos globais (se Donald Trump ganhar as elei\u00e7\u00f5es).<\/p>\n\n\n\n<blockquote class=\"wp-block-quote is-layout-flow wp-block-quote-is-layout-flow\">\n<p>Apesar das pesquisas, dos fracassos e das constantes mentiras, ainda \u00e9 poss\u00edvel considerar que Donald Trump&#8221;<\/p>\n<\/blockquote>\n\n\n\n<p>Apesar das pesquisas, dos fracassos e das constantes mentiras, ainda \u00e9 poss\u00edvel considerar que Donald Trump ganhar\u00e1 as <a href=\"https:\/\/pt.wikipedia.org\/wiki\/Elei%C3%A7%C3%A3o_presidencial_nos_Estados_Unidos_em_2020\">elei\u00e7\u00f5es presidenciais nos Estados Unidos<\/a>. E embora seja claro que os efeitos n\u00e3o ser\u00e3o os mesmos que Borges pensava para Hitler (a ru\u00edna de seu pa\u00eds e o triunfo absoluto do \u00f3dio e da intoler\u00e2ncia), uma vit\u00f3ria de Trump legitimaria um aumento de seu autoritarismo e sua xenofobia.<\/p>\n\n\n\n<p>Antes de fazer um exerc\u00edcio na hist\u00f3ria contrafatual, ao estilo da excelente tentativa feita no romance de Philip Roth <em>Compl\u00f4 contra a Am\u00e9rica<\/em>, agora tamb\u00e9m uma \u00f3tima s\u00e9rie da HBO, sobre os efeitos totalit\u00e1rios de um triunfo pr\u00f3-fascista em Washington DC; um exerc\u00edcio que n\u00f3s historiadores profissionais temos proibido, \u00e9 necess\u00e1rio pensar nas continuidades e rupturas entre passado, presente e futuro.<\/p>\n\n\n\n<p>Em termos de continuidade, \u00e9 claro que um triunfo do presidente republicano consertar\u00e1, e continuar\u00e1 justificando os seus aliados internacionais como Narendra Modi na \u00cdndia, Jair Messias Bolsonaro no Brasil e Viktor Orban na Hungria.<\/p>\n\n\n\n<p>O governo dos Estados Unidos continuar\u00e1 parabenizando seus l\u00edderes e consolidando seus ataques \u00e0 independ\u00eancia da m\u00eddia independente, \u00e0s minorias e ao sistema democr\u00e1tico constitucional como um todo.<\/p>\n\n\n\n<p>Da mesma forma, o trumpismo que aumentou a repress\u00e3o, a desinforma\u00e7\u00e3o, o verticalismo e o racismo, em tempos de elei\u00e7\u00f5es, continuar\u00e1 sendo um modelo a ser seguido para alcan\u00e7ar o poder para os populistas de extrema direita em pa\u00edses como It\u00e1lia, Col\u00f4mbia, Bol\u00edvia ou Espanha. Tamb\u00e9m continuar\u00e1 a nega\u00e7\u00e3o do papel da ci\u00eancia no manejo da doen\u00e7a, que sem d\u00favida continuar\u00e1 a aumentar o n\u00famero de mortes por causa do <a href=\"https:\/\/latinoamerica21.com\/br\/fechamento-ou-abertura-politicas-de-migracao-sul-americanas-na-era-pos-pandemica\/\">v\u00edrus<\/a>. E, finalmente, continuar\u00e3o os esc\u00e2ndalos e a corrup\u00e7\u00e3o, que seriam endossados atrav\u00e9s da vota\u00e7\u00e3o.<\/p>\n\n\n\n<p>Em termos de rupturas, muitos analistas e especialistas em ditaduras e populismo entre os quais me conto, levantam a possibilidade, talvez remota, de uma veia fujimorista no Peru (autogolpe), madurista na Venezuela (destrui\u00e7\u00e3o progressiva dos \u00faltimos vest\u00edgios da democracia) ou um perigo fascista diferente, mas relacionado com os do passado.<\/p>\n\n\n\n<p>Em outras palavras, a destrui\u00e7\u00e3o da democracia a partir de dentro e a instaura\u00e7\u00e3o de formas autocr\u00e1ticas com caracter\u00edsticas ditatoriais, no sentido de atacar e fechar institui\u00e7\u00f5es, fagocitando os &#8220;check and balances&#8221; (freios e contrapesos).<\/p>\n\n\n\n<p>Isso implicaria na elimina\u00e7\u00e3o daquela grande fonte de democracia que \u00e9 a esfera p\u00fablica norte-americana, com suas discuss\u00f5es, suas publica\u00e7\u00f5es, sua m\u00eddia independente e jornalismo investigativo, suas universidades, seus livros e sua aceita\u00e7\u00e3o e promo\u00e7\u00e3o do que \u00e9 diferente.<\/p>\n\n\n\n<p>Eliminaria o fanatismo, a intoler\u00e2ncia e tamb\u00e9m essa mistura muito americana de fanatismo religioso e idealiza\u00e7\u00e3o de milion\u00e1rios e consumo para o consumo. Especificamente, foi essa ideia de Estados Unidos que levou Trump para a Casa Branca.<\/p>\n\n\n\n<blockquote class=\"wp-block-quote is-layout-flow wp-block-quote-is-layout-flow\">\n<p>A hip\u00f3tese fict\u00edcia de Roth sobre uma difama\u00e7\u00e3o quase absoluta da democracia e da cultura democr\u00e1tica americana tamb\u00e9m n\u00e3o pode ser descartada de antem\u00e3o&#8221;<\/p>\n<\/blockquote>\n\n\n\n<p>A hip\u00f3tese fict\u00edcia de Roth sobre uma difama\u00e7\u00e3o quase absoluta da democracia e da cultura democr\u00e1tica americana tamb\u00e9m n\u00e3o pode ser descartada de antem\u00e3o. O pr\u00f3prio Borges escreveria mais tarde sobre a desola\u00e7\u00e3o de um futuro no qual o legado de Hitler e suas c\u00e2maras de g\u00e1s fizessem parte da vida cotidiana. Tanto Borges quanto Roth adotaram uma perspectiva antifascista para chamar a aten\u00e7\u00e3o para os perigos do futuro totalit\u00e1rio e das hist\u00f3rias contra-fatuais, que tamb\u00e9m existem semelhan\u00e7as com o nosso presente.<\/p>\n\n\n\n<p>Enfrentando o Trump se encontram Joe Biden e Kamala Harris e com eles uma coaliz\u00e3o de esquerda, centro e direita (que inclui muitos republicanos). Esta coaliz\u00e3o est\u00e1 tentando defender a democracia de seus inimigos.<\/p>\n\n\n\n<p>O pr\u00f3prio Biden afirma que decidiu ser candidato depois que Trump disse que tamb\u00e9m havia &#8220;boa gente&#8221; entre os neonazistas na famosa marcha de Charlottesville, na Virg\u00ednia, em 2017. Em particular, esta elei\u00e7\u00e3o estadunidense e seus efeitos globais n\u00e3o est\u00e3o t\u00e3o distantes do mundo da fic\u00e7\u00e3o que escritores como Roth e Borges nos deram para nos chocar um pouco, mas tamb\u00e9m para nos fazer pensar nos futuros que a intoler\u00e2ncia e a ina\u00e7\u00e3o, e tamb\u00e9m a apatia em n\u00f3s mesmos e nos outros, podem trazer. Do lado de Trump se encontra o perigo de um futuro de fantasias autorit\u00e1rias que pode se tornar realidade; do outro lado est\u00e1 a promessa de uma recupera\u00e7\u00e3o e fortalecimento da democracia.<\/p>\n\n\n\n<p><em><sub>*Tradu\u00e7\u00e3o do espanhol por Maria Isabel Santos Lima<\/sub><\/em><\/p>\n\n\n\n<p><em><sub>Foto de Gage Skidmore em Foter.com \/ CC BY-SA<\/sub><\/em><\/p>\n","protected":false},"excerpt":{"rendered":"<p>Nestes tempos de racismo, autoritarismo e crise planet\u00e1ria \u00e9 necess\u00e1rio se perguntar o que acontecer\u00e1 com a democracia estadunidense em um futuro pr\u00f3ximo e quais ser\u00e3o os efeitos globais.<\/p>\n","protected":false},"author":77,"featured_media":2654,"comment_status":"closed","ping_status":"closed","sticky":false,"template":"","format":"standard","meta":{"_acf_changed":false,"episode_type":"","audio_file":"","cover_image":"","cover_image_id":"","duration":"","filesize":"","filesize_raw":"","date_recorded":"","explicit":"","block":"","itunes_episode_number":"","itunes_title":"","itunes_season_number":"","itunes_episode_type":"","footnotes":""},"categories":[16773,16758,16711,16719,14397,544],"tags":[],"gps":[],"class_list":{"0":"post-2657","1":"post","2":"type-post","3":"status-publish","4":"format-standard","5":"has-post-thumbnail","7":"category-autoritarismo-pt-br","8":"category-donald-trump-pt-br","9":"category-elecciones-pt-br","10":"category-debates-pt-br","11":"category-eleicoes","12":"category-politica-br"},"acf":[],"_links":{"self":[{"href":"https:\/\/latinoamerica21.com\/pt-br\/wp-json\/wp\/v2\/posts\/2657","targetHints":{"allow":["GET"]}}],"collection":[{"href":"https:\/\/latinoamerica21.com\/pt-br\/wp-json\/wp\/v2\/posts"}],"about":[{"href":"https:\/\/latinoamerica21.com\/pt-br\/wp-json\/wp\/v2\/types\/post"}],"author":[{"embeddable":true,"href":"https:\/\/latinoamerica21.com\/pt-br\/wp-json\/wp\/v2\/users\/77"}],"replies":[{"embeddable":true,"href":"https:\/\/latinoamerica21.com\/pt-br\/wp-json\/wp\/v2\/comments?post=2657"}],"version-history":[{"count":0,"href":"https:\/\/latinoamerica21.com\/pt-br\/wp-json\/wp\/v2\/posts\/2657\/revisions"}],"wp:featuredmedia":[{"embeddable":true,"href":"https:\/\/latinoamerica21.com\/pt-br\/wp-json\/wp\/v2\/media\/2654"}],"wp:attachment":[{"href":"https:\/\/latinoamerica21.com\/pt-br\/wp-json\/wp\/v2\/media?parent=2657"}],"wp:term":[{"taxonomy":"category","embeddable":true,"href":"https:\/\/latinoamerica21.com\/pt-br\/wp-json\/wp\/v2\/categories?post=2657"},{"taxonomy":"post_tag","embeddable":true,"href":"https:\/\/latinoamerica21.com\/pt-br\/wp-json\/wp\/v2\/tags?post=2657"},{"taxonomy":"gps","embeddable":true,"href":"https:\/\/latinoamerica21.com\/pt-br\/wp-json\/wp\/v2\/gps?post=2657"}],"curies":[{"name":"wp","href":"https:\/\/api.w.org\/{rel}","templated":true}]}}