{"id":2845,"date":"2020-11-17T08:02:50","date_gmt":"2020-11-17T11:02:50","guid":{"rendered":"http:\/\/latinoamerica21.com\/?p=2845"},"modified":"2023-07-23T16:21:32","modified_gmt":"2023-07-23T19:21:32","slug":"nao-e-latino-americanizacao-e-populismo","status":"publish","type":"post","link":"https:\/\/latinoamerica21.com\/pt-br\/nao-e-latino-americanizacao-e-populismo\/","title":{"rendered":"Pol\u00edtica: &#8220;latino-americaniza\u00e7\u00e3o&#8221; vs. populismo"},"content":{"rendered":"\n<p>As elei\u00e7\u00f5es presidenciais de 3 de novembro nos Estados Unidos foram caracterizadas por uma sucess\u00e3o de atitudes e comportamentos que tem gerado inquieta\u00e7\u00e3o tanto para as elites quanto para os cidad\u00e3os. As den\u00fancias de fraude e a nega\u00e7\u00e3o dos resultados por parte de Donald Trump causaram preocupa\u00e7\u00e3o, n\u00e3o apenas dentro do partido Democrata, mas tamb\u00e9m entre alguns l\u00edderes do partido Republicano. O sistema tem sido atacado e a for\u00e7a da democracia norte-americana, t\u00e3o ic\u00f4nica desde o mito fundador, posta em d\u00favida. Uma vez confirmada a vit\u00f3ria do candidato democrata Joe Biden, o comportamento do presidente de sa\u00edda n\u00e3o deixou ningu\u00e9m indiferente. Acusa\u00e7\u00f5es infundadas de fraude eleitoral, alega\u00e7\u00f5es de uma vit\u00f3ria &#8220;convincente&#8221; e a confus\u00e3o ao chamar os votos por correspond\u00eancia de ilegais levaram alguns analistas a acreditar que a pol\u00edtica nos Estados Unidos est\u00e1 &#8220;latino-americanizada&#8221;.<\/p>\n\n\n\n<blockquote class=\"wp-block-quote is-layout-flow wp-block-quote-is-layout-flow\">\n<p>Am\u00e9rica do Norte est\u00e1 relutante em admitir que est\u00e1 sofrendo pela primeira vez com o fen\u00f4meno do populismo?&#8221;<\/p>\n<\/blockquote>\n\n\n\n<p>Mas ser\u00e1 que o conceito de &#8220;latino-americaniza\u00e7\u00e3o&#8221; como tal realmente existe ou \u00e9 que, na realidade, a Am\u00e9rica do Norte est\u00e1 relutante em admitir que est\u00e1 sofrendo pela primeira vez com o fen\u00f4meno do populismo? Ao utilizar o termo &#8220;latino-americaniza\u00e7\u00e3o&#8221;, os l\u00edderes de opini\u00e3o s\u00e3o incapazes de explicar tudo o que o novo cen\u00e1rio estadunidense esconde. Em vez disso, parece que este conceito \u00e9 usado unicamente de forma pejorativa para criticar o comportamento de Donald Trump. Se tomarmos refer\u00eancias te\u00f3ricas que nos permitam categorizar o que o presidente tem dito e feito at\u00e9 agora, poder\u00edamos encontrar caracter\u00edsticas pr\u00f3ximas ao populismo.<\/p>\n\n\n\n<p>O populismo se sustenta em um l\u00edder carism\u00e1tico que se coloca como um guia para seu povo, infantilizando-o. Ele carrega em seus ombros um mandato, (em alguns casos divino), para alcan\u00e7ar o progresso, o bem-estar e uma sociedade feliz, confrontando aqueles que se op\u00f5em ao projeto do l\u00edder &#8220;infal\u00edvel&#8221;, identificando-os como os &#8220;povos atrasados&#8221;, a &#8220;oligarquia&#8221;, ou com uma s\u00e9rie de termos pejorativos. O l\u00edder n\u00e3o admite competi\u00e7\u00e3o ou oposi\u00e7\u00e3o, pois \u00e9 ele quem &#8220;melhor&#8221; conhece as necessidades do povo e, acima de tudo, \u00e9 o \u00fanico que tem a &#8220;f\u00f3rmula m\u00e1gica&#8221; para atend\u00ea-las. Deste modo, as a\u00e7\u00f5es do l\u00edder se convertem em uma luta do bem contra o mal, do &#8220;messias&#8221; contra os &#8220;inimigos do povo&#8221;.<\/p>\n\n\n\n<p>E na Am\u00e9rica Latina, o populismo tem tradicionalmente encontrado um terreno perfeito para se integrar na cultura pol\u00edtica de seus pa\u00edses. Ele tem sido sustentado, sobretudo, pela mobiliza\u00e7\u00e3o pol\u00edtica dos setores exclu\u00eddos, que encontraram nessas lideran\u00e7as a maneira de se envolver na disputa pelo poder e tamb\u00e9m de depositar suas expectativas de solu\u00e7\u00f5es para seus problemas, diante da percep\u00e7\u00e3o da inefic\u00e1cia das institui\u00e7\u00f5es pol\u00edticas. Esta n\u00e3o \u00e9 a heran\u00e7a nem da esquerda nem da direita, mas de todos aqueles que, sentindo-se separados do sistema, confiam em um messias que rompe com as antigas estruturas de poder que deixam milhares de cidad\u00e3os sem oportunidades.<\/p>\n\n\n\n<p>De Getulio Vargas, Jorge Eli\u00e9cer Gait\u00e1n, L\u00e1zaro C\u00e1rdenas, Carlos M\u00e9nem, Jos\u00e9 Mar\u00eda Velasco Ibarra e Juan Domingo Per\u00f3n no s\u00e9culo XX, chegamos a Hugo Ch\u00e1vez, Rafael Correa, Lula da Silva e Alberto Fujimori no s\u00e9culo atual. Mas faz tempo que o populismo atravessou as fronteiras latino-americanas, como evidenciado pela lideran\u00e7a da Marine Le Pen na Fran\u00e7a, Pablo Iglesias na Espanha e Matteo Salvini na It\u00e1lia. Isso significaria que existe uma &#8220;latino-americaniza\u00e7\u00e3o&#8221; em alguns pa\u00edses europeus? De forma alguma.<\/p>\n\n\n\n<blockquote class=\"wp-block-quote is-layout-flow wp-block-quote-is-layout-flow\">\n<p>O populismo tem sido sim uma caracter\u00edstica da pol\u00edtica na Am\u00e9rica Latina, mas isso n\u00e3o significa que exista uma categoria anal\u00edtica denominada &#8216;latino-americaniza\u00e7\u00e3o&#8221;<\/p>\n<\/blockquote>\n\n\n\n<p>O populismo tem sido sim uma caracter\u00edstica da pol\u00edtica na Am\u00e9rica Latina, mas isso n\u00e3o significa que exista uma categoria anal\u00edtica denominada &#8220;latino-americaniza\u00e7\u00e3o&#8221;. \u00c9 simplesmente o populismo. \u00c9 um populismo que conseguiu penetrar em sociedades com democracias aparentemente mais consolidadas do que as da Am\u00e9rica Latina, colocando as institui\u00e7\u00f5es em cheque pela primeira vez e gerando fraturas sociais nunca antes vistas.<\/p>\n\n\n\n<p>Os Estados Unidos de hoje s\u00e3o um exemplo.&nbsp; O discurso de Trump exemplifica a encarna\u00e7\u00e3o da vontade popular no l\u00edder, (&#8220;o povo grita PARE A CONTAGEM E DEMANDAMOS TRANSPAR\u00caNCIA&#8221;), a utiliza\u00e7\u00e3o das institui\u00e7\u00f5es democr\u00e1ticas para chegar ao poder e sua posterior rejei\u00e7\u00e3o (&#8220;As m\u00e1quinas das grandes cidades s\u00e3o corruptas, esta \u00e9 uma elei\u00e7\u00e3o roubada&#8221;), a distin\u00e7\u00e3o de um &#8220;n\u00f3s&#8221; versus um &#8220;eles&#8221; na dicotomia &#8220;bom&#8221; versus &#8220;mau&#8221; (&#8220;ganhamos as elei\u00e7\u00f5es se os votos legais forem contados&#8221;, &#8220;os Democratas s\u00e3o comunistas, aliados de Fidel Castro&#8221;), um discurso polarizador (&#8220;isto \u00e9 uma fraude para o p\u00fablico estadunidense e uma vergonha para nosso pa\u00eds&#8221;) e, uma luta moral e \u00e9tica do povo liderada por um l\u00edder libertador.<\/p>\n\n\n\n<p>As atitudes do <a href=\"https:\/\/latinoamerica21.com\/br\/como-o-trump-chegou-tao-longe\/\">Presidente Trump<\/a> estabeleceram um precedente desastroso na hist\u00f3ria pol\u00edtica dos <a href=\"https:\/\/brasilescola.uol.com.br\/historia-da-america\/historia-eua.htm\">Estados Unidos<\/a>. O que aconteceu pode minar a confian\u00e7a nas institui\u00e7\u00f5es, enfraquecendo-as e criando um espa\u00e7o para que, no futuro, existam atores pol\u00edticos com a mesma pr\u00e1tica populista, ignorando as institui\u00e7\u00f5es democr\u00e1ticas, afetando o Estado de Direito e amea\u00e7ando a qualidade da democracia em um pa\u00eds que, historicamente, tem sido um ponto de refer\u00eancia para as poliarquias ocidentais.<\/p>\n\n\n\n<p>O desafio para o pr\u00f3ximo governo, al\u00e9m de reconciliar um pa\u00eds dividido, \u00e9 fortalecer a confian\u00e7a de seus cidad\u00e3os na democracia e no pr\u00f3prio sistema pol\u00edtico estadunidense, atrav\u00e9s de uma resposta eficaz e eficiente \u00e0s principais demandas de seus cidad\u00e3os. Isto permitir\u00e1 fortalecer a confian\u00e7a nas institui\u00e7\u00f5es, ao inv\u00e9s das lideran\u00e7as &#8220;messi\u00e2nicas&#8221;. O desafio para o governo democrata est\u00e1 longe de finalizar, s\u00f3 est\u00e1 come\u00e7ando.<\/p>\n\n\n\n<p><em><sub>*Tradu\u00e7\u00e3o do espanhol por Maria Isabel Santos Lima<\/sub><\/em><\/p>\n\n\n\n<p><em><sub>Foto del Palacio del Planalto em Foter.com \/ CC BY<\/sub><\/em><\/p>\n","protected":false},"excerpt":{"rendered":"<p>Alega\u00e7\u00f5es de fraude e a nega\u00e7\u00e3o de resultados por Donald Trump t\u00eam causado preocupa\u00e7\u00e3o, n\u00e3o apenas dentro do Partido Democrata, mas tamb\u00e9m entre alguns l\u00edderes do Partido Republicano. O sistema foi atacado e a for\u00e7a da democracia americana foi posta em quest\u00e3o.<\/p>\n","protected":false},"author":130,"featured_media":2828,"comment_status":"closed","ping_status":"closed","sticky":false,"template":"","format":"standard","meta":{"_acf_changed":false,"episode_type":"","audio_file":"","cover_image":"","cover_image_id":"","duration":"","filesize":"","filesize_raw":"","date_recorded":"","explicit":"","block":"","itunes_episode_number":"","itunes_title":"","itunes_season_number":"","itunes_episode_type":"","footnotes":""},"categories":[16864,16864,16758,16758,16748,16748],"tags":[],"gps":[],"class_list":{"0":"post-2845","1":"post","2":"type-post","3":"status-publish","4":"format-standard","5":"has-post-thumbnail","7":"category-joe-biden-pt-br","9":"category-donald-trump-pt-br","11":"category-populismo-pt-br"},"acf":[],"_links":{"self":[{"href":"https:\/\/latinoamerica21.com\/pt-br\/wp-json\/wp\/v2\/posts\/2845","targetHints":{"allow":["GET"]}}],"collection":[{"href":"https:\/\/latinoamerica21.com\/pt-br\/wp-json\/wp\/v2\/posts"}],"about":[{"href":"https:\/\/latinoamerica21.com\/pt-br\/wp-json\/wp\/v2\/types\/post"}],"author":[{"embeddable":true,"href":"https:\/\/latinoamerica21.com\/pt-br\/wp-json\/wp\/v2\/users\/130"}],"replies":[{"embeddable":true,"href":"https:\/\/latinoamerica21.com\/pt-br\/wp-json\/wp\/v2\/comments?post=2845"}],"version-history":[{"count":0,"href":"https:\/\/latinoamerica21.com\/pt-br\/wp-json\/wp\/v2\/posts\/2845\/revisions"}],"wp:featuredmedia":[{"embeddable":true,"href":"https:\/\/latinoamerica21.com\/pt-br\/wp-json\/wp\/v2\/media\/2828"}],"wp:attachment":[{"href":"https:\/\/latinoamerica21.com\/pt-br\/wp-json\/wp\/v2\/media?parent=2845"}],"wp:term":[{"taxonomy":"category","embeddable":true,"href":"https:\/\/latinoamerica21.com\/pt-br\/wp-json\/wp\/v2\/categories?post=2845"},{"taxonomy":"post_tag","embeddable":true,"href":"https:\/\/latinoamerica21.com\/pt-br\/wp-json\/wp\/v2\/tags?post=2845"},{"taxonomy":"gps","embeddable":true,"href":"https:\/\/latinoamerica21.com\/pt-br\/wp-json\/wp\/v2\/gps?post=2845"}],"curies":[{"name":"wp","href":"https:\/\/api.w.org\/{rel}","templated":true}]}}