{"id":291,"date":"2019-03-21T05:27:23","date_gmt":"2019-03-21T08:27:23","guid":{"rendered":"http:\/\/latinoamerica21.com\/?p=291"},"modified":"2023-01-12T19:48:34","modified_gmt":"2023-01-12T22:48:34","slug":"e-a-igualdade-de-genero-na-america-latina","status":"publish","type":"post","link":"https:\/\/latinoamerica21.com\/pt-br\/e-a-igualdade-de-genero-na-america-latina\/","title":{"rendered":"E a igualdade de g\u00eanero na Am\u00e9rica Latina?"},"content":{"rendered":"\n<p>A Am\u00e9rica Latina est\u00e1 diante de um momento transcendental,\nem diversas frentes. Por um lado, as elei\u00e7\u00f5es nacionais do ano passado em seis\npa\u00edses -entre os quais tr\u00eas dos maiores da regi\u00e3o, Brasil, Col\u00f4mbia e M\u00e9xico-\nresultaram em reforma gradual no cen\u00e1rio pol\u00edtico latino-americano. Em\nparalelo, a agenda econ\u00f4mica se tornou o foco dos esfor\u00e7os dos governos nacionais\npara combater os desequil\u00edbrios, implementar reformas e promover crescimento\nmais robusto. Como pano de fundo para tudo isso, movimentos feministas\nimportantes v\u00eam surgindo, h\u00e1 cerca de dois anos, como resultado de discuss\u00f5es\nacirradas sobre a viol\u00eancia machista e a igualdade de g\u00eaneros, com s\u00e9rias\nimplica\u00e7\u00f5es cr\u00edticas, tanto no \u00e2mbito pol\u00edtico quanto no econ\u00f4mico.<\/p>\n\n\n\n<p>Nas \u00faltimas d\u00e9cadas, a maioria dos pa\u00edses da Am\u00e9rica Latina deu passos importantes e na dire\u00e7\u00e3o certa para a redu\u00e7\u00e3o da desigualdade de g\u00eaneros. Muitas mulheres ganharam espa\u00e7o no mercado de trabalho e conquistaram mais acesso aos servi\u00e7os de sa\u00fade. De acordo com dados da ONU, as <a href=\"https:\/\/latinoamerica21.com\/br\/o-assassinato-de-marielle-franco-as-milicias-e-a-narrativa-do-golpe-no-brasil\/\">mulheres<\/a> latino-americanas t\u00eam hoje escolaridade superior \u00e0 dos homens, bem como uma expectativa de vida mais alta, e sua participa\u00e7\u00e3o pol\u00edtica est\u00e1 crescendo.<\/p>\n\n\n\n<blockquote class=\"wp-block-quote is-layout-flow wp-block-quote-is-layout-flow\">\n<p>Am\u00e9rica Latina precisa de pelo menos 80 anos para eliminar a disparidade de g\u00eanero existente, avaliada em cerca de 30%&#8221;<\/p>\n<\/blockquote>\n\n\n\n<p>Ainda assim, e apesar de todos esses avan\u00e7os, continua a\nexistir uma grande disparidade entre os g\u00eaneros na regi\u00e3o, em diversas frentes.\nDe acordo com o &#8220;Relat\u00f3rio Mundial sobre Disparidade de G\u00eanero&#8221;, do\nF\u00f3rum Econ\u00f4mico Mundial, a Am\u00e9rica Latina precisa de pelo menos 80 anos para\neliminar a disparidade de g\u00eanero existente, avaliada em cerca de 30%. A regi\u00e3o est\u00e1 pouco atr\u00e1s da Europa Oriental, \u00c1sia Central e\nAm\u00e9rica do Norte (no caso representada por Canad\u00e1 e Estados Unidos), mas ainda\ndistante da disparidade de 25% registrada na Europa Ocidental.<\/p>\n\n\n\n<p>Esses n\u00fameros servem como claro lembrete de que as mulheres da Am\u00e9rica Latina representam 50% da popula\u00e7\u00e3o mas apenas 41% da for\u00e7a de <a href=\"https:\/\/brasil.un.org\/pt-br\/80960-onu-lanca-iniciativa-para-igualdade-de-genero-nas-empresas-da-america-latina\">trabalho<\/a>, e que seus sal\u00e1rios s\u00e3o em m\u00e9dia 16% mais baixos que os dos homens. A isso devemos somar uma segrega\u00e7\u00e3o ocupacional ainda muito alta, e o fato de que as realiza\u00e7\u00f5es superiores das mulheres na educa\u00e7\u00e3o n\u00e3o resultaram em melhor remunera\u00e7\u00e3o. De fato, a disparidade salarial nos empregos mais qualificados fica em m\u00e9dia em 26%, o que serve para bloquear o empoderamento econ\u00f4mico das mulheres.<\/p>\n\n\n\n<p>No que tange \u00e0 representa\u00e7\u00e3o pol\u00edtica, a disparidade\ncontinua a ser muito ampla. De acordo com dados da Uni\u00e3o Interparlamentar, a\npropor\u00e7\u00e3o de assentos legislativos ocupados por mulheres na Am\u00e9rica Latina \u00e9 de\napenas 29% do total, e em pa\u00edses como Belize, Haiti e o Paraguai, ela \u00e9 ainda\nmais baixa (de entre 3% e 10%); j\u00e1 na Bol\u00edvia, Costa Rica e M\u00e9xico, sua\nparticipa\u00e7\u00e3o legislativa \u00e9 muito mais elevada (de entre 45% e 53%). Por outro lado, as elei\u00e7\u00f5es realizadas no ano passado n\u00e3o\nconduziram mulheres ao posto de chefe de Estado, o que contrasta com 2014,\nquando a regi\u00e3o contava com o maior n\u00famero de mulheres como chefes de Estado,\nna Argentina, Brasil, Chile e Costa Rica. Ao meu ver, as probabilidades de que\nisso volte a acontecer no futuro pr\u00f3ximo s\u00e3o baixas.<\/p>\n\n\n\n<p>\u00c9 indiscut\u00edvel que uma maior igualdade de g\u00eanero e uma\nparticipa\u00e7\u00e3o mais forte das mulheres na vida pol\u00edtica t\u00eam impacto amplo sobre o\ndesenvolvimento, assim como repercuss\u00f5es econ\u00f4micas, porque as duas coisas\npromovem uma maior estabilidade econ\u00f4mica e conduzem a um n\u00famero maior de\nresultados democr\u00e1ticos. Uma representa\u00e7\u00e3o feminina maior nas c\u00e2maras altas e baixas\ndos legislativos nacionais tamb\u00e9m est\u00e1 vinculada a progressos maiores na\nreforma de legisla\u00e7\u00e3o discriminat\u00f3ria e em maior investimento em servi\u00e7os\nsociais e no bem-estar. De acordo com o Banco Mundial &#8211; no estudo\n&#8220;Potencial N\u00e3o Realizado: O Alto Custo da Desigualdade de Renda entre os\nG\u00eaneros&#8221; -, a desigualdade de g\u00eanero tem um custo mundial de US$ 160\nbilh\u00f5es, do qual US$ 6,7 bilh\u00f5es podem ser atribu\u00eddos \u00e0 disparidade de g\u00eanero\nna Am\u00e9rica Latina.<\/p>\n\n\n\n<p>Portanto, uma das dimens\u00f5es da igualdade de g\u00eaneros (a\nlegal) resultar\u00e1 em uma maior participa\u00e7\u00e3o das mulheres na for\u00e7a de trabalho,\nmenor disparidade salarial e em presen\u00e7a maior das mulheres no Legislativo.\nIsso n\u00e3o significa que todos os demais problemas originados da desigualdade de\ng\u00eanero (viol\u00eancia, discrimina\u00e7\u00e3o, direitos fundamentais, para mencionar apenas\nalguns) ser\u00e3o resolvidos, mas leis e pol\u00edticas p\u00fablicas podem, sim, impulsionar\numa maior inclus\u00e3o das mulheres.<\/p>\n\n\n\n<p>Um exemplo disso v\u00eam sendo as pol\u00edticas de a\u00e7\u00e3o afirmativa (por exemplo cotas), que al\u00e9m de eliminar a discrimina\u00e7\u00e3o legal ajudam a nivelar a competi\u00e7\u00e3o entre homens e mulheres. De fato, a participa\u00e7\u00e3o pol\u00edtica das mulheres latino-americanas foi impulsionada em grande parte pela cria\u00e7\u00e3o de cotas por g\u00eanero e leis de paridade eleitoral, das quais a Argentina foi pioneira em 1991. Mesmo assim, \u00e9 importante ressaltar que, embora essas leis tenham contribu\u00eddo para criar mais espa\u00e7o para as mulheres, em muitos casos elas n\u00e3o s\u00e3o suficientes.<\/p>\n\n\n\n<p>\u00c9 ineg\u00e1vel que as oportunidades cresceram, para as mulheres\nda Am\u00e9rica Latina, e que as medidas tomadas avan\u00e7am na dire\u00e7\u00e3o certa &#8211; se bem\nque muito lentamente. Mas falta fazer mais. Diante de tamanhas provas de que o\nempoderamento feminino \u00e9 crucial para remover a disparidade entre os g\u00eaneros (o\nque \u00e9 essencial para o crescimento econ\u00f4mico em geral), simplesmente nos resta\nesperar que, com tanta coisa em jogo no campo pol\u00edtico e no campo econ\u00f4mico\nlatino-americanos, impulsionar a paridade de g\u00eaneros tenha lugar importante na\nagenda.<\/p>\n","protected":false},"excerpt":{"rendered":"<p>A Am\u00e9rica Latina est\u00e1 diante de um momento transcendental, em diversas frentes. Como pano de fundo para tudo isso, movimentos feministas importantes v\u00eam surgindo, h\u00e1 cerca de dois anos, como resultado de discuss\u00f5es acirradas sobre a viol\u00eancia machista e a igualdade de g\u00eaneros, com s\u00e9rias implica\u00e7\u00f5es cr\u00edticas, tanto no \u00e2mbito pol\u00edtico quanto no econ\u00f4mico.<\/p>\n","protected":false},"author":11,"featured_media":289,"comment_status":"closed","ping_status":"closed","sticky":false,"template":"","format":"standard","meta":{"_acf_changed":false,"episode_type":"","audio_file":"","cover_image":"","cover_image_id":"","duration":"","filesize":"","filesize_raw":"","date_recorded":"","explicit":"","block":"","itunes_episode_number":"","itunes_title":"","itunes_season_number":"","itunes_episode_type":"","footnotes":""},"categories":[16947,14395,14511],"tags":[],"gps":[],"class_list":{"0":"post-291","1":"post","2":"type-post","3":"status-publish","4":"format-standard","5":"has-post-thumbnail","7":"category-internet-es-pt-br","8":"category-educacao","9":"category-saude"},"acf":[],"_links":{"self":[{"href":"https:\/\/latinoamerica21.com\/pt-br\/wp-json\/wp\/v2\/posts\/291","targetHints":{"allow":["GET"]}}],"collection":[{"href":"https:\/\/latinoamerica21.com\/pt-br\/wp-json\/wp\/v2\/posts"}],"about":[{"href":"https:\/\/latinoamerica21.com\/pt-br\/wp-json\/wp\/v2\/types\/post"}],"author":[{"embeddable":true,"href":"https:\/\/latinoamerica21.com\/pt-br\/wp-json\/wp\/v2\/users\/11"}],"replies":[{"embeddable":true,"href":"https:\/\/latinoamerica21.com\/pt-br\/wp-json\/wp\/v2\/comments?post=291"}],"version-history":[{"count":0,"href":"https:\/\/latinoamerica21.com\/pt-br\/wp-json\/wp\/v2\/posts\/291\/revisions"}],"wp:featuredmedia":[{"embeddable":true,"href":"https:\/\/latinoamerica21.com\/pt-br\/wp-json\/wp\/v2\/media\/289"}],"wp:attachment":[{"href":"https:\/\/latinoamerica21.com\/pt-br\/wp-json\/wp\/v2\/media?parent=291"}],"wp:term":[{"taxonomy":"category","embeddable":true,"href":"https:\/\/latinoamerica21.com\/pt-br\/wp-json\/wp\/v2\/categories?post=291"},{"taxonomy":"post_tag","embeddable":true,"href":"https:\/\/latinoamerica21.com\/pt-br\/wp-json\/wp\/v2\/tags?post=291"},{"taxonomy":"gps","embeddable":true,"href":"https:\/\/latinoamerica21.com\/pt-br\/wp-json\/wp\/v2\/gps?post=291"}],"curies":[{"name":"wp","href":"https:\/\/api.w.org\/{rel}","templated":true}]}}