{"id":2911,"date":"2020-11-26T06:47:57","date_gmt":"2020-11-26T09:47:57","guid":{"rendered":"http:\/\/latinoamerica21.com\/?p=2911"},"modified":"2023-07-15T19:12:15","modified_gmt":"2023-07-15T22:12:15","slug":"trump-vai-suas-sementes-ficam","status":"publish","type":"post","link":"https:\/\/latinoamerica21.com\/pt-br\/trump-vai-suas-sementes-ficam\/","title":{"rendered":"Trump vai, suas sementes ficam"},"content":{"rendered":"\n<p>Agora que Donald Trump perdeu as elei\u00e7\u00f5es, \u00e9 importante fazer uma an\u00e1lise forense do que deu errado com a democracia estadunidense e, ao mesmo tempo, reconhecer seus &#8220;anticorpos&#8221;.<\/p>\n\n\n\n<p>Porque embora Trump tenha sido derrotado definitivamente, o <a href=\"https:\/\/elpais.com\/especiales\/2020\/elecciones-estados-unidos\/resultados-eleitorais\/\">l\u00edder caudilhista<\/a> segue ampliando seus ataques \u00e0 democracia, negando os procedimentos eleitorais democr\u00e1ticos e promovendo uma esp\u00e9cie de tentativa de golpe de Estado, rid\u00edculo e provavelmente fracassado.<\/p>\n\n\n\n<blockquote class=\"wp-block-quote is-layout-flow wp-block-quote-is-layout-flow\">\n<p>Trump se apresenta n\u00e3o como o perdedor que realmente \u00e9, mas como a v\u00edtima de uma trai\u00e7\u00e3o \u00e0 p\u00e1tria&#8221;<\/p>\n<\/blockquote>\n\n\n\n<p>O trumpismo, em particular, aumenta suas possibilidades para o futuro atrav\u00e9s do que sempre fez, negar a realidade e promover a deslegitima\u00e7\u00e3o da democracia na busca dos desejos e do mito mobilizador de seu l\u00edder. Pensando em seu retorno triunfante, Trump se apresenta n\u00e3o como o perdedor que realmente \u00e9, mas como a v\u00edtima de uma trai\u00e7\u00e3o \u00e0 p\u00e1tria. \u202fA propaganda quer reescrever a hist\u00f3ria atrav\u00e9s da fic\u00e7\u00e3o deliberada, mas a hist\u00f3ria baseada em fatos continua seu curso.<\/p>\n\n\n\n<p>Neste contexto, devemos n\u00e3o apenas nos perguntar o que deu errado e o que deu certo na an\u00e1lise do fen\u00f4meno antidemocr\u00e1tico representado por este l\u00edder estadunidense, mas tamb\u00e9m pensar a partir das experi\u00eancias passadas de autoritarismo sobre os poss\u00edveis caminhos do trumpismo. Em particular, quais s\u00e3o suas possibilidades para um futuro no poder, seja atrav\u00e9s de uma nova candidatura em 2024 ou atrav\u00e9s de &#8220;neo-trumpismos&#8221; no futuro.<\/p>\n\n\n\n<p>Uma batalha perdida n\u00e3o deve ser equiparada a uma vit\u00f3ria total. Foi exatamente isso que Hannah Arendt advertiu em junho de 1945. A fil\u00f3sofa judaico-alem\u00e3 acreditava que o fascismo n\u00e3o havia terminado ap\u00f3s sua derrota e que as sementes do internacional fascista estavam bem plantadas a n\u00edvel global e, em particular, na Am\u00e9rica do Sul. Arendt p\u00f4de ver claramente a continuidade entre o fascismo cl\u00e1ssico e a reformula\u00e7\u00e3o democr\u00e1tica do fascismo que foi o populismo.<\/p>\n\n\n\n<p>De Juan Per\u00f3n na Argentina a Silvio Berlusconi na It\u00e1lia, o populismo deixou para tr\u00e1s os elementos constituintes do fascismo como a xenofobia, a repress\u00e3o absoluta, as t\u00e9cnicas de propaganda e a ditadura totalit\u00e1ria. No entanto, os novos populismos, com trumpismo \u00e0 frente e seguido de perto por Jair Bolsonaro no Brasil, Viktor Orban na Hungria e Matteo Salvini na It\u00e1lia, tem retomado muitos desses elementos fascistas, com exce\u00e7\u00e3o da dimens\u00e3o ditatorial, \u00e9 claro.<\/p>\n\n\n\n<p>O trumpismo, como estes novos populismos, pode ser definido como o &#8220;momento p\u00f3s-fascista&#8221; em que a liberdade de pensamento foi substitu\u00edda por uma mistura de liberdade de compra, de racismo e xenofobia, de mentiras ao estilo fascista, de passe livre para ignorar a pr\u00f3pria sa\u00fade e a dos outros, e de obedi\u00eancia total ao l\u00edder.<\/p>\n\n\n\n<p>Os custos desta concep\u00e7\u00e3o foram muitos, e muitas vezes letais. Os anos do Trump no cargo foram um desastre do ponto de vista da democracia, que foi profundamente denegrida, mas certamente n\u00e3o destru\u00edda ao estilo fascista.<\/p>\n\n\n\n<blockquote class=\"wp-block-quote is-layout-flow wp-block-quote-is-layout-flow\">\n<p>\u00c9 certo que as institui\u00e7\u00f5es democr\u00e1ticas s\u00e3o relativamente mais fortes do que no passado, e ainda assim, n\u00e3o devemos assumir que s\u00e3o t\u00e3o formid\u00e1veis a ponto de rejeitar o retorno de Trump&#8221;<\/p>\n<\/blockquote>\n\n\n\n<p>\u00c9 certo que as institui\u00e7\u00f5es democr\u00e1ticas s\u00e3o relativamente mais fortes do que no passado, e ainda assim, n\u00e3o devemos assumir que s\u00e3o t\u00e3o formid\u00e1veis a ponto de rejeitar o retorno de Trump, ou os futuros trumpistas da \u00e9poca, como sua filha Ivanka Trump, ou Mike Pence, ou os senadores Marco Rubio, Tom Cotton, ou Ted Cruz. Com ou sem Trump, a democracia ser\u00e1 novamente atacada a partir de dentro. Apesar de seus fracassos, o trumpismo continuar\u00e1 sendo uma caracter\u00edstica da <a href=\"https:\/\/latinoamerica21.com\/br\/a-democracia-latino-americana-sem-trump\/\">pol\u00edtica estadunidense<\/a>.<\/p>\n\n\n\n<p>Devemos pensar que l\u00edderes como Trump foram poss\u00edveis porque a democracia se manifestou para a sociedade como menos participativa, contemplativa diante da injusti\u00e7a, elitista. Em outras palavras, contra o populismo de extrema-direita, a democracia precisa ser mais justa e representativa.<\/p>\n\n\n\n<p>A democracia constitucional deve ser defendida contra o fascismo e o trumpismo, mas tamb\u00e9m deve ser ampliada, ser solid\u00e1ria e ser menos desigual. Com base em sua hist\u00f3ria recente, \u00e9 poss\u00edvel dizer que o trumpismo prop\u00f5e para o futuro uma oposi\u00e7\u00e3o terr\u00edvel e implac\u00e1vel, nem delibera\u00e7\u00e3o nem di\u00e1logo: mais mentiras e teorias conspirat\u00f3rias, o mito mobilizador de uma derrota injusta e &#8220;falsa&#8221; e talvez, mais militariza\u00e7\u00e3o da pol\u00edtica e da viol\u00eancia e a insist\u00eancia no culto de seu l\u00edder como figura redentora que precisa ser constantemente redimida do fracasso eleitoral e dos futuros processos judiciais contra ele.<\/p>\n\n\n\n<p>Para finalizar, vamos parar neste ponto. Trump ser\u00e1 investigado por grave neglig\u00eancia no cumprimento do dever, e at\u00e9 mesmo pela promo\u00e7\u00e3o de doen\u00e7as em condi\u00e7\u00f5es de uma pandemia de sa\u00fade nacional e global, e tamb\u00e9m por supostos casos de corrup\u00e7\u00e3o e incita\u00e7\u00e3o \u00e0 repress\u00e3o e \u00e0 viol\u00eancia?<\/p>\n\n\n\n<p>\u00c9 muito cedo para prever se a futura Administra\u00e7\u00e3o Biden n\u00e3o se opor\u00e1 a essas op\u00e7\u00f5es para solidificar a democracia e fornecer um aviso aos futuros trumpistas.<\/p>\n\n\n\n<p>O caso oposto \u00e9 o famoso perd\u00e3o presidencial de Gerald Ford a Richard Nixon para que n\u00e3o investigassem seus crimes, que parecem t\u00eanues em compara\u00e7\u00e3o com os emaranhados legais que Trump pode enfrentar. Uma coisa \u00e9 clara, as hist\u00f3rias passadas de reconstru\u00e7\u00e3o democr\u00e1tica ensinam a necessidade de que a defesa da legalidade e da pol\u00edtica leg\u00edtima andem de m\u00e3os dadas.<\/p>\n\n\n\n<p><em><sub>*Tradu\u00e7\u00e3o do espanhol por Maria Isabel Santos Lima<\/sub><\/em><\/p>\n\n\n\n<p><em><sub>Foto de Fibonacci Blue en Foter.com \/ CC BY<\/sub><\/em><\/p>\n","protected":false},"excerpt":{"rendered":"<p>Embora Trump tenha sido derrotado definitivamente, o senhor da guerra continua a expandir seus ataques \u00e0 democracia, negando os procedimentos eleitorais democr\u00e1ticos e promovendo uma esp\u00e9cie de tentativa de golpe, rid\u00edculo e provavelmente fracassado.<\/p>\n","protected":false},"author":77,"featured_media":2909,"comment_status":"closed","ping_status":"closed","sticky":false,"template":"","format":"standard","meta":{"_acf_changed":false,"episode_type":"","audio_file":"","cover_image":"","cover_image_id":"","duration":"","filesize":"","filesize_raw":"","date_recorded":"","explicit":"","block":"","itunes_episode_number":"","itunes_title":"","itunes_season_number":"","itunes_episode_type":"","footnotes":""},"categories":[16770,16770,16758,16708,16708,16758,546],"tags":[],"gps":[],"class_list":{"0":"post-2911","1":"post","2":"type-post","3":"status-publish","4":"format-standard","5":"has-post-thumbnail","7":"category-democracia-pt-br","9":"category-donald-trump-pt-br","10":"category-politica-pt-br","13":"category-sociedad-br"},"acf":[],"_links":{"self":[{"href":"https:\/\/latinoamerica21.com\/pt-br\/wp-json\/wp\/v2\/posts\/2911","targetHints":{"allow":["GET"]}}],"collection":[{"href":"https:\/\/latinoamerica21.com\/pt-br\/wp-json\/wp\/v2\/posts"}],"about":[{"href":"https:\/\/latinoamerica21.com\/pt-br\/wp-json\/wp\/v2\/types\/post"}],"author":[{"embeddable":true,"href":"https:\/\/latinoamerica21.com\/pt-br\/wp-json\/wp\/v2\/users\/77"}],"replies":[{"embeddable":true,"href":"https:\/\/latinoamerica21.com\/pt-br\/wp-json\/wp\/v2\/comments?post=2911"}],"version-history":[{"count":0,"href":"https:\/\/latinoamerica21.com\/pt-br\/wp-json\/wp\/v2\/posts\/2911\/revisions"}],"wp:featuredmedia":[{"embeddable":true,"href":"https:\/\/latinoamerica21.com\/pt-br\/wp-json\/wp\/v2\/media\/2909"}],"wp:attachment":[{"href":"https:\/\/latinoamerica21.com\/pt-br\/wp-json\/wp\/v2\/media?parent=2911"}],"wp:term":[{"taxonomy":"category","embeddable":true,"href":"https:\/\/latinoamerica21.com\/pt-br\/wp-json\/wp\/v2\/categories?post=2911"},{"taxonomy":"post_tag","embeddable":true,"href":"https:\/\/latinoamerica21.com\/pt-br\/wp-json\/wp\/v2\/tags?post=2911"},{"taxonomy":"gps","embeddable":true,"href":"https:\/\/latinoamerica21.com\/pt-br\/wp-json\/wp\/v2\/gps?post=2911"}],"curies":[{"name":"wp","href":"https:\/\/api.w.org\/{rel}","templated":true}]}}