{"id":3097,"date":"2020-12-11T05:55:30","date_gmt":"2020-12-11T08:55:30","guid":{"rendered":"http:\/\/latinoamerica21.com\/?p=3097"},"modified":"2023-06-22T18:32:05","modified_gmt":"2023-06-22T21:32:05","slug":"o-setor-energetico-uma-oportunidade-para-sair-da-crise","status":"publish","type":"post","link":"https:\/\/latinoamerica21.com\/pt-br\/o-setor-energetico-uma-oportunidade-para-sair-da-crise\/","title":{"rendered":"Energia: uma oportunidade diante da crise"},"content":{"rendered":"\n<p>No final do ano, muito se foi discutido sobre o impacto da COVID-19 sobre as economias dos pa\u00edses da regi\u00e3o e do mundo. A Comiss\u00e3o Econ\u00f4mica para a Am\u00e9rica Latina e o Caribe (CEPAL) projetou a contra\u00e7\u00e3o econ\u00f4mica para a Am\u00e9rica Latina em -9,1%.&nbsp; Foram estimadas taxas de crescimento negativas para todos os pa\u00edses da regi\u00e3o, mas pouco se tem debatido sobre a import\u00e2ncia do setor petroleiro, que pode muito bem representar o segundo fator de impacto mais importante para a crise atual.<\/p>\n\n\n\n<p>Embora a crise da COVID-19 tenha eclodido na <a href=\"https:\/\/latinoamerica21.com\/br\/vitoria-diplomatica-chinesa-na-regiao-da-asia-pacifico\/\">China<\/a> no final de 2019, foi no in\u00edcio de 2020 que come\u00e7aram a serem sentidos os danos na Am\u00e9rica Latina, n\u00e3o s\u00f3 os efeitos da pandemia, mas tamb\u00e9m dos desacordos entre os principais atores do setor petroleiro. Isto, somado a outros fatores, resultou, desde ent\u00e3o, em uma guerra de pre\u00e7os do petr\u00f3leo.<\/p>\n\n\n\n<blockquote class=\"wp-block-quote is-layout-flow wp-block-quote-is-layout-flow\">\n<p>Os pa\u00edses da Am\u00e9rica Latina, com economias dependentes das flutua\u00e7\u00f5es de pre\u00e7os das <em>commodities<\/em>, t\u00eam uma capacidade limitada para responder \u00e0 conjuntura atual&#8221;<\/p>\n<\/blockquote>\n\n\n\n<p>Os pa\u00edses da Am\u00e9rica Latina, com economias dependentes das flutua\u00e7\u00f5es de pre\u00e7os das <em>commodities<\/em>, t\u00eam uma capacidade limitada para responder \u00e0 conjuntura atual. Esta situa\u00e7\u00e3o foi dificultada ainda mais pela contra\u00e7\u00e3o da demanda na China e por diversas press\u00f5es e protestos sociais em pa\u00edses como Chile, Col\u00f4mbia, Equador e por uma crise humanit\u00e1ria cada vez mais profunda na Venezuela.<\/p>\n\n\n\n<p>A incerteza sobre a rea\u00e7\u00e3o dos mercados frente \u00e0s crises, a baixa probabilidade de uma r\u00e1pida recupera\u00e7\u00e3o da economia e a contra\u00e7\u00e3o do consumo em geral t\u00eam colocado uma press\u00e3o negativa sobre o setor fiscal. A impossibilidade de cobrar impostos e a queda nos pre\u00e7os do petr\u00f3leo limitaram a resposta dos Estados \u00e0 crise multidimensional de 2020.<\/p>\n\n\n\n<p>O setor energ\u00e9tico, entretanto, tem uma correla\u00e7\u00e3o positiva com a pandemia que provocou uma contra\u00e7\u00e3o importante na demanda de energia a n\u00edvel mundial e, portanto, nos pre\u00e7os da mesma. Dentro da cadeia produtiva, os efeitos no transporte devido ao confinamento e a queda nas importa\u00e7\u00f5es de bens intermedi\u00e1rios em pa\u00edses como M\u00e9xico e Brasil representaram choques importantes para duas das maiores economias da regi\u00e3o. Sem mencionar a contra\u00e7\u00e3o do setor tur\u00edstico em todos os pa\u00edses.<\/p>\n\n\n\n<blockquote class=\"wp-block-quote is-layout-flow wp-block-quote-is-layout-flow\">\n<p>Outro setor seriamente impactado a n\u00edvel regional \u00e9 o setor el\u00e9trico&#8221;<\/p>\n<\/blockquote>\n\n\n\n<p>Segundo a Organiza\u00e7\u00e3o Latino-Americana de Energia (OLADE), outro setor seriamente impactado a n\u00edvel regional \u00e9 o setor el\u00e9trico. Os governos t\u00eam buscado assegurar o servi\u00e7o durante o per\u00edodo de confinamento decretado em todos os pa\u00edses da regi\u00e3o e, em alguns casos, foram implementadas redu\u00e7\u00f5es tarif\u00e1rias. Essas decis\u00f5es pol\u00edticas afetaram o setor fiscal de forma negativa, j\u00e1 desde o in\u00edcio da pandemia.&nbsp;<\/p>\n\n\n\n<p>O Equador foi o primeiro pa\u00eds da Am\u00e9rica Latina a realizar ajustes fiscais, que inclu\u00edram a redu\u00e7\u00e3o do aparato estatal, a redu\u00e7\u00e3o da burocracia e a liberaliza\u00e7\u00e3o do pre\u00e7o de alguns combust\u00edveis. Cada pa\u00eds da regi\u00e3o implementou pol\u00edticas diferentes para o mesmo fim, como as renegocia\u00e7\u00f5es com o Fundo Monet\u00e1rio Internacional, no caso da Argentina.<\/p>\n\n\n\n<p>As j\u00e1 complicadas economias da regi\u00e3o exigir\u00e3o solu\u00e7\u00f5es fiscais criativas, pois a cobran\u00e7a de impostos continua complexa, bem como outras reformas estruturais, dada a necessidade de garantir, pelo menos, o funcionamento dos sistemas de sa\u00fade durante a pandemia. Num contexto de baixa renda, essas necessidades ter\u00e3o que ser cobertas de alguma forma, sem negligenciar a estabilidade dos or\u00e7amentos governamentais.<\/p>\n\n\n\n<p>Todas essas condi\u00e7\u00f5es trouxeram duas quest\u00f5es fundamentais de volta ao foco: a depend\u00eancia das economias em rela\u00e7\u00e3o aos pre\u00e7os inst\u00e1veis das <em>commodities<\/em> e a necessidade cada vez mais imperativa de novas formas ou fontes de energia. Por exemplo, o acelerado avan\u00e7o da tecnologia e seu uso cada vez mais intensivo em todas as fases do processo produtivo faz com que a aten\u00e7\u00e3o se concentre no cobre como <em>commodity<\/em> e na energia proveniente de fontes e\u00f3licas, geot\u00e9rmicas ou hidr\u00e1ulicas.<\/p>\n\n\n\n<blockquote class=\"wp-block-quote is-layout-flow wp-block-quote-is-layout-flow\">\n<p>\u00c9 urgente pensar em alternativas de produ\u00e7\u00e3o sustent\u00e1vel para a economia e para a natureza&#8221;<\/p>\n<\/blockquote>\n\n\n\n<p>Mais uma vez, o crescimento ser\u00e1 dependente dos recursos naturais. \u00c9 urgente pensar em alternativas de produ\u00e7\u00e3o sustent\u00e1vel para a economia e para a natureza. \u00c9 urgente encontrar processos de produ\u00e7\u00e3o mais eficientes, mas tamb\u00e9m produzir bens que favore\u00e7am n\u00e3o apenas as economias e as empresas, mas tamb\u00e9m o planeta.<\/p>\n\n\n\n<p>A estabilidade fiscal de muitas economias depende fortemente dos pre\u00e7os do petr\u00f3leo. Encontrar alternativas sustent\u00e1veis torna-se imperativa para que, a longo prazo, possam garantir or\u00e7amentos, fontes de trabalho decentes que dependem do setor energ\u00e9tico e o uso adequado das receitas do petr\u00f3leo ou ind\u00fastrias relacionadas nos pa\u00edses da regi\u00e3o.<\/p>\n\n\n\n<p>Muitos investimentos ser\u00e3o necess\u00e1rios a m\u00e9dio prazo, enquanto que a curto prazo ser\u00e3o necess\u00e1rias respostas provenientes dos gastos governamentais para seguir enfrentando a pandemia e a crise. Entretanto, n\u00e3o devemos perder de vista que os investimentos na diversifica\u00e7\u00e3o das economias trar\u00e3o bons resultados no futuro.<\/p>\n\n\n\n<p>Finalmente, os investimentos n\u00e3o devem ser focados apenas em projetos de energia. Os pa\u00edses devem pensar holisticamente sobre isso, desde a prepara\u00e7\u00e3o de profissionais para o setor, desenvolvimento tecnol\u00f3gico e apoio governamental na forma de subs\u00eddios, pelo menos no in\u00edcio da transi\u00e7\u00e3o. A reorganiza\u00e7\u00e3o da arquitetura do <a href=\"https:\/\/www.portalsolar.com.br\/crise-de-energia-no-brasil-e-no-mundo\">setor energ\u00e9tico<\/a> na regi\u00e3o, alian\u00e7as estrat\u00e9gicas e mudan\u00e7as progressivas nas matrizes energ\u00e9ticas eventualmente trar\u00e3o resultados positivos para as economias latino-americanas.<\/p>\n\n\n\n<p><em><sub>*Tradu\u00e7\u00e3o do espanhol por Maria Isabel Santos Lima<\/sub><\/em><\/p>\n\n\n\n<p><em><sub>Foto de PhotoLanda en Foter.com \/ CC BY-NC-SA<\/sub><\/em><\/p>\n","protected":false},"excerpt":{"rendered":"<p>A reorganiza\u00e7\u00e3o da arquitetura do setor energ\u00e9tico na regi\u00e3o, as alian\u00e7as estrat\u00e9gicas e as mudan\u00e7as progressivas das matrizes energ\u00e9ticas, acabar\u00e3o trazendo resultados positivos para as economias da Am\u00e9rica Latina.<\/p>\n","protected":false},"author":135,"featured_media":3095,"comment_status":"closed","ping_status":"closed","sticky":false,"template":"","format":"standard","meta":{"_acf_changed":false,"episode_type":"","audio_file":"","cover_image":"","cover_image_id":"","duration":"","filesize":"","filesize_raw":"","date_recorded":"","explicit":"","block":"","itunes_episode_number":"","itunes_title":"","itunes_season_number":"","itunes_episode_type":"","footnotes":""},"categories":[16755,16789,14376],"tags":[],"gps":[],"class_list":{"0":"post-3097","1":"post","2":"type-post","3":"status-publish","4":"format-standard","5":"has-post-thumbnail","7":"category-crisis-politica-pt-br","8":"category-pandemia-pt-br","9":"category-crise-politica"},"acf":[],"_links":{"self":[{"href":"https:\/\/latinoamerica21.com\/pt-br\/wp-json\/wp\/v2\/posts\/3097","targetHints":{"allow":["GET"]}}],"collection":[{"href":"https:\/\/latinoamerica21.com\/pt-br\/wp-json\/wp\/v2\/posts"}],"about":[{"href":"https:\/\/latinoamerica21.com\/pt-br\/wp-json\/wp\/v2\/types\/post"}],"author":[{"embeddable":true,"href":"https:\/\/latinoamerica21.com\/pt-br\/wp-json\/wp\/v2\/users\/135"}],"replies":[{"embeddable":true,"href":"https:\/\/latinoamerica21.com\/pt-br\/wp-json\/wp\/v2\/comments?post=3097"}],"version-history":[{"count":0,"href":"https:\/\/latinoamerica21.com\/pt-br\/wp-json\/wp\/v2\/posts\/3097\/revisions"}],"wp:featuredmedia":[{"embeddable":true,"href":"https:\/\/latinoamerica21.com\/pt-br\/wp-json\/wp\/v2\/media\/3095"}],"wp:attachment":[{"href":"https:\/\/latinoamerica21.com\/pt-br\/wp-json\/wp\/v2\/media?parent=3097"}],"wp:term":[{"taxonomy":"category","embeddable":true,"href":"https:\/\/latinoamerica21.com\/pt-br\/wp-json\/wp\/v2\/categories?post=3097"},{"taxonomy":"post_tag","embeddable":true,"href":"https:\/\/latinoamerica21.com\/pt-br\/wp-json\/wp\/v2\/tags?post=3097"},{"taxonomy":"gps","embeddable":true,"href":"https:\/\/latinoamerica21.com\/pt-br\/wp-json\/wp\/v2\/gps?post=3097"}],"curies":[{"name":"wp","href":"https:\/\/api.w.org\/{rel}","templated":true}]}}