{"id":3218,"date":"2020-12-24T07:03:41","date_gmt":"2020-12-24T10:03:41","guid":{"rendered":"http:\/\/latinoamerica21.com\/?p=3218"},"modified":"2023-06-01T15:59:34","modified_gmt":"2023-06-01T18:59:34","slug":"campanha-eleitoral-de-vacinacao","status":"publish","type":"post","link":"https:\/\/latinoamerica21.com\/pt-br\/campanha-eleitoral-de-vacinacao\/","title":{"rendered":"Brasil: Campanha (eleitoral) de vacina\u00e7\u00e3o"},"content":{"rendered":"\n<p>Se h\u00e1 algo que Bolsonaro n\u00e3o pode ser culpado \u00e9 por sua falta de consist\u00eancia ao lidar com a crise sanit\u00e1ria desencadeada pelo coronav\u00edrus. Se, desde o in\u00edcio da pandemia, ele se juntou ao grupo de governantes que negaram a necessidade de distanciamento social, juntamente com Trump, Johnson ou L\u00f3pez Obrador, hoje, com o primeiro no final de seu mandato e os outros aderindo \u00e0 f\u00e9 dos convertidos em diferentes programas de vacina\u00e7\u00e3o, o presidente do Brasil \u00e9 o \u00fanico que continua questionando as recomenda\u00e7\u00f5es da comunidade cient\u00edfica internacional.<\/p>\n\n\n\n<p>Ser coerente, entretanto, n\u00e3o \u00e9 o mesmo que ser consequente. Independentemente do terr\u00edvel custo em vidas humanas que esta atitude imp\u00f5e ao Brasil, o fato de o presidente se opor a liderar a luta contra a pandemia em seu pa\u00eds, um assunto central na agenda pol\u00edtica global, pode ser uma estrat\u00e9gia equivocada a fim de maximizar suas chances de ser reeleito em 2022. O negacionismo pode servir para segurar os eleitores mais radicalizados, mas eles s\u00e3o claramente insuficientes para repetir os resultados de 2018.<\/p>\n\n\n\n<blockquote class=\"wp-block-quote is-layout-flow wp-block-quote-is-layout-flow\">\n<p>Quando aqueles que deveriam estar assumindo a lideran\u00e7a renunciam a sua responsabilidade, candidatos alternativos surgem imediatamente para ocupar seu lugar&#8221;<\/p>\n<\/blockquote>\n\n\n\n<p>A recusa de Bolsonaro de tomar uma posi\u00e7\u00e3o decisiva contra a <a href=\"https:\/\/www.reuters.com\/article\/saude-covid-bolsonaro-vacina-idLTAKBN27B1OB\">pandemia<\/a> no Brasil, em um primeiro momento evitando medidas de distanciamento social e depois recusando-se a liderar uma campanha de vacina\u00e7\u00e3o, deixou um enorme buraco pol\u00edtico. Na esfera p\u00fablica, no entanto, essas lacunas s\u00e3o rapidamente preenchidas. Assim, quando aqueles que deveriam estar assumindo a lideran\u00e7a renunciam a sua responsabilidade, candidatos alternativos surgem imediatamente para ocupar seu lugar.<\/p>\n\n\n\n<p>O chamado efeito rally&#8217;round the flag, poderia ser definido como &#8220;o fen\u00f4meno do se agrupar detr\u00e1s da bandeira&#8221; em circunst\u00e2ncias excepcionais, como uma guerra ou uma crise de grande magnitude. Este efeito tem sido observado durante a crise do coronav\u00edrus, onde se pode observar como os cidad\u00e3os muitas vezes d\u00e3o apoio maci\u00e7o ao governo.<\/p>\n\n\n\n<p>No entanto, dado que Bolsonaro, ao inv\u00e9s de tomar uma atitude de estadista e liderar a na\u00e7\u00e3o, se dedicou mais uma vez as suas guerras culturais, \u00e0s vezes culpando a comunidade cient\u00edfica, outras vezes a China e outras vezes aos governadores e prefeitos, a bandeira da luta contra a pandemia, que estava no ch\u00e3o e foi pisoteada, acabou sendo hasteada por outros. A oportunidade come\u00e7ou a ser aproveitada j\u00e1 nos meses de confinamento por v\u00e1rios governadores que tiveram que se encarregar da situa\u00e7\u00e3o. O mais destacado \u00e9 Jo\u00e3o Doria, no estado de S\u00e3o Paulo.<\/p>\n\n\n\n<blockquote class=\"wp-block-quote is-layout-flow wp-block-quote-is-layout-flow\">\n<p>Se Bolsonaro pretendia fugir de sua responsabilidade e transferi-la para os n\u00edveis inferiores do governo, o fato \u00e9 que a mudan\u00e7a n\u00e3o acabou seguindo o caminho que ele esperava&#8221;<\/p>\n<\/blockquote>\n\n\n\n<p>Mas se Bolsonaro pretendia fugir de sua responsabilidade e transferi-la para os n\u00edveis inferiores do governo, o fato \u00e9 que a mudan\u00e7a n\u00e3o acabou seguindo o caminho que ele esperava. Doria, o governador do maior estado do pa\u00eds, assumiu imediatamente um grande espa\u00e7o na m\u00eddia para se apresentar como o governante que lideraria a luta contra a pandemia.<\/p>\n\n\n\n<p>A proje\u00e7\u00e3o midi\u00e1tica de Doria, do estado de S\u00e3o Paulo para o resto do Brasil, come\u00e7ou a acontecer uma vez que, ap\u00f3s o lan\u00e7amento das diferentes vacinas, a sa\u00edda da crise come\u00e7ou a ser vista no horizonte. No entanto, seu sucesso ser\u00e1 consolidado quando a popula\u00e7\u00e3o for massivamente imunizada.<\/p>\n\n\n\n<p>Por outro lado, Bolsonaro, al\u00e9m de desconsiderar as medidas de isolamento social, tratou a quest\u00e3o do fornecimento de vacinas de uma forma ideol\u00f3gica. Ele se recusou a garantir o fornecimento daqueles provenientes da China, enquanto negligentemente falhou em garantir a prioridade no fornecimento daquelas desenvolvidas na Europa e nos Estados Unidos.&nbsp;<\/p>\n\n\n\n<p>Aproveitando a oportunidade, o estado de S\u00e3o Paulo garantiu, atrav\u00e9s do Instituto Butantan, um centro de pesquisa dependente do governo paulista, a produ\u00e7\u00e3o da vacina chinesa desenvolvida pela Coronavac. Desta forma, o governador Doria se encontra, atualmente, em condi\u00e7\u00f5es de implementar uma campanha de vacina\u00e7\u00e3o n\u00e3o apenas para seu estado, mas para o pa\u00eds como um todo.<\/p>\n\n\n\n<p>Se as expectativas de Doria forem cumpridas, ele se tornaria a autoridade para liderar a sa\u00edda da crise sanit\u00e1ria diante da atitude obstrucionista de um presidente que, devido a neglig\u00eancia volunt\u00e1ria, incapacidade, ou ambas, tem sido mais um problema do que uma solu\u00e7\u00e3o nesta crise.<\/p>\n\n\n\n<p>Assim, a campanha de vacina\u00e7\u00e3o, al\u00e9m de ser um esfor\u00e7o extraordin\u00e1rio para restaurar as condi\u00e7\u00f5es de sa\u00fade p\u00fablica no Brasil, torna-se o primeiro epis\u00f3dio das elei\u00e7\u00f5es de 2022. \u00c9 por isso que o governo Bolsonaro est\u00e1 tentando deter as aspira\u00e7\u00f5es do plano de Doria de vacinar toda a popula\u00e7\u00e3o brasileira, o que faria dele um l\u00edder a n\u00edvel nacional. Seja tentando pular no trem da campanha e tentar centraliz\u00e1-la, ou desacreditando a efic\u00e1cia das vacinas e desencorajando seu uso pela popula\u00e7\u00e3o.<\/p>\n\n\n\n<p>Entretanto, o fato de Doria poder, por seu pr\u00f3prio m\u00e9rito e devido \u00e0 inaptid\u00e3o presidencial, tornar-se momentaneamente o portador da bandeira da vacina\u00e7\u00e3o nacional n\u00e3o lhe garante uma posi\u00e7\u00e3o de partida vantajosa nas pr\u00f3ximas elei\u00e7\u00f5es. Como ainda faltam dois anos para a elei\u00e7\u00e3o, que \u00e9 uma eternidade na pol\u00edtica brasileira, neste momento tudo o que pode ser dito \u00e9 que Doria apresentou suas credenciais.<\/p>\n\n\n\n<p>Para se tornar um candidato a ser considerado, antes de tudo, o eixo do confronto deve deixar a din\u00e2mica &#8220;Lula vs. Bolsonaro&#8221; na qual o Presidente est\u00e1 atualmente bastante confort\u00e1vel. Isto exigiria a ren\u00fancia mais que improv\u00e1vel do Partido dos Trabalhadores para apresentar um candidato forte em 2022. Por sua vez, o Partido da Social Democracia Brasileira de centro-direita, ao qual Doria pertence, deveria melhorar sua penetra\u00e7\u00e3o eleitoral em todo o territ\u00f3rio, atualmente limitado ao sudeste, especificamente ao estado de S\u00e3o Paulo.<\/p>\n\n\n\n<blockquote class=\"wp-block-quote is-layout-flow wp-block-quote-is-layout-flow\">\n<p>Optou pelo confronto com inimigos imagin\u00e1rios em vez de tentar administrar a crise&#8221;<\/p>\n<\/blockquote>\n\n\n\n<p>Seja como for, o que \u00e9 claro \u00e9 que nas circunst\u00e2ncias atuais, o fator fundamental para explicar a ascens\u00e3o ou queda das diversas lideran\u00e7as <a href=\"https:\/\/latinoamerica21.com\/br\/a-feminizacao-da-politica\/\">pol\u00edticas<\/a> ao redor do mundo \u00e9 a forma como a pandemia tem sido tratada. Bolsonaro decidiu apostar em uma postura negacionista e, fiel a seu estilo, optou pelo confronto com inimigos imagin\u00e1rios em vez de tentar administrar a crise.<\/p>\n\n\n\n<p>Embora seja muito cedo para avaliar se esta estrat\u00e9gia poderia faz\u00ea-lo perder seu mandato em 2022, o que \u00e9 claro \u00e9 que com seus erros ele permitiu o surgimento de candidatos alternativos no campo da direita. Parece, portanto, que nas pr\u00f3ximas elei\u00e7\u00f5es haver\u00e1 novos concorrentes, e que o &#8220;eixo petismo-antipetismo&#8221; n\u00e3o ser\u00e1 o \u00fanico relevante. Nessas circunst\u00e2ncias, Jo\u00e3o Doria poder\u00e1 concorrer como o candidato que liderou a luta contra a pandemia no Brasil.<\/p>\n\n\n\n<p><em><sub>*Tradu\u00e7\u00e3o do espanhol por Maria Isabel Santos Lima<\/sub><\/em><\/p>\n\n\n\n<p><em><sub>Foto de Senado Federal em Foter.com \/ CC BY<\/sub><\/em><\/p>\n","protected":false},"excerpt":{"rendered":"<p>Se h\u00e1 algo que n\u00e3o pode ser imputado a Bolsonaro, \u00e9 sua falta de coer\u00eancia ao lidar com a crise sanit\u00e1ria. Se desde o in\u00edcio ele fazia parte do grupo de negadores, junto com Trump, Johnson ou L\u00f3pez Obrador, hoje o presidente brasileiro \u00e9 o \u00fanico que continua a questionar as recomenda\u00e7\u00f5es da comunidade cient\u00edfica internacional.<\/p>\n","protected":false},"author":51,"featured_media":3215,"comment_status":"closed","ping_status":"closed","sticky":false,"template":"","format":"standard","meta":{"_acf_changed":false,"episode_type":"","audio_file":"","cover_image":"","cover_image_id":"","duration":"","filesize":"","filesize_raw":"","date_recorded":"","explicit":"","block":"","itunes_episode_number":"","itunes_title":"","itunes_season_number":"","itunes_episode_type":"","footnotes":""},"categories":[16787,16789,16728,16746,544],"tags":[],"gps":[],"class_list":{"0":"post-3218","1":"post","2":"type-post","3":"status-publish","4":"format-standard","5":"has-post-thumbnail","7":"category-negacionismo-pt-br","8":"category-pandemia-pt-br","9":"category-brasil-pt-br","10":"category-jair-bolsonaro-pt-br","11":"category-politica-br"},"acf":[],"_links":{"self":[{"href":"https:\/\/latinoamerica21.com\/pt-br\/wp-json\/wp\/v2\/posts\/3218","targetHints":{"allow":["GET"]}}],"collection":[{"href":"https:\/\/latinoamerica21.com\/pt-br\/wp-json\/wp\/v2\/posts"}],"about":[{"href":"https:\/\/latinoamerica21.com\/pt-br\/wp-json\/wp\/v2\/types\/post"}],"author":[{"embeddable":true,"href":"https:\/\/latinoamerica21.com\/pt-br\/wp-json\/wp\/v2\/users\/51"}],"replies":[{"embeddable":true,"href":"https:\/\/latinoamerica21.com\/pt-br\/wp-json\/wp\/v2\/comments?post=3218"}],"version-history":[{"count":0,"href":"https:\/\/latinoamerica21.com\/pt-br\/wp-json\/wp\/v2\/posts\/3218\/revisions"}],"wp:featuredmedia":[{"embeddable":true,"href":"https:\/\/latinoamerica21.com\/pt-br\/wp-json\/wp\/v2\/media\/3215"}],"wp:attachment":[{"href":"https:\/\/latinoamerica21.com\/pt-br\/wp-json\/wp\/v2\/media?parent=3218"}],"wp:term":[{"taxonomy":"category","embeddable":true,"href":"https:\/\/latinoamerica21.com\/pt-br\/wp-json\/wp\/v2\/categories?post=3218"},{"taxonomy":"post_tag","embeddable":true,"href":"https:\/\/latinoamerica21.com\/pt-br\/wp-json\/wp\/v2\/tags?post=3218"},{"taxonomy":"gps","embeddable":true,"href":"https:\/\/latinoamerica21.com\/pt-br\/wp-json\/wp\/v2\/gps?post=3218"}],"curies":[{"name":"wp","href":"https:\/\/api.w.org\/{rel}","templated":true}]}}