{"id":3603,"date":"2021-01-25T06:42:39","date_gmt":"2021-01-25T09:42:39","guid":{"rendered":"http:\/\/latinoamerica21.com\/?p=3603"},"modified":"2021-01-25T07:43:22","modified_gmt":"2021-01-25T10:43:22","slug":"o-comercio-exterior-em-tempos-de-covid-19","status":"publish","type":"post","link":"https:\/\/latinoamerica21.com\/pt-br\/o-comercio-exterior-em-tempos-de-covid-19\/","title":{"rendered":"O com\u00e9rcio exterior em tempos de COVID-19"},"content":{"rendered":"\n<p>A pandemia da COVID-19 e a emerg\u00eancia sanit\u00e1ria trouxeram consigo uma crise socioecon\u00f4mica sem precedentes a n\u00edvel mundial. As \u00faltimas previs\u00f5es feitas pelo Banco Mundial em janeiro de 2021 projetam um decl\u00ednio da economia global de 4,3% e para a Am\u00e9rica Latina e o Caribe de 6,9%, al\u00e9m de um forte aumento do desemprego e da pobreza.<\/p>\n\n\n\n<p>O com\u00e9rcio exterior \u00e9 uma das atividades mais afetadas durante a evolu\u00e7\u00e3o da pandemia. De acordo com a Organiza\u00e7\u00e3o Mundial do Com\u00e9rcio (OMC), at\u00e9 outubro de 2020 o com\u00e9rcio mundial era 5,4% menor do que no mesmo per\u00edodo em 2019. Apesar disso, durante o terceiro trimestre de 2020 o com\u00e9rcio aumentou em 11,6%, ap\u00f3s ter ca\u00eddo quase 13% no segundo trimestre devido \u00e0s medidas de conten\u00e7\u00e3o adotadas pelos governos de todo o mundo para conter as infec\u00e7\u00f5es por COVID-19.<\/p>\n\n\n\n<h3 class=\"wp-block-heading\"><strong>O com\u00e9rcio \u00e9 respons\u00e1vel por 45% do PIB da regi\u00e3o<\/strong><\/h3>\n\n\n\n<p>Na Am\u00e9rica Latina e no Caribe, o com\u00e9rcio exterior de bens e servi\u00e7os \u00e9 um importante motor econ\u00f4mico e tem representado quase 45% do produto interno bruto (PIB) da regi\u00e3o nos \u00faltimos dez anos. As exporta\u00e7\u00f5es regionais de bens s\u00e3o compostas principalmente de commodities energ\u00e9ticas, minerais e agropecu\u00e1rias e bens manufaturados, principalmente autom\u00f3veis.<\/p>\n\n\n\n<p>Como consequ\u00eancia da pandemia, a demanda global de bens e servi\u00e7os foi afetada, resultando em um decl\u00ednio anual de 13,2% nas exporta\u00e7\u00f5es de mercadorias da regi\u00e3o at\u00e9 setembro de 2020. As importa\u00e7\u00f5es ca\u00edram 19% no mesmo per\u00edodo, devido \u00e0 menor demanda por bens e servi\u00e7os n\u00e3o essenciais por parte das fam\u00edlias e empresas latino-americanas, especialmente nos meses de maior confinamento. Como as importa\u00e7\u00f5es ca\u00edram ainda mais, a regi\u00e3o registrou um super\u00e1vit comercial de quase US$ 30 milh\u00f5es at\u00e9 setembro de 2020.<\/p>\n\n\n\n<p>Apesar da balan\u00e7a comercial positiva, a redu\u00e7\u00e3o tanto do volume quanto do pre\u00e7o das exporta\u00e7\u00f5es teve um impacto significativo sobre os setores p\u00fablico e privado dos pa\u00edses latino-americanos<\/p>\n\n\n\n<h3 class=\"wp-block-heading\"><strong>Dr\u00e1stica queda nos pre\u00e7os dos hidrocarbonetos<\/strong><\/h3>\n\n\n\n<p>Pa\u00edses como Bol\u00edvia, Col\u00f4mbia, Equador, Trinidad e Tobago e Venezuela, cujas principais exporta\u00e7\u00f5es s\u00e3o de hidrocarbonetos ou bens energ\u00e9ticos, viram o pre\u00e7o deste tipo de mercadoria cair mais de 60% entre janeiro e abril de 2020. Como estes produtos fazem parte da renda estatal em v\u00e1rios dos pa\u00edses mencionados, houve complica\u00e7\u00f5es de natureza fiscal que coincidiram com a necessidade de aumentar os gastos p\u00fablicos para lidar com os efeitos da pandemia. Apesar de uma recupera\u00e7\u00e3o no segundo semestre do ano, os bens energ\u00e9ticos fecharam 2020 com uma redu\u00e7\u00e3o anual de pre\u00e7os de aproximadamente 16%, de acordo com os n\u00fameros do Banco Mundial.<\/p>\n\n\n\n<p>No caso dos minerais, as principais exporta\u00e7\u00f5es do Chile e do Peru, os pre\u00e7os ca\u00edram 15% no primeiro trimestre de 2020. O fechamento tempor\u00e1rio, e em muitos casos permanente, das ind\u00fastrias manufatureiras em todo o mundo durante os primeiros meses da pandemia, repercutiu na redu\u00e7\u00e3o da demanda por minerais como o cobre. Como no caso dos hidrocarbonetos, os pre\u00e7os dos metais se recuperaram no segundo semestre do ano, aumentando em 28% at\u00e9 o final de 2020.<\/p>\n\n\n\n<h3 class=\"wp-block-heading\"><strong>Produtos agr\u00edcolas<\/strong><\/h3>\n\n\n\n<p>Os produtos agr\u00edcolas s\u00e3o as principais exporta\u00e7\u00f5es da Argentina, Paraguai e Uruguai, sendo tamb\u00e9m o principal produto de exporta\u00e7\u00e3o n\u00e3o petrol\u00edfero ou mineral na maior parte dos pa\u00edses da regi\u00e3o. Apesar de 2020 ter fechado com um aumento anual de 15% nos pre\u00e7os dos produtos agropecu\u00e1rios, durante os primeiros quatro meses de 2020 os pre\u00e7os das principais commodities agr\u00edcolas registraram uma queda de 10% em todo o mundo.<\/p>\n\n\n\n<p>Considerando que a produ\u00e7\u00e3o agr\u00edcola da regi\u00e3o \u00e9 o principal sustento das \u00e1reas rurais da Am\u00e9rica Latina, a redu\u00e7\u00e3o dos pre\u00e7os e do volume exportado de bens agr\u00edcolas sem d\u00favida gerou um aumento do desemprego, da informalidade e da pobreza.<\/p>\n\n\n\n<p>Embora a pandemia continue evoluindo e na data deste artigo o n\u00famero de infec\u00e7\u00f5es e mortes no mundo inteiro tem acelerado, h\u00e1 otimismo para a recupera\u00e7\u00e3o econ\u00f4mica em 2021 com a vacina\u00e7\u00e3o gradual da popula\u00e7\u00e3o. Na Am\u00e9rica Latina e no Caribe, uma das prioridades para a recupera\u00e7\u00e3o econ\u00f4mica deveria ser a reativa\u00e7\u00e3o do com\u00e9rcio exterior, especialmente das exporta\u00e7\u00f5es, devido \u00e0 sua import\u00e2ncia nas \u00e1reas rurais da regi\u00e3o.<\/p>\n\n\n\n<p>A reativa\u00e7\u00e3o do com\u00e9rcio tamb\u00e9m deve ser vista como uma oportunidade para melhorar e diversificar a matriz de exporta\u00e7\u00e3o latino-americana, para impulsionar o com\u00e9rcio regional, para modernizar o setor agr\u00edcola, para gerar exporta\u00e7\u00f5es com maior valor agregado e inova\u00e7\u00e3o tecnol\u00f3gica e para ser menos dependente de varia\u00e7\u00f5es nos pre\u00e7os internacionais.<\/p>\n\n\n\n<p><em><sub>*Tradu\u00e7\u00e3o do espanhol por Maria Isabel Santos Lima<\/sub><\/em><\/p>\n\n\n\n<p><em><sub>Foto de JAXPORT em Foter.com \/ CC BY-NC<\/sub><\/em><\/p>\n","protected":false},"excerpt":{"rendered":"<p>A pandemia COVID-19 e a emerg\u00eancia sanit\u00e1ria trouxeram consigo uma crise s\u00f3cio-econ\u00f4mica global sem precedentes. As \u00faltimas previs\u00f5es feitas pelo Banco Mundial em janeiro de 2021 projetam uma diminui\u00e7\u00e3o de 4,3% na economia global e de 6,9% na Am\u00e9rica Latina e no Caribe.<\/p>\n","protected":false},"author":137,"featured_media":3598,"comment_status":"closed","ping_status":"closed","sticky":false,"template":"","format":"standard","meta":{"_acf_changed":false,"episode_type":"","audio_file":"","cover_image":"","cover_image_id":"","duration":"","filesize":"","filesize_raw":"","date_recorded":"","explicit":"","block":"","itunes_episode_number":"","itunes_title":"","itunes_season_number":"","itunes_episode_type":"","footnotes":""},"categories":[16785,16742,16743],"tags":[],"gps":[],"class_list":{"0":"post-3603","1":"post","2":"type-post","3":"status-publish","4":"format-standard","5":"has-post-thumbnail","7":"category-covid-19-es-pt-br","8":"category-comercio-pt-br","9":"category-exportaciones-pt-br"},"acf":[],"_links":{"self":[{"href":"https:\/\/latinoamerica21.com\/pt-br\/wp-json\/wp\/v2\/posts\/3603","targetHints":{"allow":["GET"]}}],"collection":[{"href":"https:\/\/latinoamerica21.com\/pt-br\/wp-json\/wp\/v2\/posts"}],"about":[{"href":"https:\/\/latinoamerica21.com\/pt-br\/wp-json\/wp\/v2\/types\/post"}],"author":[{"embeddable":true,"href":"https:\/\/latinoamerica21.com\/pt-br\/wp-json\/wp\/v2\/users\/137"}],"replies":[{"embeddable":true,"href":"https:\/\/latinoamerica21.com\/pt-br\/wp-json\/wp\/v2\/comments?post=3603"}],"version-history":[{"count":0,"href":"https:\/\/latinoamerica21.com\/pt-br\/wp-json\/wp\/v2\/posts\/3603\/revisions"}],"wp:featuredmedia":[{"embeddable":true,"href":"https:\/\/latinoamerica21.com\/pt-br\/wp-json\/wp\/v2\/media\/3598"}],"wp:attachment":[{"href":"https:\/\/latinoamerica21.com\/pt-br\/wp-json\/wp\/v2\/media?parent=3603"}],"wp:term":[{"taxonomy":"category","embeddable":true,"href":"https:\/\/latinoamerica21.com\/pt-br\/wp-json\/wp\/v2\/categories?post=3603"},{"taxonomy":"post_tag","embeddable":true,"href":"https:\/\/latinoamerica21.com\/pt-br\/wp-json\/wp\/v2\/tags?post=3603"},{"taxonomy":"gps","embeddable":true,"href":"https:\/\/latinoamerica21.com\/pt-br\/wp-json\/wp\/v2\/gps?post=3603"}],"curies":[{"name":"wp","href":"https:\/\/api.w.org\/{rel}","templated":true}]}}