{"id":36767,"date":"2024-01-13T09:00:00","date_gmt":"2024-01-13T12:00:00","guid":{"rendered":"https:\/\/latinoamerica21.com\/?p=36767"},"modified":"2024-01-12T22:28:41","modified_gmt":"2024-01-13T01:28:41","slug":"o-governo-do-equador-declara-guerra-ao-terrorismo","status":"publish","type":"post","link":"https:\/\/latinoamerica21.com\/pt-br\/o-governo-do-equador-declara-guerra-ao-terrorismo\/","title":{"rendered":"O governo do Equador declara guerra ao terrorismo"},"content":{"rendered":"\n<p>Um m\u00eas ap\u00f3s o in\u00edcio do governo de Daniel Noboa Az\u00edn, <a href=\"https:\/\/latinoamerica21.com\/pt-br\/crise-e-narcoterrorismo-no-equador-do-bem-viver-ao-tentar-sobreviver\/\">os \u00faltimos acontecimentos de inseguran\u00e7a e viol\u00eancia<\/a> testam sua capacidade de administrar uma imensa crise, al\u00e9m de uma economia quebrada. Esses s\u00e3o dois testes para o presidente mais jovem da hist\u00f3ria do Equador, que chegou \u00e0 presid\u00eancia de forma mete\u00f3rica ap\u00f3s um curto per\u00edodo na Assembleia Nacional. Apesar de um contexto desfavor\u00e1vel, Noboa goza de grande popularidade e apoio nessa guerra declarada contra o crime organizado.<\/p>\n\n\n\n<p>Em menos de dois dias, as quadrilhas criminosas que operam sob <a href=\"https:\/\/elpais.com\/mexico\/2023-08-11\/el-asesinato-de-fernando-villavicencio-se-enreda-por-la-presencia-de-los-carteles-mexicanos-en-ecuador.html\">o patroc\u00ednio de cart\u00e9is e alian\u00e7as da Col\u00f4mbia e do M\u00e9xico<\/a> assumiram o controle das pris\u00f5es, detiveram guardas penitenci\u00e1rios como ref\u00e9ns, o homem mais perigoso do pa\u00eds, conhecido como Fito, escapou da pris\u00e3o, assim como o principal suspeito do atentado contra a vida da procuradora-geral Diana Salazar, o capit\u00e3o Pico. Simultaneamente, ocorreram eventos terroristas em v\u00e1rias cidades, incluindo a explos\u00e3o de carros-bomba e a tomada de jornalistas e funcion\u00e1rios administrativos como ref\u00e9ns por v\u00e1rias horas em um canal p\u00fablico de televis\u00e3o.<\/p>\n\n\n\n<p>Esse coquetel de eventos terroristas levou o presidente a decretar estado de emerg\u00eancia e a declarar imediatamente um alerta de seguran\u00e7a m\u00e1xima no pa\u00eds: conflito armado interno e declarar guerra a quadrilhas bem identificadas. Isso nunca havia acontecido antes em uma democracia. A gravidade da situa\u00e7\u00e3o fez com que todas as for\u00e7as pol\u00edticas representadas na Assembleia cerrassem fileiras e declarassem seu apoio ao governo, permitindo que policiais e militares desfrutassem de anistia e indulto em caso de autodefesa e defesa da popula\u00e7\u00e3o na luta contra terroristas. A comunidade internacional tamb\u00e9m apoiou Noboa, com declara\u00e7\u00f5es dos governos dos Estados Unidos, da Uni\u00e3o Europeia e dos pa\u00edses fronteiri\u00e7os da Col\u00f4mbia e do Peru.<\/p>\n\n\n\n<p><strong>Breves pinceladas da inseguran\u00e7a<\/strong><\/p>\n\n\n\n<p>O problema da inseguran\u00e7a e da viol\u00eancia nos n\u00edveis atuais n\u00e3o tem precedentes no Equador, mas n\u00e3o surgiu de repente. A for\u00e7a demonstrada pelas fac\u00e7\u00f5es terroristas nos \u00faltimos dois dias \u00e9 prova de um processo que vem ocorrendo h\u00e1 v\u00e1rios anos, durante os quais elas conseguiram estabelecer uma estrutura nacional e um modelo de neg\u00f3cios que gira em torno das drogas. Uma estrutura com capacidade log\u00edstica, recrutamento de milhares de jovens para suas fileiras e uma estrat\u00e9gia para se infiltrar no Estado de forma eficiente, cooptando \u00e1reas-chave do sistema judici\u00e1rio, da Assembleia, dos governos locais e das for\u00e7as da lei e da ordem, conforme demonstrado pelas investiga\u00e7\u00f5es da Procuradora-Geral, Diana Salazar, no caso Met\u00e1stasis.<\/p>\n\n\n\n<p>Historicamente, o Equador esteve no meio de dois conflitos armados que estremeceram o tecido social da Col\u00f4mbia e do Peru. A fronteira compartilhada com o primeiro foi sistematicamente violada pelos guerrilheiros das FARC e, no caso do segundo, o Sendero Luminoso e seu credo ideol\u00f3gico se tornaram um catecismo para alguns grupos ind\u00edgenas radicais. Apesar disso, os surtos de inseguran\u00e7a n\u00e3o atingiram os n\u00edveis atuais, quando a percep\u00e7\u00e3o \u00e9 a mesma. No entanto, havia v\u00e1rios sinais que prenunciavam um fim catastr\u00f3fico. Quando o governo colombiano bombardeou um acampamento das FARC no Equador em 2008, a Comiss\u00e3o de Inqu\u00e9rito determinou que os guerrilheiros haviam contribu\u00eddo para a pol\u00edtica equatoriana. A partir desse momento, a conversa sobre narcopol\u00edtica come\u00e7ou a se espalhar.<\/p>\n\n\n\n<p>A resposta \u00e0 pesquisa do Latinobar\u00f3metro sobre &#8220;com que frequ\u00eancia voc\u00ea se preocupa com a possibilidade de ser v\u00edtima de um crime violento&#8221; no Equador oferece algumas pistas. Em 2011, 43% da popula\u00e7\u00e3o respondeu que sim, esse n\u00famero subiu para 49% em 2013, caiu para 30% em 2015 e subiu novamente para 43% em 2023. Em outras palavras, os n\u00edveis atuais de preocupa\u00e7\u00e3o s\u00e3o os mesmos de 12 anos atr\u00e1s, no entanto, os tipos de delito, sua frequ\u00eancia e quantidade aumentaram, assim como o n\u00famero de mortes violentas por 100.000 habitantes. Agora registram-se 40, o que coloca o Equador entre os pa\u00edses mais violentos do mundo.<\/p>\n\n\n\n<p>Entre os anos de 2018 e 2023, enquanto a percep\u00e7\u00e3o dos cidad\u00e3os de serem v\u00edtimas de crimes violentos teve um aumento, a satisfa\u00e7\u00e3o com a democracia caiu e a insatisfa\u00e7\u00e3o com o desempenho econ\u00f4mico aumentou. \u00c9 poss\u00edvel afirmar que a popula\u00e7\u00e3o avalia mal a democracia em ambientes de inseguran\u00e7a, e essas percep\u00e7\u00f5es ocorrem em um contexto de crise econ\u00f4mica.<\/p>\n\n\n\n<p>As medidas adotadas pelo presidente Daniel Noboa s\u00f3 podem ser avaliadas a m\u00e9dio e longo prazo, pois o desmantelamento de grupos terroristas n\u00e3o pode ser feito em um curto per\u00edodo de tempo. Al\u00e9m de conquistar apoio pol\u00edtico interno, o governo precisa de recursos, planejamento e equipamentos confi\u00e1veis para combater dois fen\u00f4menos: a infiltra\u00e7\u00e3o de narcotraficantes no Estado e os golpes di\u00e1rios desferidos por criminosos comuns a servi\u00e7o de grandes interesses transnacionais. Nesse sentido, a tese de que a luta contra um problema transnacional requer apoio regional e global est\u00e1 ganhando cada vez mais for\u00e7a.<\/p>\n","protected":false},"excerpt":{"rendered":"<p>Um m\u00eas ap\u00f3s ter assumido o governo, os \u00faltimos acontecimentos de inseguran\u00e7a e viol\u00eancia p\u00f5em \u00e0 prova a capacidade de Daniel Noboa para enfrentar esta guerra declarada ao crime organizado.<\/p>\n","protected":false},"author":189,"featured_media":36754,"comment_status":"closed","ping_status":"closed","sticky":false,"template":"","format":"standard","meta":{"_acf_changed":false,"episode_type":"","audio_file":"","cover_image":"","cover_image_id":"","duration":"","filesize":"","filesize_raw":"","date_recorded":"","explicit":"","block":"","itunes_episode_number":"","itunes_title":"","itunes_season_number":"","itunes_episode_type":"","footnotes":""},"categories":[16736,16715,16735],"tags":[17187],"gps":[],"class_list":{"0":"post-36767","1":"post","2":"type-post","3":"status-publish","4":"format-standard","5":"has-post-thumbnail","7":"category-crimen-organizado-pt-br","8":"category-ecuador-pt-br","9":"category-narcotrafico-es-pt-br","10":"tag-debates-2"},"acf":[],"_links":{"self":[{"href":"https:\/\/latinoamerica21.com\/pt-br\/wp-json\/wp\/v2\/posts\/36767","targetHints":{"allow":["GET"]}}],"collection":[{"href":"https:\/\/latinoamerica21.com\/pt-br\/wp-json\/wp\/v2\/posts"}],"about":[{"href":"https:\/\/latinoamerica21.com\/pt-br\/wp-json\/wp\/v2\/types\/post"}],"author":[{"embeddable":true,"href":"https:\/\/latinoamerica21.com\/pt-br\/wp-json\/wp\/v2\/users\/189"}],"replies":[{"embeddable":true,"href":"https:\/\/latinoamerica21.com\/pt-br\/wp-json\/wp\/v2\/comments?post=36767"}],"version-history":[{"count":0,"href":"https:\/\/latinoamerica21.com\/pt-br\/wp-json\/wp\/v2\/posts\/36767\/revisions"}],"wp:featuredmedia":[{"embeddable":true,"href":"https:\/\/latinoamerica21.com\/pt-br\/wp-json\/wp\/v2\/media\/36754"}],"wp:attachment":[{"href":"https:\/\/latinoamerica21.com\/pt-br\/wp-json\/wp\/v2\/media?parent=36767"}],"wp:term":[{"taxonomy":"category","embeddable":true,"href":"https:\/\/latinoamerica21.com\/pt-br\/wp-json\/wp\/v2\/categories?post=36767"},{"taxonomy":"post_tag","embeddable":true,"href":"https:\/\/latinoamerica21.com\/pt-br\/wp-json\/wp\/v2\/tags?post=36767"},{"taxonomy":"gps","embeddable":true,"href":"https:\/\/latinoamerica21.com\/pt-br\/wp-json\/wp\/v2\/gps?post=36767"}],"curies":[{"name":"wp","href":"https:\/\/api.w.org\/{rel}","templated":true}]}}