{"id":37553,"date":"2024-02-06T07:00:00","date_gmt":"2024-02-06T10:00:00","guid":{"rendered":"https:\/\/latinoamerica21.com\/?p=37553"},"modified":"2024-02-05T16:29:57","modified_gmt":"2024-02-05T19:29:57","slug":"o-desalento-politico-dos-jovens-mexicanos","status":"publish","type":"post","link":"https:\/\/latinoamerica21.com\/pt-br\/o-desalento-politico-dos-jovens-mexicanos\/","title":{"rendered":"O desalento pol\u00edtico dos jovens mexicanos"},"content":{"rendered":"\n<p>Quem gosta de futebol certamente esta situa\u00e7\u00e3o soa familiar: seu time favorito est\u00e1 jogando muito bem, domina a partida, mas, perto do final, o time advers\u00e1rio marca um gol e vence. Isso \u00e9 muito irritante, j\u00e1 que durante a maior parte do jogo s\u00f3 precisava marcar um gol para ganhar. Em algum momento, h\u00e1 muitos anos, estabeleceu-se as regras do futebol, acordando que a equipe que fizesse mais gols seria a ganhadora, n\u00e3o necessariamente a que cometesse menos faltas, jogasse melhor ou acertasse mais passes. Para ganhar, \u00e9 preciso marcar mais gols do que a equipe rival.<\/p>\n\n\n\n<p>Do mesmo modo, na democracia representativa, as regras para eleger nossos governantes s\u00e3o claras: cada pessoa tem um voto que conta igualmente. O candidato que obtiver a maior quantidade de votos vence, independentemente da idade, da escolaridade ou da renda dos eleitores. Sabemos que esse sistema n\u00e3o \u00e9 perfeito, mas, como Churchill apontou, \u201ca democracia \u00e9 o pior sistema de governo, com exce\u00e7\u00e3o de todos os demais que j\u00e1 foram inventados\u201d.<\/p>\n\n\n\n<p>Essa realidade leva muitos candidatos a cargos eletivos a recorrer a estrat\u00e9gias populistas para ganhar simpatizantes e votos. Frequentemente empregam mensagens que v\u00e3o do c\u00f4mico ao perturbador, criticando seus oponentes sem proporcionar uma diferen\u00e7a clara em propostas concretas. Essa falta de clareza dificulta uma avalia\u00e7\u00e3o adequada por parte da sociedade.<\/p>\n\n\n\n<p>Como os jovens s\u00e3o usu\u00e1rios ativos das <a href=\"https:\/\/latinoamerica21.com\/pt-br\/aparicoes-na-era-da-pos-verdade\/\">novas redes sociodigitais<\/a>, como TikTok, os pol\u00edticos moldam suas mensagens para comunic\u00e1-las de maneira mais informal atrav\u00e9s dessas plataformas: fazem piadas, cantam, dan\u00e7am e, em geral, buscam captar a aten\u00e7\u00e3o desse segmento e se tornar conhecidos usando um tom divertido. Entretanto, \u00e9 importante que, ap\u00f3s a primeira impress\u00e3o, os jovens formem suas pr\u00f3prias opini\u00f5es sobre as propostas dos candidatos e busquem fontes confi\u00e1veis de informa\u00e7\u00e3o.<\/p>\n\n\n\n<p>Diferentes fontes de informa\u00e7\u00e3o, sejam formais e sistem\u00e1ticas, como pesquisas, ou informais e circunstanciais, como coment\u00e1rios em redes sociais ou o boca a boca em c\u00edrculos restritos, apontam para um problema de desalento pol\u00edtico-eleitoral entre os jovens. De fato, s\u00e3o os jovens mais privilegiados, em termos de educa\u00e7\u00e3o, que exibem maior preocupa\u00e7\u00e3o com o decl\u00ednio da participa\u00e7\u00e3o cidad\u00e3 de sua gera\u00e7\u00e3o na esfera pol\u00edtica, mais especificamente, nas elei\u00e7\u00f5es. Persiste a sensa\u00e7\u00e3o de que sua voz n\u00e3o \u00e9 ouvida na pol\u00edtica mexicana e consideram que faltam candidatos que realmente os representem. E n\u00e3o \u00e9 que n\u00e3o existam candidatos ou pol\u00edticos jovens, mas sim que n\u00e3o se identificam com eles.<\/p>\n\n\n\n<p>As estat\u00edsticas revelam que, nas pr\u00f3ximas elei\u00e7\u00f5es do M\u00e9xico deste ano, <a href=\"https:\/\/www.jornada.com.mx\/noticia\/2023\/10\/31\/capital\/jovenes-en-edad-de-votar-representan-el-30-por-ciento-del-padron-electoral-3905\">os eleitores menores de 30 anos representar\u00e3o um consider\u00e1vel 27% do eleitorado<\/a>. Seu interesse na pol\u00edtica \u00e9 baixo e \u00e9 dif\u00edcil para eles encontrar mecanismos eficazes para serem ouvidos. Esses jovens se preocupam com as realidades imut\u00e1veis e os altos n\u00edveis de corrup\u00e7\u00e3o, apesar dos movimentos de poder partid\u00e1rios. Alguns, desmotivados, consideram cancelar seu voto, enquanto outros planejam n\u00e3o participar de forma alguma.<\/p>\n\n\n\n<p>Em todas as sociedades, os jovens s\u00e3o o motor da mudan\u00e7a social e a catapulta de novas ideias, bem como o factotum de insatisfa\u00e7\u00e3o que leva, por exemplo, a exigir que as expectativas depositadas nos governantes sejam atendidas e a liderar a demanda por solu\u00e7\u00f5es de seus problemas. No entanto, as pesquisas de opini\u00e3o validam uma percep\u00e7\u00e3o generalizada de que a pol\u00edtica se tornou um \u201cgrande neg\u00f3cio\u201d, o que alimenta a desconfian\u00e7a e o desinteresse ap\u00e1tico.<\/p>\n\n\n\n<p>De fato, um dos temas preocupantes \u00e9 a cren\u00e7a difundida entre os jovens mexicanos de que seu voto n\u00e3o impactar\u00e1 significativamente nos resultados e no futuro pol\u00edtico nacional. Uma das interpreta\u00e7\u00f5es para explicar esse fen\u00f4meno \u00e9 que as pesquisas de prefer\u00eancia eleitoral ajudariam a gerar uma percep\u00e7\u00e3o de triunfo distinta de suas prefer\u00eancias, o que os desanimaria a sair para votar.<\/p>\n\n\n\n<p>A teoria da \u201cespiral do sil\u00eancio\u201d pode explicar esse fen\u00f4meno: se percebemos que nossa opini\u00e3o n\u00e3o \u00e9 compartilhada pela maioria, pode ocorrer a autocensura, que nos incentiva a evitar expressar opini\u00f5es divergentes por medo do isolamento social. E esse \u00e9 um problema enfrentado pelas pesquisas de opini\u00e3o p\u00fablica, em especial as de prefer\u00eancias eleitorais. Isso produz uma distor\u00e7\u00e3o da opini\u00e3o que \u00e9 medida, uma esp\u00e9cie de profecia autorrealiz\u00e1vel, pois fabricam-se opini\u00f5es na dire\u00e7\u00e3o da maioria, aumentando a sensa\u00e7\u00e3o de aliena\u00e7\u00e3o e desalento.<\/p>\n\n\n\n<p>Esse paradoxo \u00e9 especialmente grave entre os jovens universit\u00e1rios. S\u00e3o eles quem assumir\u00e3o a responsabilidade social e a lideran\u00e7a cultural, pol\u00edtica e empresarial ao fim de seus estudos, ao mesmo tempo, s\u00e3o os mais propensos a expressar sua desmotiva\u00e7\u00e3o e preocupa\u00e7\u00e3o com isso sem capacidade de rea\u00e7\u00e3o na pr\u00e1tica. Parece dif\u00edcil sensibilizar os jovens de que participar ativamente com o voto, al\u00e9m de ganhar ou n\u00e3o, gera sinais ao poder. Algo parecido ocorre com o desafio di\u00e1rio de exercitar o di\u00e1logo entre os segmentos sociais, a for\u00e7a motriz do interesse pela pol\u00edtica, superando a eventual inst\u00e2ncia do apelo \u00e0s urnas.<\/p>\n\n\n\n<p>Como na analogia com o futebol, os jovens querem ganhar a partida pulando o esfor\u00e7o e o sacrif\u00edcio que os gols exigem. Assimilar e aprender as regras do jogo na pr\u00e1tica \u00e9 um bom come\u00e7o.<\/p>\n","protected":false},"excerpt":{"rendered":"<p>Nas pr\u00f3ximas elei\u00e7\u00f5es deste ano, os eleitores com menos de 30 anos representar\u00e3o um consider\u00e1vel 27% do eleitorado. Seu interesse na pol\u00edtica \u00e9 baixo e \u00e9 dif\u00edcil para eles encontrar mecanismos eficazes para serem ouvidos.<\/p>\n","protected":false},"author":568,"featured_media":37518,"comment_status":"closed","ping_status":"closed","sticky":false,"template":"","format":"standard","meta":{"_acf_changed":false,"episode_type":"","audio_file":"","cover_image":"","cover_image_id":"","duration":"","filesize":"","filesize_raw":"","date_recorded":"","explicit":"","block":"","itunes_episode_number":"","itunes_title":"","itunes_season_number":"","itunes_episode_type":"","footnotes":""},"categories":[16706,16708,17098],"tags":[15839],"gps":[],"class_list":{"0":"post-37553","1":"post","2":"type-post","3":"status-publish","4":"format-standard","5":"has-post-thumbnail","7":"category-mexico-pt-br","8":"category-politica-pt-br","9":"category-jovenes-pt-br","10":"tag-ideias-pt-br"},"acf":[],"_links":{"self":[{"href":"https:\/\/latinoamerica21.com\/pt-br\/wp-json\/wp\/v2\/posts\/37553","targetHints":{"allow":["GET"]}}],"collection":[{"href":"https:\/\/latinoamerica21.com\/pt-br\/wp-json\/wp\/v2\/posts"}],"about":[{"href":"https:\/\/latinoamerica21.com\/pt-br\/wp-json\/wp\/v2\/types\/post"}],"author":[{"embeddable":true,"href":"https:\/\/latinoamerica21.com\/pt-br\/wp-json\/wp\/v2\/users\/568"}],"replies":[{"embeddable":true,"href":"https:\/\/latinoamerica21.com\/pt-br\/wp-json\/wp\/v2\/comments?post=37553"}],"version-history":[{"count":0,"href":"https:\/\/latinoamerica21.com\/pt-br\/wp-json\/wp\/v2\/posts\/37553\/revisions"}],"wp:featuredmedia":[{"embeddable":true,"href":"https:\/\/latinoamerica21.com\/pt-br\/wp-json\/wp\/v2\/media\/37518"}],"wp:attachment":[{"href":"https:\/\/latinoamerica21.com\/pt-br\/wp-json\/wp\/v2\/media?parent=37553"}],"wp:term":[{"taxonomy":"category","embeddable":true,"href":"https:\/\/latinoamerica21.com\/pt-br\/wp-json\/wp\/v2\/categories?post=37553"},{"taxonomy":"post_tag","embeddable":true,"href":"https:\/\/latinoamerica21.com\/pt-br\/wp-json\/wp\/v2\/tags?post=37553"},{"taxonomy":"gps","embeddable":true,"href":"https:\/\/latinoamerica21.com\/pt-br\/wp-json\/wp\/v2\/gps?post=37553"}],"curies":[{"name":"wp","href":"https:\/\/api.w.org\/{rel}","templated":true}]}}