{"id":3808,"date":"2021-02-07T10:00:00","date_gmt":"2021-02-07T13:00:00","guid":{"rendered":"http:\/\/latinoamerica21.com\/?p=3808"},"modified":"2021-02-08T14:48:12","modified_gmt":"2021-02-08T17:48:12","slug":"para-onde-est-indo-mexico","status":"publish","type":"post","link":"https:\/\/latinoamerica21.com\/pt-br\/para-onde-est-indo-mexico\/","title":{"rendered":"Para onde est\u00e1 indo, M\u00e9xico?"},"content":{"rendered":"\n<h3 class=\"wp-block-heading\"><strong>Co-autora Alejandra Salado<\/strong><\/h3>\n\n\n\n<p>Passaram-se 26 meses desde que Andr\u00e9s Manuel L\u00f3pez Obrador (AMLO) assumiu o cargo como presidente do M\u00e9xico em 1\u00ba de dezembro de 2018, e v\u00e1rias quest\u00f5es aparecem. Para onde est\u00e1 indo, M\u00e9xico? O que foi bem feito e o que n\u00e3o foi feito durante o governo da Quarta Transforma\u00e7\u00e3o? O que pode acontecer nas elei\u00e7\u00f5es federais e locais do pr\u00f3ximo 6 de junho?<\/p>\n\n\n\n<p>A administra\u00e7\u00e3o de L\u00f3pez Obrador apresenta tons claros e escuros n\u00edtidos, assim como sombras entre a luz plena e a escurid\u00e3o total. Vejamos estas tonalidades em detalhes.<\/p>\n\n\n\n<p><strong>Os acertos de AMLO<\/strong><\/p>\n\n\n\n<p>AMLO apostou suas fichas internacionais em ter boas rela\u00e7\u00f5es com os Estados Unidos e at\u00e9 optou por n\u00e3o entrar em debate diante das declara\u00e7\u00f5es controversas do Presidente Donald Trump a respeito do muro. Em meados de 2020 entrou em vigor o T-MEC, um acordo comercial com o Canad\u00e1 e os Estados Unidos que tem vantagens para o pa\u00eds, j\u00e1 que 80% das exporta\u00e7\u00f5es mexicanas s\u00e3o destinadas a seus dois vizinhos do norte e \u00e9 uma das apostas para ajudar na recupera\u00e7\u00e3o econ\u00f4mica.<\/p>\n\n\n\n<p>O in\u00edcio do relacionamento com Biden tem sido cauteloso, pois embora o M\u00e9xico tenha reconhecido as pol\u00edticas recentes que favorecem a comunidade migrante mexicana, as declara\u00e7\u00f5es de AMLO marcam um limite para uma poss\u00edvel interfer\u00eancia na quest\u00e3o da seguran\u00e7a.<\/p>\n\n\n\n<p>A luta contra a corrup\u00e7\u00e3o \u00e9 outro aspecto positivo da administra\u00e7\u00e3o do atual presidente mexicano. O golpe contra o <em>huachicoleo<\/em> &#8211; roubo de combust\u00edvel por gangues criminosas com a cumplicidade de funcion\u00e1rios da empresa petrol\u00edfera estatal, PEMEX &#8211; ainda est\u00e1 sendo processado e o resultado final \u00e9 incerto. Mas alimentou a esperan\u00e7a do p\u00fablico de que finalmente ocorreria uma mudan\u00e7a real.&nbsp;<\/p>\n\n\n\n<p>A gest\u00e3o intensiva da comunica\u00e7\u00e3o atrav\u00e9s de coletivas de imprensa matinais e relat\u00f3rios peri\u00f3dicos de gest\u00e3o instalaram na opini\u00e3o p\u00fablica a imagem de um presidente com autoridade moral que informa a popula\u00e7\u00e3o. AMLO j\u00e1 deu mais de 400 coletivas matinais e, apesar das cr\u00edticas daqueles que consideram o ritual demag\u00f3gico e proselitista, podemos esperar que a m\u00e9dio prazo ela contribuir\u00e1 para revitalizar a cultura democr\u00e1tica, especialmente entre os jovens.<\/p>\n\n\n\n<p>A decis\u00e3o do Instituto Nacional Eleitoral de proibir a transmiss\u00e3o integral das confer\u00eancias presidenciais a partir de 4 de abril (quando se abre o per\u00edodo de campanha para as elei\u00e7\u00f5es de 3 de junho) reacendeu o debate sobre a forma e o conte\u00fado das mesmas.&nbsp;<\/p>\n\n\n\n<p><strong>Temas n\u00e3o aprovados<\/strong><\/p>\n\n\n\n<p>Entre as quest\u00f5es desaprovadas pela opini\u00e3o p\u00fablica, <a href=\"http:\/\/latinoamerica21.com\/br\/a-pandemia-e-a-indolencia-economica-de-lopez-obrador\/\" target=\"_blank\" rel=\"noreferrer noopener\">o tratamento da pandemia do coronav\u00edrus pelo governo despertou mais rejei\u00e7\u00e3o do que aprova\u00e7\u00e3o<\/a>. Desde o in\u00edcio, AMLO minimizou a gravidade do surto, recusando-se a decretar medidas sanit\u00e1rias fortes. Infectado pela COVID-19 no final de janeiro, ainda n\u00e3o se sabe se ele vai reverter sua apatia em rela\u00e7\u00e3o \u00e0 emerg\u00eancia viral.<\/p>\n\n\n\n<p>Hugo L\u00f3pez-Gatellis, subsecret\u00e1rio de Preven\u00e7\u00e3o e Promo\u00e7\u00e3o da Sa\u00fade, tornou-se a figura principal da estrat\u00e9gia de Obrador, desfrutando de extraordin\u00e1ria popularidade nos meses iniciais da pandemia. Mas essa popularidade tem diminu\u00eddo \u00e0 medida que o n\u00famero de mortes tem aumentado e os n\u00edveis de infec\u00e7\u00e3o t\u00eam levado o sistema hospitalar \u00e0 beira do colapso.<\/p>\n\n\n\n<p>A pandemia do coronav\u00edrus revelou as dificuldades pr\u00e9-existentes da economia mexicana. A estagna\u00e7\u00e3o foi acentuada por uma queda de 9% no PIB e a <a href=\"https:\/\/expansion.mx\/economia\/2021\/01\/21\/mexico-termina-el-2020-con-una-tasa-de-desempleo-de-4-4\" target=\"_blank\" rel=\"noreferrer noopener\">perda l\u00edquida de 650.000 empregos formais<\/a>. Este colapso foi acompanhado por uma diminui\u00e7\u00e3o dos investimentos p\u00fablicos e privados. A confian\u00e7a dos empres\u00e1rios e cidad\u00e3os no futuro tem se recuperado discretamente, mas ainda permanece abaixo dos 50 pontos. O ano econ\u00f4mico come\u00e7ou com a incerteza.<\/p>\n\n\n\n<p>Antes da emerg\u00eancia sanit\u00e1ria atual, o M\u00e9xico estava enfrentando outra pandemia: a viol\u00eancia. Para resolv\u00ea-la, AMLO continuou o caminho militarista de seus antecessores. Al\u00e9m disso, sob o slogan &#8220;acad\u00eamicos sim, assassinos n\u00e3o&#8221;, ele implementou pol\u00edticas sociais que ainda n\u00e3o mostraram resultados claros. Mas o tr\u00e1fico de drogas tem dimens\u00f5es estruturais que s\u00e3o subestimadas pelo governo mexicano. Da\u00ed seu fracasso. Prova disso \u00e9 o caso do General Cienfuegos, que foi exonerado dos crimes dos quais foi acusado sem julgamento. A decis\u00e3o da Procuradoria Geral da Rep\u00fablica s\u00f3 aumentou as suspeitas sobre a penetra\u00e7\u00e3o e influ\u00eancia de gangues criminosas dentro do Estado mexicano.&nbsp;<\/p>\n\n\n\n<p><strong>A gest\u00e3o e a penumbra<\/strong><\/p>\n\n\n\n<p>Em alguns assuntos, a administra\u00e7\u00e3o de AMLO oscilou entre o crep\u00fasculo e a escurid\u00e3o e deu origem a interpreta\u00e7\u00f5es polarizadas sem hegemonias claras.<\/p>\n\n\n\n<p>Em primeiro lugar, a quest\u00e3o migrat\u00f3ria. Durante sua campanha eleitoral, AMLO prop\u00f4s uma abordagem humanit\u00e1ria para a quest\u00e3o da migra\u00e7\u00e3o. Entretanto, desde o in\u00edcio de sua administra\u00e7\u00e3o, a Secretaria de Rela\u00e7\u00f5es Exteriores assumiu a lideran\u00e7a na quest\u00e3o e trabalhou diretamente com a administra\u00e7\u00e3o Trump, modificando a forma de coopera\u00e7\u00e3o. Sob press\u00e3o do governo dos EUA, o M\u00e9xico abandonou a abordagem humanit\u00e1ria e adotou uma pol\u00edtica que significou um retrocesso nas obriga\u00e7\u00f5es do Estado para garantir os direitos humanos dos migrantes.<\/p>\n\n\n\n<p>Neste sentido, a pol\u00edtica de migra\u00e7\u00e3o de AMLO criminaliza e refor\u00e7a a discrimina\u00e7\u00e3o contra um grupo em situa\u00e7\u00e3o de vulnerabilidade. Mas, ao mesmo tempo, esta volta copernicana recebeu o apoio da opini\u00e3o p\u00fablica que pressionou seu governo a conter as marchas migrat\u00f3rias.<\/p>\n\n\n\n<p>Em segundo lugar, a viol\u00eancia contra mulheres e meninas tem aumentado nos \u00faltimos anos. Diante desta situa\u00e7\u00e3o, mulheres de v\u00e1rios setores e movimentos feministas t\u00eam sa\u00eddo \u00e0s ruas para se manifestar contra o aumento de feminic\u00eddios, desaparecimentos e viol\u00eancia machista. A resposta do presidente tem sido ambivalente; ele reconhece a dor das mulheres e a gravidade do problema, mas minimiza as cr\u00edticas e evita a aten\u00e7\u00e3o do mesmo.<\/p>\n\n\n\n<p>Em terceiro lugar, as consultas aos cidad\u00e3os t\u00eam sido uma estrat\u00e9gia recorrente do governo de AMLO que lhe permitiu diminuir o custo da tomada de decis\u00f5es em grandes projetos que polarizam a opini\u00e3o p\u00fablica, como o Trem Maia, o novo aeroporto CDMX e a f\u00e1brica da <em>Constellation Brands<\/em> em Baja California. As consultas foram organizadas a partir de sua estrutura partid\u00e1ria e, embora n\u00e3o tenham os requisitos m\u00ednimos para serem consideradas exerc\u00edcios democr\u00e1ticos, elas trabalharam para legitimar suas decis\u00f5es.<\/p>\n\n\n\n<p><strong>O que esperar nas elei\u00e7\u00f5es subnacionais e congressionais do pr\u00f3ximo m\u00eas de junho?<\/strong><\/p>\n\n\n\n<p>Apesar da crise sanit\u00e1ria devido a pandemia, a recess\u00e3o econ\u00f4mica e o aumento da viol\u00eancia, a popularidade do presidente continua muito alta: 61% de acordo com o site de agrega\u00e7\u00e3o de pesquisas <em>Or\u00e1culus<\/em>. Os cidad\u00e3os percebem que o governo federal n\u00e3o tem a capacidade de lidar eficientemente com a tr\u00edplice crise e culpam os governos do passado pelas pobres condi\u00e7\u00f5es econ\u00f4micas e institucionais nas quais deixaram o pa\u00eds.<\/p>\n\n\n\n<p>Neste contexto, com um l\u00edder popular e a aus\u00eancia de alternativas vi\u00e1veis na oposi\u00e7\u00e3o, uma derrota do partido governante n\u00e3o pode ser facilmente imaginada. O tempo e os eleitores ter\u00e3o a palavra.&nbsp;&nbsp;&nbsp;<\/p>\n\n\n\n<p><em><sub>*Tradu\u00e7\u00e3o do espanhol por Maria Isabel Santos Lima<\/sub><\/em><\/p>\n\n\n\n<p><em><sub>Foto de El Pelos Brisen\u0303o en Foter.com \/ CC BY-NC-SA<\/sub><\/em><\/p>\n","protected":false},"excerpt":{"rendered":"<p>Vinte e seis meses se passaram desde que L\u00f3pez Obrador tomou posse como presidente do M\u00e9xico e v\u00e1rias perguntas se aproximam. Onde voc\u00ea est\u00e1 indo, M\u00e9xico? A administra\u00e7\u00e3o de L\u00f3pez Obrador apresenta sombras claras e escuras, assim como sombras entre a plena luz e a escurid\u00e3o total. <\/p>\n","protected":false},"author":172,"featured_media":3748,"comment_status":"closed","ping_status":"closed","sticky":false,"template":"","format":"standard","meta":{"_acf_changed":false,"episode_type":"","audio_file":"","cover_image":"","cover_image_id":"","duration":"","filesize":"","filesize_raw":"","date_recorded":"","explicit":"","block":"","itunes_episode_number":"","itunes_title":"","itunes_season_number":"","itunes_episode_type":"","footnotes":""},"categories":[16706,16708,16776,544],"tags":[],"gps":[],"class_list":{"0":"post-3808","1":"post","2":"type-post","3":"status-publish","4":"format-standard","5":"has-post-thumbnail","7":"category-mexico-pt-br","8":"category-politica-pt-br","9":"category-lopez-obrador-pt-br","10":"category-politica-br"},"acf":[],"_links":{"self":[{"href":"https:\/\/latinoamerica21.com\/pt-br\/wp-json\/wp\/v2\/posts\/3808","targetHints":{"allow":["GET"]}}],"collection":[{"href":"https:\/\/latinoamerica21.com\/pt-br\/wp-json\/wp\/v2\/posts"}],"about":[{"href":"https:\/\/latinoamerica21.com\/pt-br\/wp-json\/wp\/v2\/types\/post"}],"author":[{"embeddable":true,"href":"https:\/\/latinoamerica21.com\/pt-br\/wp-json\/wp\/v2\/users\/172"}],"replies":[{"embeddable":true,"href":"https:\/\/latinoamerica21.com\/pt-br\/wp-json\/wp\/v2\/comments?post=3808"}],"version-history":[{"count":0,"href":"https:\/\/latinoamerica21.com\/pt-br\/wp-json\/wp\/v2\/posts\/3808\/revisions"}],"wp:featuredmedia":[{"embeddable":true,"href":"https:\/\/latinoamerica21.com\/pt-br\/wp-json\/wp\/v2\/media\/3748"}],"wp:attachment":[{"href":"https:\/\/latinoamerica21.com\/pt-br\/wp-json\/wp\/v2\/media?parent=3808"}],"wp:term":[{"taxonomy":"category","embeddable":true,"href":"https:\/\/latinoamerica21.com\/pt-br\/wp-json\/wp\/v2\/categories?post=3808"},{"taxonomy":"post_tag","embeddable":true,"href":"https:\/\/latinoamerica21.com\/pt-br\/wp-json\/wp\/v2\/tags?post=3808"},{"taxonomy":"gps","embeddable":true,"href":"https:\/\/latinoamerica21.com\/pt-br\/wp-json\/wp\/v2\/gps?post=3808"}],"curies":[{"name":"wp","href":"https:\/\/api.w.org\/{rel}","templated":true}]}}