{"id":38284,"date":"2024-02-26T08:00:00","date_gmt":"2024-02-26T11:00:00","guid":{"rendered":"https:\/\/latinoamerica21.com\/?p=38284"},"modified":"2024-02-26T12:11:36","modified_gmt":"2024-02-26T15:11:36","slug":"o-progressismo-pode-defender-o-povo-palestino-sem-cair-no-antissemitismo","status":"publish","type":"post","link":"https:\/\/latinoamerica21.com\/pt-br\/o-progressismo-pode-defender-o-povo-palestino-sem-cair-no-antissemitismo\/","title":{"rendered":"O progressismo pode defender o povo palestino sem cair no antissemitismo"},"content":{"rendered":"\n<p>A \u00faltima rodada de confrontos iniciada em 7 de outubro entre as mil\u00edcias palestinas do <a href=\"https:\/\/www1.folha.uol.com.br\/folha-topicos\/guerra-israel-hamas\/\">Hamas e Israel<\/a> j\u00e1 deixou mais de 24.000 palestinos e 1.200 israelenses mortos. No entanto, suas consequ\u00eancias n\u00e3o se limitam ao Oriente M\u00e9dio. As comunidades judaicas e isl\u00e2micas em todo o mundo est\u00e3o \u00e0 merc\u00ea do aumento do antissemitismo e da islamofobia, discurso de \u00f3dio sutilmente incorporado \u00e0 sociedade ocidental.<\/p>\n\n\n\n<p>Os <a href=\"https:\/\/latinoamerica21.com\/pt-br\/o-lugar-do-brasil-na-querela-sul-africana-contra-israel\/\">governos progressistas latino-americanos<\/a> fizeram um apelo para a defesa dos direitos humanos e para um cessar-fogo que poderia ajudar a resolver a grave crise humanit\u00e1ria que o povo palestino est\u00e1 enfrentando em Gaza. Na mesma linha, eles descreveram os bombardeios indiscriminados do ex\u00e9rcito israelense em resposta ao ataque terrorista do Hamas como crimes de guerra e denunciaram a ocupa\u00e7\u00e3o de Israel e a constru\u00e7\u00e3o de novos assentamentos na Cisjord\u00e2nia, violando o Direito Internacional.<\/p>\n\n\n\n<p>Mas dentro dessas posi\u00e7\u00f5es, tamb\u00e9m foram reproduzidos, volunt\u00e1ria ou involuntariamente, s\u00edmbolos e narrativas antissemitas. Na Argentina, um pr\u00e9dio onde vivem algumas fam\u00edlias judias foi marcado com a Estrela de Davi, assim como os nazistas fizeram na Noite dos Cristais. Um destino semelhante aconteceu com a embaixada israelense e uma sinagoga em Bogot\u00e1, Col\u00f4mbia, que foram vandalizadas com s\u00edmbolos nazistas. Al\u00e9m disso, de acordo com a <a href=\"https:\/\/www.cnnbrasil.com.br\/nacional\/denuncias-de-antissemitismo-no-brasil-crescem-1-000-apos-guerra-em-israel-indica-conib\/\">Confedera\u00e7\u00e3o Israelita do Brasil<\/a> (CONIB), as den\u00fancias de antissemitismo aumentaram em 961% no pa\u00eds.<\/p>\n\n\n\n<p><strong>A comunidade judaica na Am\u00e9rica Latina alerta para o aumento dos discurso de \u00f3dio<\/strong><\/p>\n\n\n\n<p>&#8220;\u00c9 poss\u00edvel ser pr\u00f3-palestino sem ser antissemita&#8221;, diz Fernando Lottenberg, comiss\u00e1rio da OEA para monitoramento e combate ao antissemitismo. Para ele, um dos aspectos centrais do antissemitismo \u00e9 culpar toda a comunidade judaica pelas a\u00e7\u00f5es do Estado de Israel. Isso se reflete em ataques a sinagogas e no direcionamento e vandalismo aos bens da comunidade judaica. Al\u00e9m disso, acrescenta que &#8220;os ataques \u00e0s comunidades judaicas geralmente acarretam em ataques ao sistema democr\u00e1tico&#8221;.<\/p>\n\n\n\n<p>&#8220;O crescimento dos discursos antissemitas na Col\u00f4mbia est\u00e1 gerando na comunidade um sentimento de inseguran\u00e7a&#8221;, diz Eli Akerman, um jovem israelense-colombiano cr\u00edtico do governo israelense de extrema direita. Para ele, \u00e9 preciso ter muito cuidado com os s\u00edmbolos usados nos discursos referentes ao conflito em Gaza, pois eles podem reproduzir estere\u00f3tipos racistas que t\u00eam grande impacto social e colocam em risco a comunidade judaica em todo o mundo.&nbsp;<\/p>\n\n\n\n<p>A atual conjuntura demonstrou que o que est\u00e1 acontecendo no Oriente M\u00e9dio afeta todas as comunidades judaicas. No Daguest\u00e3o (sul da R\u00fassia), uma multid\u00e3o invadiu o aeroporto local para atacar os passageiros de um voo de Tel Aviv. Nesse contexto, Michael Rosenthal, ativista pela paz e estudante de Rela\u00e7\u00f5es Internacionais, diz: &#8220;A comunidade judaica na Am\u00e9rica Latina n\u00e3o funciona em um v\u00e1cuo, os ataques a judeus em todo o mundo afetam igualmente todas as comunidades porque estamos sempre em contato constante\u201d.<\/p>\n\n\n\n<p>Para ele, a invers\u00e3o e a banaliza\u00e7\u00e3o do Holocausto, bem como a demoniza\u00e7\u00e3o da comunidade judaica, est\u00e3o cada vez mais presentes nos discursos sobre o conflito em Gaza, especialmente nas redes sociais. Nos Estados Unidos, um em cada cinco jovens com menos de 30 anos acredita que o Holocausto \u00e9 um mito, de acordo com uma pesquisa recente da <a href=\"https:\/\/www.economist.com\/united-states\/2023\/12\/07\/one-in-five-young-americans-thinks-the-holocaust-is-a-myth\">The Economist<\/a>.<\/p>\n\n\n\n<p>Michael, juntamente com outros jovens judeus colombianos que votaram na esquerda nas \u00faltimas elei\u00e7\u00f5es presidenciais, escreveu uma carta ao presidente da Col\u00f4mbia, Gustavo Petro, expressando sua indigna\u00e7\u00e3o por n\u00e3o condenar diretamente o massacre de 7 de outubro pelo Hamas, ao mesmo tempo em que reconhece e condena as a\u00e7\u00f5es do ex\u00e9rcito israelense em Gaza, bem como a pol\u00edtica de Israel em rela\u00e7\u00e3o aos palestinos dos \u00faltimos anos.&nbsp;<\/p>\n\n\n\n<p><strong>Reconhecer o car\u00e1ter estrutural do antissemitismo em nossa sociedade<\/strong><\/p>\n\n\n\n<p>O antissemitismo est\u00e1 profundamente vinculado \u00e0 hist\u00f3ria do &#8220;Ocidente&#8221; e tem sido usado pelas elites governantes como bode expiat\u00f3rio para desviar a aten\u00e7\u00e3o dos problemas de corrup\u00e7\u00e3o e m\u00e1 governan\u00e7a, lembra Joel Klahr, psicanalista judeu colombiano. O antissemitismo como discurso de \u00f3dio tem a particularidade, tanto da esquerda quanto da direita, de representar a comunidade judaica como um grupo que est\u00e1 sempre no topo, &#8220;aliado&#8221; ao poder dominante.<\/p>\n\n\n\n<p>Esses aspectos incorporados na psicologia coletiva s\u00e3o acompanhados por estere\u00f3tipos f\u00edsicos historicamente atribu\u00eddos \u00e0 comunidade judaica, como os <a href=\"https:\/\/www.instagram.com\/p\/Cy6Xq8YR0wK\/\">reproduzidos pelo popular cartunista colombiano Matador<\/a>, que, ao tentar desenvolver uma cr\u00edtica a Israel, acaba reproduzindo diferentes clich\u00eas antissemitas, acusando-os de se considerarem uma ra\u00e7a superior e demonizando-os pelas a\u00e7\u00f5es do Estado de Israel.<\/p>\n\n\n\n<figure class=\"wp-block-image\"><img decoding=\"async\" src=\"https:\/\/lh7-us.googleusercontent.com\/iuAksQNBWvHR3hQfpmie0B5IBKemDUypR115jGLSyoe9jfvFmTjc8U4iGgv5GxFjjYVG_c1f1k53dQ0G3y7WiQciBI0TY6AXntUncZQ0PgJnvO4COYi8nW-ZhPsfEl1uN5ybOylF6SmVXUP_XIto5A\" alt=\"Fuente: instagram.\"\/><\/figure>\n\n\n\n<p>Embora o antissemitismo tenha se desenvolvido principalmente na direita conservadora, \u00e9 preciso reconhecer que h\u00e1 particularidades na esquerda que tamb\u00e9m refletem a exist\u00eancia de preconceito e difama\u00e7\u00e3o antissemitas. A representa\u00e7\u00e3o do judeu como branco, parte da elite financeira e representante dos interesses &#8220;imperialistas&#8221; ocidentais tem sido parte dos discursos emancipat\u00f3rios em todo o mundo. Em seu livro <em>Sobre a quest\u00e3o judaica<\/em>, Marx declarou: &#8220;Qual \u00e9 o fundamento secular do juda\u00edsmo? A necessidade pr\u00e1tica, o interesse ego\u00edsta. Qual \u00e9 o culto secular praticado pelo judeu? A usura. Qual \u00e9 o seu deus secular? O dinheiro&#8221;.&nbsp;&nbsp;&nbsp;<\/p>\n\n\n\n<p>Todos esses estere\u00f3tipos s\u00e3o f\u00e1ceis de desmontar. \u00c9 importante estudar a hist\u00f3ria moderna para entender, por exemplo, que a maioria dos judeus europeus antes do Holocausto viviam em comunidades agr\u00edcolas humildes (<em>Shetl<\/em>) na Europa Oriental, enquanto outros faziam parte da classe intelectual, realizando grandes contribui\u00e7\u00f5es em todos os campos do conhecimento. Ainda assim, essas comunidades foram perseguidas n\u00e3o apenas pelo nazismo e pelo czarismo russo, mas tamb\u00e9m pelo stalinismo.&nbsp;<\/p>\n\n\n\n<p>O compromisso do progressismo com o desmantelamento do racismo estrutural tamb\u00e9m deve envolver uma luta frontal contra o antissemitismo. Isso implica diferenciar a comunidade judaica das a\u00e7\u00f5es de um indiv\u00edduo ou de uma institui\u00e7\u00e3o, mas tamb\u00e9m nos educar para n\u00e3o reproduzir s\u00edmbolos que reproduzam qualquer discurso de \u00f3dio. Reconhecer que a comunidade judaica foi perseguida ao longo de sua hist\u00f3ria e em todas as partes do mundo \u00e9 indispens\u00e1vel para essa desconstru\u00e7\u00e3o.<\/p>\n\n\n\n<p><strong>&#8221; Combater o antissemitismo como se n\u00e3o houvesse ocupa\u00e7\u00e3o e combater a ocupa\u00e7\u00e3o como se n\u00e3o houvesse antissemitismo&#8221;<\/strong><\/p>\n\n\n\n<p>Essa frase norteia o trabalho do jornalista argentino-israelense Ezequiel Kopel, que dedica seu trabalho a refletir a realidade do Oriente M\u00e9dio para o p\u00fablico latino-americano. Ele reconhece que, em algumas ocasi\u00f5es, a ret\u00f3rica antissemita est\u00e1 presente nas cr\u00edticas a Israel, mas tamb\u00e9m ressalta que, dentro do campo pr\u00f3-Israel, h\u00e1 quem esteja interessado em confundir qualquer cr\u00edtica ao pa\u00eds com antissemitismo: &#8220;Antissemitas como Donald Trump e Elon Musk t\u00eam passe livre porque apoiam Israel, enquanto qualquer um que critique Israel \u00e9 rotulado de antissemita&#8221;.<\/p>\n\n\n\n<p>Criticar as a\u00e7\u00f5es de qualquer Estado \u00e9 leg\u00edtimo. Organiza\u00e7\u00f5es como a <a href=\"https:\/\/www.jewishvoiceforpeace.org\/\">Jewish Voice for Peace <\/a>(Voz Judaica em favor da Paz) nos Estados Unidos, <a href=\"https:\/\/www.breakingthesilence.org.il\/\">Breaking the Silence<\/a> (Rompendo o Sil\u00eancio) e <a href=\"https:\/\/www.btselem.org\/\">B&#8217;tselem<\/a> denunciaram a pol\u00edtica de ocupa\u00e7\u00e3o e a sistem\u00e1tica viola\u00e7\u00e3o dos direitos humanos cometidos por Israel antes e depois do dia 7 de outubro. A chave para n\u00e3o cair em algum tipo de discurso de \u00f3dio est\u00e1 no tipo de linguagem e nos s\u00edmbolos usados.&nbsp;<\/p>\n\n\n\n<p>Um \u00faltimo aspecto a ser destacado \u00e9 o uso de dois pesos e duas medidas em rela\u00e7\u00e3o a Israel. Um exemplo claro disso \u00e9 dado por Marcos Peckel, professor de Rela\u00e7\u00f5es Internacionais da Universidad del Rosario e diretor da Confedera\u00e7\u00e3o de Comunidades Judaicas da Col\u00f4mbia, ao ressaltar que a comunidade internacional n\u00e3o reagiu da mesma forma \u00e0 limpeza \u00e9tnica dos arm\u00eanios de Nagorno-Karabakh ou ao bombardeio de Bashar al-Assad aos campos de refugiados palestinos na S\u00edria.<\/p>\n\n\n\n<p>Al\u00e9m de apontar as particularidades do conflito israelense-palestino, essa cr\u00edtica nos permite reconhecer a necessidade de defender valores universais acima de lados concretos. Isso nos obriga n\u00e3o apenas a denunciar todas as viola\u00e7\u00f5es dos direitos humanos e a opress\u00e3o de um grupo nacional sobre outro (como na Turquia com os curdos ou no Ir\u00e3 com os baluchis), mas tamb\u00e9m a denunciar o terrorismo e o ataque a civis, independentemente de sua origem.&nbsp;<\/p>\n\n\n\n<p>A luta contra o antissemitismo deve ser uma parte fundamental das reivindica\u00e7\u00f5es progressistas, assim como a luta contra a islamofobia, a ocupa\u00e7\u00e3o da Cisjord\u00e2nia e a viola\u00e7\u00e3o dos direitos do povo palestino. A chave est\u00e1 em conhecer a hist\u00f3ria para n\u00e3o reproduzir estigmas racistas por meio do uso de termos e s\u00edmbolos em nosso discurso.<\/p>\n","protected":false},"excerpt":{"rendered":"<p>A luta contra o antissemitismo deve ser uma parte fundamental das reivindica\u00e7\u00f5es progressistas, assim como a luta contra a islamofobia, a ocupa\u00e7\u00e3o da Cisjord\u00e2nia e a viola\u00e7\u00e3o dos direitos do povo palestino.<\/p>\n","protected":false},"author":577,"featured_media":38253,"comment_status":"closed","ping_status":"closed","sticky":false,"template":"","format":"standard","meta":{"_acf_changed":false,"episode_type":"","audio_file":"","cover_image":"","cover_image_id":"","duration":"","filesize":"","filesize_raw":"","date_recorded":"","explicit":"","block":"","itunes_episode_number":"","itunes_title":"","itunes_season_number":"","itunes_episode_type":"","footnotes":""},"categories":[17152,17058,16797],"tags":[17187],"gps":[],"class_list":{"0":"post-38284","1":"post","2":"type-post","3":"status-publish","4":"format-standard","5":"has-post-thumbnail","7":"category-israel-palestina-pt-br","8":"category-ideologias-es-pt-br","9":"category-polarizacion-pt-br","10":"tag-debates-2"},"acf":[],"_links":{"self":[{"href":"https:\/\/latinoamerica21.com\/pt-br\/wp-json\/wp\/v2\/posts\/38284","targetHints":{"allow":["GET"]}}],"collection":[{"href":"https:\/\/latinoamerica21.com\/pt-br\/wp-json\/wp\/v2\/posts"}],"about":[{"href":"https:\/\/latinoamerica21.com\/pt-br\/wp-json\/wp\/v2\/types\/post"}],"author":[{"embeddable":true,"href":"https:\/\/latinoamerica21.com\/pt-br\/wp-json\/wp\/v2\/users\/577"}],"replies":[{"embeddable":true,"href":"https:\/\/latinoamerica21.com\/pt-br\/wp-json\/wp\/v2\/comments?post=38284"}],"version-history":[{"count":0,"href":"https:\/\/latinoamerica21.com\/pt-br\/wp-json\/wp\/v2\/posts\/38284\/revisions"}],"wp:featuredmedia":[{"embeddable":true,"href":"https:\/\/latinoamerica21.com\/pt-br\/wp-json\/wp\/v2\/media\/38253"}],"wp:attachment":[{"href":"https:\/\/latinoamerica21.com\/pt-br\/wp-json\/wp\/v2\/media?parent=38284"}],"wp:term":[{"taxonomy":"category","embeddable":true,"href":"https:\/\/latinoamerica21.com\/pt-br\/wp-json\/wp\/v2\/categories?post=38284"},{"taxonomy":"post_tag","embeddable":true,"href":"https:\/\/latinoamerica21.com\/pt-br\/wp-json\/wp\/v2\/tags?post=38284"},{"taxonomy":"gps","embeddable":true,"href":"https:\/\/latinoamerica21.com\/pt-br\/wp-json\/wp\/v2\/gps?post=38284"}],"curies":[{"name":"wp","href":"https:\/\/api.w.org\/{rel}","templated":true}]}}