{"id":388,"date":"2019-07-18T13:22:10","date_gmt":"2019-07-18T16:22:10","guid":{"rendered":"http:\/\/latinoamerica21.com\/?p=388"},"modified":"2023-01-20T18:09:06","modified_gmt":"2023-01-20T21:09:06","slug":"o-caso-assange","status":"publish","type":"post","link":"https:\/\/latinoamerica21.com\/pt-br\/o-caso-assange\/","title":{"rendered":"O caso Assange"},"content":{"rendered":"\n<p>Em junho de 2012, Julian Assange ingressou na\nembaixada equatoriana em Londres envolto em um halo de hero\u00edsmo, como a pessoa\nque exp\u00f4s informa\u00e7\u00f5es secretas dos Estados Unidos que revelavam viola\u00e7\u00f5es dos\ndireitos humanos e da livre determina\u00e7\u00e3o dos povos, perpetradas mediante\nopera\u00e7\u00f5es militares ou de manipula\u00e7\u00e3o diplom\u00e1tica. Sete anos mais tarde, o\nciberativista, golpeado f\u00edsica e psicologicamente pelo longo confinamento,\nenfrenta condi\u00e7\u00f5es mais dif\u00edceis do que aquelas que o for\u00e7aram a solicitar\nasilo. Est\u00e1 preso por ter violado a liberdade condicional de que desfrutava no\nReino Unido, e os Estados Unidos solicitam sua extradi\u00e7\u00e3o, por 17 acusa\u00e7\u00f5es de\ndelitos contra a seguran\u00e7a nacional que poderiam significar penas de pris\u00e3o\nmais longas que sua expectativa de vida.<\/p>\n\n\n\n<p>Mas a deteriora\u00e7\u00e3o de <a href=\"https:\/\/news.un.org\/pt\/story\/2019\/04\/1668141\">Assange<\/a> n\u00e3o se reduz apenas \u00e0 sua sa\u00fade ou sua condi\u00e7\u00e3o legal; refere-se fundamentalmente ao eclipse de sua imagem inicial, a do hacker em busca de transpar\u00eancia diante dos acobertamentos conduzidos pelos poderosos, e \u00e0 sua substitui\u00e7\u00e3o pela imagem de um ativista que conduz opera\u00e7\u00f5es de natureza pol\u00edtica, em uma retomada tardia das l\u00f3gicas de confronto caracter\u00edsticas da guerra fria.<\/p>\n\n\n\n<blockquote class=\"wp-block-quote is-layout-flow wp-block-quote-is-layout-flow\">\n<p>Como explicar a metamorfose de Assange, de baluarte da liberdade de informa\u00e7\u00e3o e express\u00e3o a promotor da p\u00f3s-verdade?&#8221;<\/p>\n<\/blockquote>\n\n\n\n<p>Assange e o&nbsp;<a href=\"https:\/\/www1.folha.uol.com.br\/mundo\/2018\/11\/julian-assange-esta-sendo-processado-pelos-eua-em-segredo-diz-wikileaks.shtml\">Wikileaks<\/a>&nbsp;irromperam\nna cena de m\u00eddia mundial propondo uma nova plataforma sociopol\u00edtica planet\u00e1ria,\nat\u00e9 ali inexistente: a do confronto entre a tecnologia e as soberanias. O\nsurgimento de novas tecnologias de comunica\u00e7\u00e3o criava a possibilidade de acesso\ndireto a fontes de informa\u00e7\u00e3o que antes pareciam blindadas ou protegidas pelas\nsoberanias dos Estados nacionais; a tecnologia poderia ser colocada a servi\u00e7o\ndos direitos humanos muitas vezes &#8220;sacrificados&#8221; por conta das\n&#8220;raz\u00f5es de Estado&#8221;.&nbsp;Como explicar a metamorfose de Assange, de\nbaluarte da liberdade de informa\u00e7\u00e3o e express\u00e3o a promotor da p\u00f3s-verdade, que\nusa as informa\u00e7\u00f5es obtidas de suas opera\u00e7\u00f5es como hacker a fim de\ndesestabilizar regimes e interferir em assuntos interno de outros Estados, a\nexemplo do que fez no conflito catal\u00e3o, promovendo a causa da independ\u00eancia, ou\nalinhando-se aos servi\u00e7os secretos russos em seu ataque \u00e0 candidatura da\ndemocrata Hillary Clinton?<\/p>\n\n\n\n<p>Ou sua conformidade, ou quem sabe identifica\u00e7\u00e3o, com a\nestrat\u00e9gia pol\u00edtica de Vladimir Putin, no marco de sua estramb\u00f3tica rela\u00e7\u00e3o com\no regime do presidente equatoriano Rafael Correa, que o alojou, ou confinou, a\ndepender do observador, na&nbsp;<a href=\"https:\/\/www1.folha.uol.com.br\/mundo\/2019\/04\/fundador-do-wikileaks-julian-assange-e-preso-na-embaixada-do-equador-em-londres.shtml\">embaixada do Equador em Londres<\/a>?<\/p>\n\n\n\n<p>Assange n\u00e3o \u00e9 um espi\u00e3o a servi\u00e7o de um Estado\ninimigo, como certamente quis v\u00ea-lo Correa, mas sim a materializa\u00e7\u00e3o da\ncapacidade de interpenetra\u00e7\u00e3o oferecidas pelas tecnologias atuais de\ninforma\u00e7\u00e3o. Sua presen\u00e7a expressa as novas l\u00f3gicas da pol\u00edtica contempor\u00e2nea:\num filtrador de informa\u00e7\u00e3o cuja motiva\u00e7\u00e3o responde \u00e0 percep\u00e7\u00e3o de que as\nliberdades dos cidad\u00e3os foram ou podem ser violadas; mas tamb\u00e9m a de quem usa a\ninforma\u00e7\u00e3o com fins contr\u00e1rios \u00e0 transpar\u00eancia informativa e \u00e0 defesa de\ndireitos.<\/p>\n\n\n\n<p>O caso Assange, como em seu momento o caso Snowden,\nadverte sobre a conting\u00eancia e a vulnerabilidade na qual se reproduzem as\nsociedades contempor\u00e2neas, uma complexidade que exige conceitos e prepara\u00e7\u00f5es\ninstitucionais que v\u00e3o bem al\u00e9m de explicar o fen\u00f4meno como opera\u00e7\u00e3o de\nespionagem da integridade dos Estados. Do ponto de vista do jornalismo, pode\nser leg\u00edtimo usar filtragens para colocar \u00e0 disposi\u00e7\u00e3o dos cidad\u00e3os informa\u00e7\u00f5es\nsobre a <\/p>\n\n\n\n<p>conduta de seus governos, quando estes as ocultam em\nnome da seguran\u00e7a nacional. <\/p>\n\n\n\n<p>Conv\u00e9m ao interesse p\u00fablico obter acesso \u00e0 informa\u00e7\u00e3o\nrelevante que evidencie viola\u00e7\u00e3o de direitos ou exponha agentes p\u00fablicos ou\nprivados em casos de corrup\u00e7\u00e3o, embora os procedimentos utilizados para esse\nfim possam representar desafios \u00e9ticos ao exerc\u00edcio do jornalismo.<\/p>\n\n\n\n<p>Mas nem s\u00f3 os Estados s\u00e3o objeto de escrut\u00ednio\ninformatizado. A realidade dos indiv\u00edduos est\u00e1 constru\u00edda cada vez mais sobre a\ncircula\u00e7\u00e3o de informa\u00e7\u00f5es, o que os torna vulner\u00e1veis \u00e0 observa\u00e7\u00e3o de sua\nprivacidade por parte dos Estados ou de outros poderes discricion\u00e1rios. A\ntecnologia da informa\u00e7\u00e3o evolui a passos gigantescos; processa uma massa de\ninforma\u00e7\u00f5es cada vez maior, o que conduz \u00e0 identifica\u00e7\u00e3o de tend\u00eancias de\nconduta dos cidad\u00e3os, sobre as quais depois \u00e9 poss\u00edvel incidir, refor\u00e7ando a\ncondu\u00e7\u00e3o (manipula\u00e7\u00e3o) de prefer\u00eancias nos \u00e2mbitos do mercado, mas tamb\u00e9m no da\npol\u00edtica e da configura\u00e7\u00e3o de valores e significa\u00e7\u00f5es sociais.<\/p>\n\n\n\n<p>Para al\u00e9m da imagem de Assange como Robin Hood da nova era de tecnologia-comunicacional, o caso evidencia a presen\u00e7a de novos agentes e novas l\u00f3gicas de incid\u00eancia <a href=\"https:\/\/latinoamerica21.com\/br\/discutir-o-imposto-sobre-herancas\/\">pol\u00edtica<\/a>, que giram em torno das tecnologias de comunica\u00e7\u00e3o mas acima de tudo da capacidade potencial de romper todas as barreiras que se tente interpor para resguardar a informa\u00e7\u00e3o com a qual se produzem as l\u00f3gicas do poder.<\/p>\n","protected":false},"excerpt":{"rendered":"<p>Em 2012, Julian Assange ingressou na embaixada equatoriana em Londres envolto em um halo de hero\u00edsmo, como a pessoa que exp\u00f4s informa\u00e7\u00f5es secretas dos EEUU que revelavam viola\u00e7\u00f5es dos direitos humanos e da livre determina\u00e7\u00e3o dos povos, perpetradas mediante opera\u00e7\u00f5es militares ou de manipula\u00e7\u00e3o diplom\u00e1tica.<\/p>\n","protected":false},"author":8,"featured_media":386,"comment_status":"closed","ping_status":"closed","sticky":false,"template":"","format":"standard","meta":{"_acf_changed":false,"episode_type":"","audio_file":"","cover_image":"","cover_image_id":"","duration":"","filesize":"","filesize_raw":"","date_recorded":"","explicit":"","block":"","itunes_episode_number":"","itunes_title":"","itunes_season_number":"","itunes_episode_type":"","footnotes":""},"categories":[16740,16715,14498,14409,544],"tags":[],"gps":[],"class_list":{"0":"post-388","1":"post","2":"type-post","3":"status-publish","4":"format-standard","5":"has-post-thumbnail","7":"category-posverdad-pt-br","8":"category-ecuador-pt-br","9":"category-pos-verdade","10":"category-equador","11":"category-politica-br"},"acf":[],"_links":{"self":[{"href":"https:\/\/latinoamerica21.com\/pt-br\/wp-json\/wp\/v2\/posts\/388","targetHints":{"allow":["GET"]}}],"collection":[{"href":"https:\/\/latinoamerica21.com\/pt-br\/wp-json\/wp\/v2\/posts"}],"about":[{"href":"https:\/\/latinoamerica21.com\/pt-br\/wp-json\/wp\/v2\/types\/post"}],"author":[{"embeddable":true,"href":"https:\/\/latinoamerica21.com\/pt-br\/wp-json\/wp\/v2\/users\/8"}],"replies":[{"embeddable":true,"href":"https:\/\/latinoamerica21.com\/pt-br\/wp-json\/wp\/v2\/comments?post=388"}],"version-history":[{"count":0,"href":"https:\/\/latinoamerica21.com\/pt-br\/wp-json\/wp\/v2\/posts\/388\/revisions"}],"wp:featuredmedia":[{"embeddable":true,"href":"https:\/\/latinoamerica21.com\/pt-br\/wp-json\/wp\/v2\/media\/386"}],"wp:attachment":[{"href":"https:\/\/latinoamerica21.com\/pt-br\/wp-json\/wp\/v2\/media?parent=388"}],"wp:term":[{"taxonomy":"category","embeddable":true,"href":"https:\/\/latinoamerica21.com\/pt-br\/wp-json\/wp\/v2\/categories?post=388"},{"taxonomy":"post_tag","embeddable":true,"href":"https:\/\/latinoamerica21.com\/pt-br\/wp-json\/wp\/v2\/tags?post=388"},{"taxonomy":"gps","embeddable":true,"href":"https:\/\/latinoamerica21.com\/pt-br\/wp-json\/wp\/v2\/gps?post=388"}],"curies":[{"name":"wp","href":"https:\/\/api.w.org\/{rel}","templated":true}]}}