{"id":39621,"date":"2024-04-11T08:00:00","date_gmt":"2024-04-11T11:00:00","guid":{"rendered":"https:\/\/latinoamerica21.com\/?p=39621"},"modified":"2024-04-11T02:38:34","modified_gmt":"2024-04-11T05:38:34","slug":"opcoes-e-oportunidades-diante-da-crise-quando-os-caminhos-se-bifurcam","status":"publish","type":"post","link":"https:\/\/latinoamerica21.com\/pt-br\/opcoes-e-oportunidades-diante-da-crise-quando-os-caminhos-se-bifurcam\/","title":{"rendered":"Op\u00e7\u00f5es e oportunidades diante da crise: quando os caminhos se bifurcam"},"content":{"rendered":"\n<p>Nesse momento, a sociedade considerava os empres\u00e1rios como her\u00f3is e vislumbrava um futuro promissor. Pouco tempo depois, a crise chegou e afetou profundamente o pa\u00eds em quest\u00e3o. A queda do produto interno bruto (PIB) foi uma das mais acentuadas, enquanto vastos setores da popula\u00e7\u00e3o perderam seus empregos e suas economias. Muitos ca\u00edram na pobreza.<\/p>\n\n\n\n<p>A crise que afetou o pa\u00eds em quest\u00e3o induziu uma forte desvaloriza\u00e7\u00e3o, o que aprofundou ainda mais a recess\u00e3o que estava ocorrendo, enquanto a infla\u00e7\u00e3o crescia. O setor financeiro foi fortemente comprometido. A gravidade da situa\u00e7\u00e3o for\u00e7ou o governo a recorrer ao Fundo Monet\u00e1rio Internacional (FMI).<\/p>\n\n\n\n<p>No pa\u00eds em quest\u00e3o, a reputa\u00e7\u00e3o da classe pol\u00edtica foi gravemente afetada. Os partidos pol\u00edticos tradicionais, que at\u00e9 aquele momento dominavam o cen\u00e1rio pol\u00edtico, se viram fortemente desprestigiados. As alega\u00e7\u00f5es de corrup\u00e7\u00e3o foram abundantes nas manchetes dos principais meios de comunica\u00e7\u00e3o, os neg\u00f3cios de pol\u00edticos e empres\u00e1rios, ou de empres\u00e1rios que se tornaram pol\u00edticos, foram divulgados e os detalhes de suas contas nos principais para\u00edsos fiscais foram revelados.<\/p>\n\n\n\n<p>Felizmente, o pa\u00eds em quest\u00e3o foi aben\u00e7oado com recursos naturais. Ele produzia alimentos e energia a pre\u00e7os competitivos. Esse \u00faltimo atraiu investimentos em minera\u00e7\u00e3o de criptomoedas, uma atividade eletrointensiva. A crise imp\u00f4s uma maior explora\u00e7\u00e3o dos recursos naturais, o que, para a lideran\u00e7a, representava a alternativa mais r\u00e1pida para obter moeda estrangeira e contornar a falta de fundos que a situa\u00e7\u00e3o mostrava. Muitas vezes, novas d\u00edvidas eram contra\u00eddas para impulsionar o novo setor, uma hist\u00f3ria sem fim.<\/p>\n\n\n\n<p>Como resultado da desvaloriza\u00e7\u00e3o, a posi\u00e7\u00e3o externa do pa\u00eds em quest\u00e3o melhorou rapidamente. Felizmente, mas n\u00e3o muito. Tal melhoria econ\u00f4mica ocorreu de forma desigual, e o decl\u00ednio na qualidade de vida continuou a prejudicar muitas fam\u00edlias.<\/p>\n\n\n\n<p>O pa\u00eds em quest\u00e3o \u00e9 considerado &#8220;pequeno&#8221;: essa \u00e9 a qualifica\u00e7\u00e3o dada pelos livros did\u00e1ticos de economia internacional. Essa caracter\u00edstica implica a impossibilidade de influenciar a din\u00e2mica dos mercados internacionais, por exemplo, de energia ou alimentos. O mesmo livro prop\u00f5e que os mercados globais operem em uma estrutura competitiva. As vantagens competitivas, nas palavras de David Ricardo, dinamizam o com\u00e9rcio e garantem o bem-estar das pessoas. Este n\u00e3o \u00e9 o lugar para analisar a validade de tal teoria, embora seja \u00fatil examinar vis\u00f5es mais recentes da economia internacional para entender, por exemplo, o sucesso das exporta\u00e7\u00f5es do Jap\u00e3o, da Coreia do Sul ou da China. Aqueles que avan\u00e7aram o fizeram recriando novas habilidades, gerando vantagens din\u00e2micas nas quais o Estado desempenha um papel preponderante, seja regulamentando ou promovendo a &#8220;globaliza\u00e7\u00e3o&#8221; de suas empresas. Pensemos aqui nas contribui\u00e7\u00f5es te\u00f3ricas de Paul Krugman ou nas contribui\u00e7\u00f5es emp\u00edricas de Alice Amsden, Ha-Joon Chang ou Justin Lin.<\/p>\n\n\n\n<p>Deixemos aqui o debate acad\u00eamico e mudemos o \u00e2ngulo de an\u00e1lise. Se na d\u00e9cada de 1990 a globaliza\u00e7\u00e3o cegou os formuladores de pol\u00edticas para a verdade revelada por tr\u00e1s do &#8220;milagre asi\u00e1tico&#8221;, vinte anos depois a ascens\u00e3o da China mostraria sua plena validade. No entanto, ao entrarmos no s\u00e9culo XXI, a geopol\u00edtica se tornar\u00e1 a vis\u00e3o dominante da economia global. O com\u00e9rcio e o investimento v\u00eam sendo desafiados por novas abordagens. As pol\u00edticas de industrializa\u00e7\u00e3o n\u00e3o s\u00e3o mais questionadas, at\u00e9 mesmo o pr\u00f3prio Fundo as promove. Tamb\u00e9m aceita a conveni\u00eancia de introduzir medidas macroprudenciais para evitar os excessos frequentemente causados pela globaliza\u00e7\u00e3o financeira, uma vers\u00e3o dilu\u00edda dos controles de capital vigentes no per\u00edodo p\u00f3s-guerra.<\/p>\n\n\n\n<p>\u00c9 um momento em que os caminhos se bifurcam, alternativas s\u00e3o descobertas. As hist\u00f3rias nos ensinam li\u00e7\u00f5es. As crises questionam, implicam momentos cr\u00edticos, pontos de ruptura, refletem um caminho cheio de riscos, mas tamb\u00e9m de oportunidades. E, como ao dirigir em uma estrada, observamos v\u00e1rios sinais. Algumas sa\u00eddas podem nos levar \u00e0 estagna\u00e7\u00e3o, a acabar implementando um programa de &#8220;ajuste perp\u00e9tuo&#8221; em benef\u00edcio de uma minoria. Mas se escolhermos com sabedoria, a estrada pode nos levar a um futuro mais justo e inclusivo. Quando a bifurca\u00e7\u00e3o se apresenta, as restri\u00e7\u00f5es pol\u00edticas usuais s\u00e3o momentaneamente relaxadas. Estamos enfrentando um momento cr\u00edtico e fundamental que oferece uma oportunidade para mudan\u00e7as profundas na organiza\u00e7\u00e3o social e na prote\u00e7\u00e3o ambiental.<\/p>\n\n\n\n<p>Atravessar um momento cr\u00edtico, entretanto, n\u00e3o leva necessariamente a uma mudan\u00e7a transformadora. Algumas conjunturas refor\u00e7am o modelo preexistente. \u00c9 o caso da Argentina, a terra das grandes oportunidades muitas vezes desperdi\u00e7adas. O farol cultural da Am\u00e9rica Latina, hoje governado pela extrema direita que se disfar\u00e7a de liberal, mas age de forma pouco republicana. De crise em crise, desde a d\u00e9cada de 1970, a sociedade argentina n\u00e3o conseguiu superar o modelo de industrializa\u00e7\u00e3o por substitui\u00e7\u00e3o de importa\u00e7\u00f5es (ISI), apesar dos limites que ele mostrou. A abertura financeira acabou frustrando qualquer tentativa de crescimento com inclus\u00e3o. Qualquer pol\u00edtica que tente minimizar a volatilidade que acompanha a livre mobilidade de capitais \u00e9 amplamente combatida. Qualquer ferramenta que tenda a controlar os movimentos financeiros transfronteiri\u00e7os \u00e9 fortemente contestada. Para as elites, tudo isso soa como keynesianismo.<\/p>\n\n\n\n<p>O pa\u00eds tamb\u00e9m se caracteriza pela preval\u00eancia de um consenso extrativista, ontem patrocinado por governos neoliberais ou neodesenvolvimentistas, hoje implementado pelo governo de extrema direita e por l\u00edderes provinciais. A \u00fanica maneira de sair da crise em quest\u00e3o \u00e9 por meio dos recursos, um dos pontos centrais do grande &#8220;Acordo de Maio&#8221; proposto por Javier Milei. Isso significa, entre outras coisas, n\u00e3o desperdi\u00e7ar a oportunidade oferecida pela vaca morta.<a href=\"https:\/\/www.cronista.com\/infotechnology\/it-business\/una-empresa-extranjera-invirtio-us-20-millones-en-vaca-muerta-para-minar-bitcoins\/\"> Em Zapala, uma cidade na prov\u00edncia de Neuqu\u00e9n<\/a>, a eletricidade \u00e9 extremamente barata gra\u00e7as a v\u00e1rias vantagens fiscais e amplos subs\u00eddios. Pelo menos para os empres\u00e1rios envolvidos na minera\u00e7\u00e3o de criptomoedas, uma atividade que eles descrevem como um motor de desenvolvimento &#8211; obviamente com pouca preocupa\u00e7\u00e3o com seus efeitos sobre o meio ambiente.<\/p>\n\n\n\n<p>Se quisermos consertar a situa\u00e7\u00e3o do pa\u00eds de forma definitiva, n\u00e3o h\u00e1 outra op\u00e7\u00e3o a n\u00e3o ser o ajuste e a degrada\u00e7\u00e3o ambiental. Embora a austeridade puna muitos e beneficie poucos. Basta pensar nos setores que ganharam e perderam ap\u00f3s <a href=\"https:\/\/latinoamerica21.com\/pt-br\/javier-milei-rumo-a-3-meses-de-governo\/\">100 dias de La Libertad Avanza<\/a> no poder. &nbsp; Os sal\u00e1rios est\u00e3o sendo pulverizados, as pens\u00f5es est\u00e3o sendo liquefeitas, as demiss\u00f5es est\u00e3o aumentando, os escrit\u00f3rios p\u00fablicos est\u00e3o sendo fechados. Prop\u00f5e-se a elimina\u00e7\u00e3o das exce\u00e7\u00f5es \u00e0 lei das geleiras, para avan\u00e7ar com o extrativismo a todo custo. Enquanto isso, o custo da assist\u00eancia m\u00e9dica aumenta, os servi\u00e7os p\u00fablicos se tornam inacess\u00edveis, o aumento dos pre\u00e7os dos combust\u00edveis traz lucros extraordin\u00e1rios para as empresas petrol\u00edferas, o setor financeiro floresce enquanto as reservas de l\u00edtio s\u00e3o entregues a quem paga mais. E assim por diante. Liberdade para os capitais. Liberdade para poluir o meio ambiente. Para as elites, o jogo \u00e9 tudo ou nada. Em nome do mercado, justificam-se, com crueldade, os custos gerados pelas medidas. As maiorias sofrem enquanto o c\u00edrculo vermelho comemora.<\/p>\n\n\n\n<p>Felizmente, h\u00e1 muitos exemplos de crises econ\u00f4micas profundas que se transformaram em oportunidades. Esse \u00e9 o caso da Isl\u00e2ndia. Um pa\u00eds pequeno, tanto em termos populacionais quanto econ\u00f4micos, certamente muito menos relevante do que a Argentina no contexto internacional.<\/p>\n\n\n\n<p>Considerado um modelo por seu n\u00edvel de integra\u00e7\u00e3o financeira e abertura econ\u00f4mica, o pa\u00eds foi fortemente exposto pela crise financeira global (GFC) de 2008. A crise foi total. Al\u00e9m da queda abrupta no n\u00edvel de atividade, o sistema financeiro entrou em colapso: os tr\u00eas principais bancos faliram. Na \u00e9poca da GFC, os ativos combinados desses bancos representavam 14 vezes o PIB da Isl\u00e2ndia. Os investidores sentiram o cheiro de sangue, principalmente os sediados na Gr\u00e3-Bretanha &#8211; lembre-se de que essas institui\u00e7\u00f5es financeiras captaram grande parte de seus dep\u00f3sitos no centro financeiro de Londres. Mas as autoridades chegaram a um acordo hist\u00f3rico com o Fundo, que reconheceu a necessidade de reintroduzir os controles sobre os capitais transfronteiri\u00e7os.&nbsp;<\/p>\n\n\n\n<p>No<a href=\"https:\/\/www.imf.org\/en\/News\/Articles\/2015\/09\/14\/01\/49\/pr08296\"> Acordo <em>Stand-By<\/em> (SBA)<\/a>, assinado no final de 2008, a Isl\u00e2ndia concordou com o Fundo em introduzir controles de capitais cuja perman\u00eancia estava prevista para seis meses. Mas ser\u00e1 em 2017 que essas medidas come\u00e7ar\u00e3o a ser revertidas, embora parcialmente: o controle dura at\u00e9 2021. Ao mesmo tempo, o governo introduziu uma s\u00e9rie de regulamenta\u00e7\u00f5es com o objetivo de preservar a estabilidade do sistema financeiro dom\u00e9stico. Isso permitiu que as autoridades da ilha estabilizassem a taxa de c\u00e2mbio e reescalonassem sua d\u00edvida, diversificando a economia.<\/p>\n\n\n\n<p>A mudan\u00e7a pol\u00edtica, por outro lado, permitiu que Katr\u00edn Jakobsd\u00f3ttir chegasse ao poder em 2017. A partir desse momento, a primeira-ministra, que faz parte da coaliz\u00e3o esquerda-verde, come\u00e7ou a implementar uma s\u00e9rie de medidas pol\u00edticas transformadoras. Mas foi a pandemia primeiro e, em seguida, a invas\u00e3o da Ucr\u00e2nia que finalmente deram forma a uma nova vis\u00e3o. Com a eclos\u00e3o de novos eventos cr\u00edticos e o agravamento da crise geopol\u00edtica,<a href=\"https:\/\/www.ft.com\/content\/6432a24b-b7c4-4c2f-85a8-79108dbe0644\"> Jakobsd\u00f3ttir decidiu proibir a minera\u00e7\u00e3o de criptomoedas<\/a>, uma atividade que consumia mais eletricidade do que toda a popula\u00e7\u00e3o da ilha. Ao mesmo tempo, o governo introduziu um programa agr\u00edcola com o objetivo de fortalecer a seguran\u00e7a alimentar e energ\u00e9tica. Essa decis\u00e3o n\u00e3o \u00e9 isolada. Esse tipo de pol\u00edtica \u00e9 central em muitos pa\u00edses asi\u00e1ticos e \u00e9 vital para a China e a \u00cdndia. Ap\u00f3s a invas\u00e3o da Crimeia em 2014, a UE tamb\u00e9m come\u00e7ou a reconhecer a necessidade de tais medidas. A escalada da R\u00fassia fortaleceu essa pol\u00edtica.<\/p>\n","protected":false},"excerpt":{"rendered":"<p>As crises questionam, implicam a ocorr\u00eancia de momentos cr\u00edticos, pontos de ruptura, refletem um caminho repleto de riscos, mas tamb\u00e9m de oportunidades. E, assim como dirigir em uma estrada, observamos v\u00e1rios sinais.<\/p>\n","protected":false},"author":213,"featured_media":39615,"comment_status":"closed","ping_status":"closed","sticky":false,"template":"","format":"standard","meta":{"_acf_changed":false,"episode_type":"","audio_file":"","cover_image":"","cover_image_id":"","duration":"","filesize":"","filesize_raw":"","date_recorded":"","explicit":"","block":"","itunes_episode_number":"","itunes_title":"","itunes_season_number":"","itunes_episode_type":"","footnotes":""},"categories":[16784,16734,16750],"tags":[15839],"gps":[],"class_list":{"0":"post-39621","1":"post","2":"type-post","3":"status-publish","4":"format-standard","5":"has-post-thumbnail","7":"category-neoliberalismo-pt-br","8":"category-argentina-pt-br","9":"category-economia-pt-br","10":"tag-ideias-pt-br"},"acf":[],"_links":{"self":[{"href":"https:\/\/latinoamerica21.com\/pt-br\/wp-json\/wp\/v2\/posts\/39621","targetHints":{"allow":["GET"]}}],"collection":[{"href":"https:\/\/latinoamerica21.com\/pt-br\/wp-json\/wp\/v2\/posts"}],"about":[{"href":"https:\/\/latinoamerica21.com\/pt-br\/wp-json\/wp\/v2\/types\/post"}],"author":[{"embeddable":true,"href":"https:\/\/latinoamerica21.com\/pt-br\/wp-json\/wp\/v2\/users\/213"}],"replies":[{"embeddable":true,"href":"https:\/\/latinoamerica21.com\/pt-br\/wp-json\/wp\/v2\/comments?post=39621"}],"version-history":[{"count":0,"href":"https:\/\/latinoamerica21.com\/pt-br\/wp-json\/wp\/v2\/posts\/39621\/revisions"}],"wp:featuredmedia":[{"embeddable":true,"href":"https:\/\/latinoamerica21.com\/pt-br\/wp-json\/wp\/v2\/media\/39615"}],"wp:attachment":[{"href":"https:\/\/latinoamerica21.com\/pt-br\/wp-json\/wp\/v2\/media?parent=39621"}],"wp:term":[{"taxonomy":"category","embeddable":true,"href":"https:\/\/latinoamerica21.com\/pt-br\/wp-json\/wp\/v2\/categories?post=39621"},{"taxonomy":"post_tag","embeddable":true,"href":"https:\/\/latinoamerica21.com\/pt-br\/wp-json\/wp\/v2\/tags?post=39621"},{"taxonomy":"gps","embeddable":true,"href":"https:\/\/latinoamerica21.com\/pt-br\/wp-json\/wp\/v2\/gps?post=39621"}],"curies":[{"name":"wp","href":"https:\/\/api.w.org\/{rel}","templated":true}]}}