{"id":40090,"date":"2024-04-30T09:00:00","date_gmt":"2024-04-30T12:00:00","guid":{"rendered":"https:\/\/latinoamerica21.com\/?p=40090"},"modified":"2024-04-29T20:35:51","modified_gmt":"2024-04-29T23:35:51","slug":"principais-pontos-das-eleicoes-presidenciais-panamenhas","status":"publish","type":"post","link":"https:\/\/latinoamerica21.com\/pt-br\/principais-pontos-das-eleicoes-presidenciais-panamenhas\/","title":{"rendered":"Principais pontos das elei\u00e7\u00f5es presidenciais panamenhas"},"content":{"rendered":"\n<p>No domingo, 5 de maio, os cidad\u00e3os panamenhos eleger\u00e3o seu novo presidente, mas antes disso, as pesquisas realizadas nas \u00faltimas semanas revelaram uma s\u00e9rie de padr\u00f5es. <a href=\"https:\/\/www1.folha.uol.com.br\/mundo\/2024\/04\/favorito-em-eleicoes-no-panama-diz-que-vai-fechar-selva-de-darien.shtml\">Jos\u00e9 Ra\u00fal Mulino<\/a> ganha aproximadamente 25 a 30% dos votos, seguido por tr\u00eas candidatos com 15 a 10%: Martin Torrijos, R\u00f3mulo Roux e Ricardo Lombana. Com esses progn\u00f3sticos, \u00e9 complicado que o candidato Mulino n\u00e3o ven\u00e7a, porque trata-se de uma diferen\u00e7a de 10 pontos entre o primeiro e o segundo lugar, mas, sobretudo, porque h\u00e1 tr\u00eas candidatos com mais de 10% empatados em segundo lugar. Em uma elei\u00e7\u00e3o com grande fragmenta\u00e7\u00e3o de voto, distribu\u00eddo entre 8 candidatos, uma vit\u00f3ria com menos de 30% \u00e9 bem poss\u00edvel.<\/p>\n\n\n\n<p>Jos\u00e9 Ra\u00fal Mulino substituiu Ricardo Martinelli como candidato presidencial ao ser desqualificado por uma senten\u00e7a de mais de 10 anos de pris\u00e3o por lavagem de dinheiro. No momento, Mulino est\u00e1 aguardando outro processo judicial que pode levar \u00e0 sua desqualifica\u00e7\u00e3o por uma a\u00e7\u00e3o judicial de inconstitucionalidade de sua candidatura, embora a vota\u00e7\u00e3o antecipada tenha come\u00e7ado na ter\u00e7a-feira, 23 de abril, o que torna dif\u00edcil que essa decis\u00e3o v\u00e1 nesse sentido.<\/p>\n\n\n\n<p>Ricardo Martinelli \u00e9, h\u00e1 anos, o candidato que lidera todas as pesquisas, com aproximadamente 40% de apoio. Durante seu mandato, o ex-presidente Martinelli conseguiu capitalizar o momento de bonan\u00e7a econ\u00f4mica, criando um v\u00ednculo com grande parte dos setores populares. Por outro lado, sua lideran\u00e7a foi acompanhada por <a href=\"https:\/\/latinoamerica21.com\/pt-br\/panama-necessita-de-uma-politica-melhor-para-sair-da-crise\/\">v\u00e1rios processos judiciais<\/a> e o ex-presidente est\u00e1 atualmente asilado na embaixada da Nicar\u00e1gua, mas sua sombra \u00e9 longa e \u00e9 um dos grandes protagonistas da campanha, estando onipresente na propaganda de RM (partido pol\u00edtico que postula a candidatura de Mulino).<\/p>\n\n\n\n<p>A poucos dias das elei\u00e7\u00f5es, a decis\u00e3o sobre a candidatura de Mulino ainda n\u00e3o foi emitida e isso gera um n\u00edvel de incerteza que complica todo o processo eleitoral. De acordo com as normas panamenhas, o tribunal superior tem at\u00e9 6 de maio para apresentar uma minuta de resolu\u00e7\u00e3o, ou seja, um dia ap\u00f3s as elei\u00e7\u00f5es presidenciais.<\/p>\n\n\n\n<p>H\u00e1 <a href=\"https:\/\/www.prensa.com\/opinion\/factores-que-pueden-ser-determinantes-en-las-elecciones\/\">fatores imprevis\u00edveis que podem influenciar<\/a> os resultados finais, mas tamb\u00e9m h\u00e1 uma s\u00e9rie de vari\u00e1veis que podem ser medidas e t\u00eam capacidade de gerar mudan\u00e7as nos resultados das pesquisas, entre as quais destacaremos quatro: participa\u00e7\u00e3o, voto indeciso, voto jovem e territorialidade.<\/p>\n\n\n\n<p>A participa\u00e7\u00e3o nas elei\u00e7\u00f5es tende a ser um fator em muitos pa\u00edses, mas n\u00e3o no Panam\u00e1, que tem uma persistente alta participa\u00e7\u00e3o. Desde a transi\u00e7\u00e3o para a democracia, a participa\u00e7\u00e3o eleitoral sempre superou 70% e \u00e9 dif\u00edcil quebrar essa tend\u00eancia, mas \u00e9 importante considerar o desgaste conjuntural da pol\u00edtica partid\u00e1ria. Segundo a III Pesquisa CIEPS de Cidadania e Direitos, oito em cada dez pessoas veem de forma negativa ou muito negativa os partidos pol\u00edticos, portanto, n\u00e3o se deve descartar que, em algum momento, essa rejei\u00e7\u00e3o aos partidos possa influenciar o comparecimento \u00e0s urnas.<\/p>\n\n\n\n<p>Quanto aos eleitores indecisos, no in\u00edcio da campanha eleitoral a m\u00eddia alertou sobre o alto n\u00edvel de indecis\u00e3o, mas esse efeito tem diminu\u00eddo. Mesmo assim, cabe destacar que, nas pesquisas realizadas em abril, a poucos dias das elei\u00e7\u00f5es, encontramos altos n\u00edveis de eleitores indecisos, superando 10% e, em alguns casos, chegando a 23%, algo que n\u00e3o \u00e9 frequente nos processos eleitorais panamenhos. \u00c9 poss\u00edvel que esse voto n\u00e3o se agrupe, mas se disperse, mas se se concentrar em uma das candidaturas, poderia introduzir mudan\u00e7as importantes nos resultados finais.<\/p>\n\n\n\n<p>Outra vari\u00e1vel importante \u00e9 o voto jovem. Das 3.004.083 pessoas aptas a votar em 2024, 29% t\u00eam entre 18 e 30 anos de idade, o que equivale a 871.184 votos; al\u00e9m disso, os eleitores entre 31 e 40 anos de idade representam outros 19%, cerca de 570.775 votos, o que, junto, representa quase metade da lista eleitoral. Historicamente, os jovens t\u00eam uma participa\u00e7\u00e3o eleitoral menor em compara\u00e7\u00e3o aos outros grupos et\u00e1rios, mas se um candidato for capaz de atrair o interesse da maioria deles, ter\u00e1 op\u00e7\u00f5es para ganhar.&nbsp;<\/p>\n\n\n\n<p>Mas h\u00e1 outro fator, menos analisado, que pode ser de grande relev\u00e2ncia: a territorialidade. O Panam\u00e1, como outros pa\u00edses da regi\u00e3o, tem uma distribui\u00e7\u00e3o populacional muito irregular pois, segundo o censo de 2023, 65,8% da popula\u00e7\u00e3o reside em \u00e1reas urbanas, mas menos de 5% dos munic\u00edpios s\u00e3o caracterizados como urbanos. H\u00e1 mais de 1,3 milh\u00e3o de pessoas que residem em zonas rurais e que agrupam a maioria dos munic\u00edpios, mas com uma grande dispers\u00e3o geogr\u00e1fica.&nbsp;&nbsp;&nbsp;<\/p>\n\n\n\n<p>As pesquisas pr\u00e9-eleitorais t\u00eam dificuldades para coletar informa\u00e7\u00f5es em \u00e1reas rurais e ind\u00edgenas por sua dispers\u00e3o populacional e por essas pesquisas terem um pequeno tamanho amostral, em torno de 1.200 entrevistas, o que faz com que essas zonas sejam pouco entrevistas nos desenhos amostrais, e o trabalho de campo para essas pesquisas \u00e9 realizado em menos de uma semana. Na Pesquisa CIEPS de Cidadania e Direitos, duas subamostras s\u00e3o projetadas para obter informa\u00e7\u00f5es suficientemente descritivas para todas as prov\u00edncias e comarcas, e leva cerca de um m\u00eas para obter toda a amostra, basicamente pela dificuldade de coletar informa\u00e7\u00f5es em territ\u00f3rios rurais e ind\u00edgenas.<\/p>\n\n\n\n<p>Nos arquivos de alguns entrevistadores, descobrimos que n\u00e3o entrevistam em comarcas ind\u00edgenas ou no <a href=\"https:\/\/www1.folha.uol.com.br\/mundo\/2024\/03\/em-darien-uma-selva-no-miolo-das-americas-vimos-um-sofrimento-global.shtml\">Dari\u00e9n<\/a>, possivelmente pelas raz\u00f5es mencionadas acima, unido a dif\u00edcil acessibilidade de algumas \u00e1reas. No caso de um dos entrevistadores registrados no Tribunal Eleitoral, pode-se observar em sua ficha t\u00e9cnica que n\u00e3o entrevistam em Dari\u00e9n ou em comarcas ind\u00edgenas, nem mesmo em Bocas del Toro, que correspondem aos circuitos eleitorais 1-1, 5-1, 5-2, 10-1, 10-2, 12-1, 12-2 e 12-3, ou seja, mais de 11% da lista eleitoral, que equivale a cerca de 335.251 pessoas. Nessas pesquisas, o candidato Mulino obteve resultados magn\u00edficos, superando a barreira dos 30% (37% em uma pesquisa realizada em mar\u00e7o e 34% em abril), possivelmente porque a for\u00e7a desse candidato \u00e9 menor nessas prov\u00edncias.<\/p>\n\n\n\n<p>Nas elei\u00e7\u00f5es de 2019, o candidato vencedor perdeu na prov\u00edncia do Panam\u00e1, o que \u00e9 um marco hist\u00f3rico. Laurentino \u201cNito\u201d Cortizo ganhou com pouco mais de 30%, mas nessas elei\u00e7\u00f5es \u00e9 poss\u00edvel que o vencedor n\u00e3o chegue a 30%. Em um contexto de alta fragmenta\u00e7\u00e3o de votos, as zonas rurais e ind\u00edgenas podem ter um papel importante nos resultados finais.<\/p>\n","protected":false},"excerpt":{"rendered":"<p>Ricardo Martinelli liderou as pesquisas por anos. Mas ao ser desqualificado por uma senten\u00e7a de mais de 10 anos de pris\u00e3o por lavagem de dinheiro, foi substitu\u00eddo por Jos\u00e9 Ra\u00fal Mulino que se perfila como prov\u00e1vel ganhador. <\/p>\n","protected":false},"author":363,"featured_media":40087,"comment_status":"closed","ping_status":"closed","sticky":false,"template":"","format":"standard","meta":{"_acf_changed":false,"episode_type":"","audio_file":"","cover_image":"","cover_image_id":"","duration":"","filesize":"","filesize_raw":"","date_recorded":"","explicit":"","block":"","itunes_episode_number":"","itunes_title":"","itunes_season_number":"","itunes_episode_type":"","footnotes":""},"categories":[16770,16711,16936],"tags":[17187],"gps":[],"class_list":{"0":"post-40090","1":"post","2":"type-post","3":"status-publish","4":"format-standard","5":"has-post-thumbnail","7":"category-democracia-pt-br","8":"category-elecciones-pt-br","9":"category-panama-es-pt-br","10":"tag-debates-2"},"acf":[],"_links":{"self":[{"href":"https:\/\/latinoamerica21.com\/pt-br\/wp-json\/wp\/v2\/posts\/40090","targetHints":{"allow":["GET"]}}],"collection":[{"href":"https:\/\/latinoamerica21.com\/pt-br\/wp-json\/wp\/v2\/posts"}],"about":[{"href":"https:\/\/latinoamerica21.com\/pt-br\/wp-json\/wp\/v2\/types\/post"}],"author":[{"embeddable":true,"href":"https:\/\/latinoamerica21.com\/pt-br\/wp-json\/wp\/v2\/users\/363"}],"replies":[{"embeddable":true,"href":"https:\/\/latinoamerica21.com\/pt-br\/wp-json\/wp\/v2\/comments?post=40090"}],"version-history":[{"count":0,"href":"https:\/\/latinoamerica21.com\/pt-br\/wp-json\/wp\/v2\/posts\/40090\/revisions"}],"wp:featuredmedia":[{"embeddable":true,"href":"https:\/\/latinoamerica21.com\/pt-br\/wp-json\/wp\/v2\/media\/40087"}],"wp:attachment":[{"href":"https:\/\/latinoamerica21.com\/pt-br\/wp-json\/wp\/v2\/media?parent=40090"}],"wp:term":[{"taxonomy":"category","embeddable":true,"href":"https:\/\/latinoamerica21.com\/pt-br\/wp-json\/wp\/v2\/categories?post=40090"},{"taxonomy":"post_tag","embeddable":true,"href":"https:\/\/latinoamerica21.com\/pt-br\/wp-json\/wp\/v2\/tags?post=40090"},{"taxonomy":"gps","embeddable":true,"href":"https:\/\/latinoamerica21.com\/pt-br\/wp-json\/wp\/v2\/gps?post=40090"}],"curies":[{"name":"wp","href":"https:\/\/api.w.org\/{rel}","templated":true}]}}