{"id":40257,"date":"2024-05-06T09:00:00","date_gmt":"2024-05-06T12:00:00","guid":{"rendered":"https:\/\/latinoamerica21.com\/?p=40257"},"modified":"2024-05-06T16:34:11","modified_gmt":"2024-05-06T19:34:11","slug":"para-ganhar-sheinbaum-precisa-perder","status":"publish","type":"post","link":"https:\/\/latinoamerica21.com\/pt-br\/para-ganhar-sheinbaum-precisa-perder\/","title":{"rendered":"Para ganhar, Sheinbaum precisa perder"},"content":{"rendered":"\n<p>Em uma confer\u00eancia que deu recentemente a empres\u00e1rios, Enrique Krauze, o renomado historiador, escritor e ensa\u00edsta mexicano, observou com preocupa\u00e7\u00e3o que <a href=\"https:\/\/www1.folha.uol.com.br\/mundo\/2023\/09\/mexico-tera-duas-mulheres-como-principais-candidatas-a-presidencia-pela-1a-vez.shtml\">Claudia Sheinbaum<\/a>, a candidata presidencial da coaliz\u00e3o esquerdista Juntos Hacemos Historia, &#8220;n\u00e3o se afastou um mil\u00edmetro sequer do presidente L\u00f3pez Obrador&#8221;. O escritor Jorge Volpi tamb\u00e9m fez essa observa\u00e7\u00e3o em outra ocasi\u00e3o, explicando que, se isso acontecesse, mostraria a independ\u00eancia de Claudia e a diferen\u00e7a entre as duas figuras pol\u00edticas, uma de esquerda e outra do PRI.<\/p>\n\n\n\n<p>No entanto, Krauze est\u00e1 errado: h\u00e1 um motivo de forma e outro de subst\u00e2ncia nessa simbiose entre o presidente mexicano e a candidata do movimento obradorista. O motivo formal \u00e9 explicado pelo fato de que faz parte de uma estrat\u00e9gia eleitoral que busca unificar as diversas correntes que comp\u00f5em o partido Morena e transmitir \u00e0s suas bases que Sheinbaum \u00e9 o pr\u00f3prio presidente. E a raz\u00e3o subjacente implica que o projeto de mudan\u00e7a de regime continuar\u00e1 se essa candidata vencer por uma ampla margem. A primeira raz\u00e3o pode ser compreens\u00edvel, j\u00e1 que <a href=\"https:\/\/www.forbes.com.mx\/la-aprobacion-de-amlo-sube-al-60-a-un-mes-de-las-elecciones\/\">o presidente tem um \u00edndice de aprova\u00e7\u00e3o de 60%<\/a> &#8211; mesmo que suas pol\u00edticas p\u00fablicas n\u00e3o o sejam e sofram cr\u00edticas frequentes &#8211; que \u00e9 mantido por uma oposi\u00e7\u00e3o desacreditada, mas que, pelo menos nas elei\u00e7\u00f5es federais, continua a ser um contrapeso parlamentar para a defesa da Constitui\u00e7\u00e3o e das institui\u00e7\u00f5es da democracia.<\/p>\n\n\n\n<p>Embora a maioria das pesquisas de opini\u00e3o d\u00ea vantagem \u00e0 candidata do partido governista, nada parece indicar que, nas elei\u00e7\u00f5es simult\u00e2neas de 2 de junho, os resultados permitir\u00e3o \u00e0 coaliz\u00e3o governista uma maioria qualificada &#8211; mais de 66% dos votos para o Congresso da Uni\u00e3o &#8211; para dar continuidade ao chamado Plano C de Obrador, cujo principal objetivo \u00e9 capturar a Suprema Corte de Justi\u00e7a e o desaparecimento dos \u00f3rg\u00e3os aut\u00f4nomos que s\u00e3o os pilares da democracia mexicana.<\/p>\n\n\n\n<p>E o fato \u00e9 que, de acordo com as elei\u00e7\u00f5es de meio de mandato de 2021 e as pesquisas historicamente mais precisas, a oposi\u00e7\u00e3o poderia prejudicar as contas que s\u00e3o feitas no Pal\u00e1cio Nacional e isso levaria, se Claudia Sheinbaum ganhar a presid\u00eancia, \u00e0 forma\u00e7\u00e3o de um governo sem a maioria qualificada para realizar as reformas que o presidente L\u00f3pez Obrador tentou sem \u00eaxito e com aborrecimento.&nbsp;<\/p>\n\n\n\n<p>\u00c9 isso que est\u00e1 surgindo, embora Claudia Sheinbaum n\u00e3o se desvie um mil\u00edmetro do roteiro que lhe foi imposto pelo Pal\u00e1cio Nacional e seus aliados mais radicais, como vimos na fase anterior e no pr\u00f3prio <a href=\"https:\/\/latinoamerica21.com\/pt-br\/mexico-radiografia-hemerografica-de-um-mes-de-campanha\/\">segundo debate presidencial<\/a>. Nesse novo interc\u00e2mbio, ela saiu em defesa das obras governamentais de seu tutor pol\u00edtico, algo que n\u00e3o fez no primeiro debate e que lhe rendeu uma chamada de aten\u00e7\u00e3o por meio de c\u00e1psulas publicadas no jornal pr\u00f3-Obrador La Jornada e a levou a lan\u00e7ar uma intensa campanha publicit\u00e1ria na qual a candidata oficial defende L\u00f3pez Obrador com todas as suas for\u00e7as.<\/p>\n\n\n\n<p>Em nossa opini\u00e3o, essa a\u00e7\u00e3o \u00e9 um erro estrat\u00e9gico, pois ser\u00e1 uma mensagem dirigida principalmente ao eleitor fiel, inamov\u00edvel e pr\u00f3-Obrador, mas n\u00e3o aos cidad\u00e3os indecisos e ao eleitor pragm\u00e1tico, <em>switcher<\/em>, urbanizado, que representa cerca de 30% da lista nominal de eleitores e que, em sua maioria, est\u00e1 determinado a sair para votar e, se o fizer, poder\u00e1 significar a diferen\u00e7a entre as duas grandes coaliz\u00f5es eleitorais. A prop\u00f3sito, X\u00f3chilt G\u00e1lvez, o candidato da oposi\u00e7\u00e3o, certamente est\u00e1 aproveitando esse vazio discursivo para tentar conquistar esse eleitorado.<\/p>\n\n\n\n<p>Entretanto, no caso hipot\u00e9tico de o risco de derrota presidencial ser evitado, mas seu governo n\u00e3o conseguir uma maioria qualificada em ambas as c\u00e2maras legislativas, a boa not\u00edcia para Sheinbaum \u00e9 que ela poderia n\u00e3o apenas aumentar seu espa\u00e7o de manobra e independ\u00eancia, mas tamb\u00e9m sua capacidade de negociar com a oposi\u00e7\u00e3o para garantir a estabilidade do pa\u00eds e n\u00e3o entrar para a hist\u00f3ria como a presidente que poderia se livrar da tutela de um ex-presidente e n\u00e3o o fez.<\/p>\n\n\n\n<p>Em resumo, e com as palavras de Krauze e Volpi expressando a preocupa\u00e7\u00e3o de um segmento anti-Obrador da intelectualidade mexicana, a boa not\u00edcia \u00e9 que os melhores progn\u00f3sticos do partido governista n\u00e3o s\u00e3o suficientes para que ele obtenha a sonhada maioria qualificada no Congresso para continuar a mudan\u00e7a de regime autocr\u00e1tico que envolve reformas constitucionais e a destrui\u00e7\u00e3o das institui\u00e7\u00f5es da democracia mexicana.<\/p>\n","protected":false},"excerpt":{"rendered":"<p>Se a candidata do governo ganhar sem maioria qualificada em ambas as c\u00e2maras, a boa not\u00edcia \u00e9 que poder\u00e1 n\u00e3o s\u00f3 ampliar sua margem de manobra e independ\u00eancia, e sua capacidade de negocia\u00e7\u00e3o com a oposi\u00e7\u00e3o, mas tamb\u00e9m n\u00e3o entrar\u00e1 para a hist\u00f3ria como a presidente tutelada.<\/p>\n","protected":false},"author":331,"featured_media":40245,"comment_status":"closed","ping_status":"closed","sticky":false,"template":"","format":"standard","meta":{"_acf_changed":false,"episode_type":"","audio_file":"","cover_image":"","cover_image_id":"","duration":"","filesize":"","filesize_raw":"","date_recorded":"","explicit":"","block":"","itunes_episode_number":"","itunes_title":"","itunes_season_number":"","itunes_episode_type":"","footnotes":""},"categories":[16706,16711],"tags":[17187],"gps":[],"class_list":{"0":"post-40257","1":"post","2":"type-post","3":"status-publish","4":"format-standard","5":"has-post-thumbnail","7":"category-mexico-pt-br","8":"category-elecciones-pt-br","9":"tag-debates-2"},"acf":[],"_links":{"self":[{"href":"https:\/\/latinoamerica21.com\/pt-br\/wp-json\/wp\/v2\/posts\/40257","targetHints":{"allow":["GET"]}}],"collection":[{"href":"https:\/\/latinoamerica21.com\/pt-br\/wp-json\/wp\/v2\/posts"}],"about":[{"href":"https:\/\/latinoamerica21.com\/pt-br\/wp-json\/wp\/v2\/types\/post"}],"author":[{"embeddable":true,"href":"https:\/\/latinoamerica21.com\/pt-br\/wp-json\/wp\/v2\/users\/331"}],"replies":[{"embeddable":true,"href":"https:\/\/latinoamerica21.com\/pt-br\/wp-json\/wp\/v2\/comments?post=40257"}],"version-history":[{"count":0,"href":"https:\/\/latinoamerica21.com\/pt-br\/wp-json\/wp\/v2\/posts\/40257\/revisions"}],"wp:featuredmedia":[{"embeddable":true,"href":"https:\/\/latinoamerica21.com\/pt-br\/wp-json\/wp\/v2\/media\/40245"}],"wp:attachment":[{"href":"https:\/\/latinoamerica21.com\/pt-br\/wp-json\/wp\/v2\/media?parent=40257"}],"wp:term":[{"taxonomy":"category","embeddable":true,"href":"https:\/\/latinoamerica21.com\/pt-br\/wp-json\/wp\/v2\/categories?post=40257"},{"taxonomy":"post_tag","embeddable":true,"href":"https:\/\/latinoamerica21.com\/pt-br\/wp-json\/wp\/v2\/tags?post=40257"},{"taxonomy":"gps","embeddable":true,"href":"https:\/\/latinoamerica21.com\/pt-br\/wp-json\/wp\/v2\/gps?post=40257"}],"curies":[{"name":"wp","href":"https:\/\/api.w.org\/{rel}","templated":true}]}}