{"id":40491,"date":"2024-05-15T09:00:00","date_gmt":"2024-05-15T12:00:00","guid":{"rendered":"https:\/\/latinoamerica21.com\/?p=40491"},"modified":"2024-05-13T11:47:00","modified_gmt":"2024-05-13T14:47:00","slug":"agua-escassa-um-enfoque-ambiental-para-a-sustentabilidade","status":"publish","type":"post","link":"https:\/\/latinoamerica21.com\/pt-br\/agua-escassa-um-enfoque-ambiental-para-a-sustentabilidade\/","title":{"rendered":"\u00c1gua escassa: um enfoque ambiental para a sustentabilidade"},"content":{"rendered":"\n<p>J\u00e1 deve ter ouvido ou lido que a Terra \u00e9 conhecida como o \u201cplaneta azul\u201d, pois vista do espa\u00e7o, a cor de seus oceanos \u00e9 a predominante. Nosso planeta \u00e9 coberto por 70% de \u00e1gua, 97,5% dessa \u00e1gua \u00e9 salgada (forma mares e oceanos) e s\u00f3 2,5% \u00e9 \u00e1gua doce, dos quais s\u00f3 0,3% est\u00e1 em lagos e rios de onde nossas sociedades retiram a maior parte da \u00e1gua que utilizam. O resto est\u00e1 na forma de gelo (geleiras e calotas polares) e \u00e1gua subterr\u00e2nea.<\/p>\n\n\n\n<p>Segundo <a href=\"https:\/\/www.bancomundial.org\/es\/topic\/water\/overview\">dados do Banco Mundial<\/a>, cerca de 2 bilh\u00f5es de pessoas em todo o mundo n\u00e3o t\u00eam acesso a servi\u00e7os de \u00e1gua pot\u00e1vel gerenciados com seguran\u00e7a, 3,6 bilh\u00f5es n\u00e3o t\u00eam servi\u00e7os de saneamento seguro e 2,3 bilh\u00f5es carecem de instala\u00e7\u00f5es b\u00e1sicas para lavar as m\u00e3os. A \u00e1gua \u00e9, literalmente, a ess\u00eancia da vida. \u00c9 absolutamente essencial para a sa\u00fade humana, a produ\u00e7\u00e3o de alimentos e o saneamento, assim como para o progresso econ\u00f4mico, transporte, produ\u00e7\u00e3o de energia, erradica\u00e7\u00e3o da pobreza e desenvolvimento sustent\u00e1vel.<\/p>\n\n\n\n<p>As brechas no acesso a fontes de abastecimento de \u00e1gua e saneamento, o crescimento demogr\u00e1fico, o uso intensivo de \u00e1gua, a maior variabilidade das chuvas e a polui\u00e7\u00e3o s\u00e3o fatores que se conjugam em muitos lugares da Am\u00e9rica Latina, transformando a \u00e1gua em um bem que gera as principais crises da regi\u00e3o. A Am\u00e9rica Latina n\u00e3o s\u00f3 tem uma distribui\u00e7\u00e3o geogr\u00e1fica desigual da \u00e1gua, com zonas extraordinariamente ricas e outras mais secas, mas tamb\u00e9m 80% das chuvas se concentram em poucos meses do ano.<\/p>\n\n\n\n<p>Se agregarmos ao exposto acima que, segundo o Painel Intergovernamental sobre Mudan\u00e7as Clim\u00e1ticas (IPCC, sigla em ingl\u00eas), a variabilidade clim\u00e1tica (a parte natural do clima \u2013 n\u00e3o antr\u00f3pica \u2013 por exemplo, causada por El Ni\u00f1o Oscila\u00e7\u00e3o Sul e outros fen\u00f4menos naturais) e as Mudan\u00e7as Clim\u00e1ticas (mudan\u00e7as clim\u00e1ticas antropog\u00eanicas, ou seja, causadas pelos humanos), tornaram os fen\u00f4menos meteorol\u00f3gicos, como enchentes e secas, cada vez mais extremos; Ent\u00e3o \u00e9 f\u00e1cil supor que os danos sociais associados ser\u00e3o cada vez mais prov\u00e1veis e intensos. Essa din\u00e2mica aumentar\u00e1 ainda mais com cada grau de aquecimento global.<\/p>\n\n\n\n<p>Todos os pa\u00edses, sem exce\u00e7\u00e3o, devem estar plenamente cientes da disponibilidade atual e futura da \u00e1gua, e das estrat\u00e9gias para uma gest\u00e3o eficaz da \u00e1gua. A \u00e1gua de uma cidade constitui um componente chave que incide sobre as complexas condi\u00e7\u00f5es ambientais que sustentam as popula\u00e7\u00f5es humanas. A disponibilidade, a qualidade e o abastecimento de \u00e1gua em muitas cidades latino-americanas est\u00e3o inter-relacionados nas regi\u00f5es urbanas devido aos seguintes fatores: falta de \u00e1gua pot\u00e1vel de boa qualidade que chegue a todas as comunidades, em especial nas zonas perif\u00e9ricas, devido \u00e0 polui\u00e7\u00e3o e \u00e0 contamina\u00e7\u00e3o causadas pelo uso intensivo do solo e\/ou pela falta de tratamento de \u00e1guas residuais (a prolifera\u00e7\u00e3o de lix\u00f5es a c\u00e9u aberto e o descarte de res\u00edduos s\u00f3lidos em todos os lugares se tornaram um problema significativo na contamina\u00e7\u00e3o de fontes superficiais e subterr\u00e2neas), bem como a eutrofiza\u00e7\u00e3o devido a fontes pontuais e n\u00e3o pontuais de nutrientes.<\/p>\n\n\n\n<p>Os componentes de <a href=\"https:\/\/latinoamerica21.com\/pt-br\/rumo-a-uma-nova-politica-de-agua-na-america-latina\/\">um programa de gest\u00e3o de \u00e1gua<\/a> exitoso s\u00e3o bem conhecidos na regi\u00e3o e existem numerosos estudos acad\u00eamicos e da comunidade cient\u00edfica; alguns componentes est\u00e3o resumidos abaixo.<\/p>\n\n\n\n<p>Reciclagem e reutiliza\u00e7\u00e3o: Isso significa que s\u00f3 h\u00e1 duas maneiras de reduzir o volume de poluentes: 1) reduzir o influxo ou 2) reciclar e reutilizar os materiais despejados no meio ambiente. A reciclagem \u00e9 praticada em um grau ou outro em todo o hemisf\u00e9rio, mas \u00e9 necess\u00e1rio aumentar&nbsp; a magnitude dos programas de reciclagem.<\/p>\n\n\n\n<p>Monitoramento: o monitoramento e a gera\u00e7\u00e3o de dados devem ocorrer normalmente pelo governo central devido \u00e0 interdepend\u00eancia das \u00e1guas que fluem entre estados, prov\u00edncias ou regi\u00f5es dos pa\u00edses.<\/p>\n\n\n\n<p>Programas de pesquisa: Os programas de manejo devem se basear na ci\u00eancia da qualidade da \u00e1gua para serem eficazes. \u00c0 medida que o crescimento econ\u00f4mico e demogr\u00e1fico avan\u00e7a, o problema da gest\u00e3o da qualidade da \u00e1gua se torna mais amplo e complicado. Isso exige mais pesquisas cient\u00edficas para entender a natureza do problema e as medidas adequadas para combat\u00ea-lo.<\/p>\n\n\n\n<p>Pol\u00edtica e governan\u00e7a: a gest\u00e3o da \u00e1gua tamb\u00e9m requer um conjunto eficaz de institui\u00e7\u00f5es para definir pol\u00edticas, monitorar os resultados e fazer cumprir as regras e pol\u00edticas resultantes. Isso requer marcos legais adequados, \u00f3rg\u00e3os p\u00fablicos, pol\u00edticas e mecanismos de aplica\u00e7\u00e3o.<\/p>\n\n\n\n<p>Por fim, a \u00e1gua afeta todos os aspectos do desenvolvimento e est\u00e1 relacionada \u00e0 maioria dos Objetivos de Desenvolvimento Sustent\u00e1vel (ODS), da\u00ed a necessidade de abordar as quest\u00f5es da \u00e1gua de maneira integral, interdisciplinar e transdisciplinar.<\/p>\n\n\n\n<p><sub><em>*Colaboraram na produ\u00e7\u00e3o deste texto: Jos\u00e9 F\u00e1brega-Duque, Reinhardt Pinz\u00f3n e Elsa Flores<\/em><\/sub><\/p>\n","protected":false},"excerpt":{"rendered":"<p>A \u00e1gua afeta todos os aspectos do desenvolvimento, da\u00ed a necessidade de abordar sua problem\u00e1tica de maneira integral, interdisciplinar e transdisciplinar.<\/p>\n","protected":false},"author":439,"featured_media":40456,"comment_status":"closed","ping_status":"closed","sticky":false,"template":"","format":"standard","meta":{"_acf_changed":false,"episode_type":"","audio_file":"","cover_image":"","cover_image_id":"","duration":"","filesize":"","filesize_raw":"","date_recorded":"","explicit":"","block":"","itunes_episode_number":"","itunes_title":"","itunes_season_number":"","itunes_episode_type":"","footnotes":""},"categories":[16897,17065],"tags":[17187],"gps":[],"class_list":{"0":"post-40491","1":"post","2":"type-post","3":"status-publish","4":"format-standard","5":"has-post-thumbnail","7":"category-cambio-climatico-pt-br","8":"category-agua-pt-br","9":"tag-debates-2"},"acf":[],"_links":{"self":[{"href":"https:\/\/latinoamerica21.com\/pt-br\/wp-json\/wp\/v2\/posts\/40491","targetHints":{"allow":["GET"]}}],"collection":[{"href":"https:\/\/latinoamerica21.com\/pt-br\/wp-json\/wp\/v2\/posts"}],"about":[{"href":"https:\/\/latinoamerica21.com\/pt-br\/wp-json\/wp\/v2\/types\/post"}],"author":[{"embeddable":true,"href":"https:\/\/latinoamerica21.com\/pt-br\/wp-json\/wp\/v2\/users\/439"}],"replies":[{"embeddable":true,"href":"https:\/\/latinoamerica21.com\/pt-br\/wp-json\/wp\/v2\/comments?post=40491"}],"version-history":[{"count":0,"href":"https:\/\/latinoamerica21.com\/pt-br\/wp-json\/wp\/v2\/posts\/40491\/revisions"}],"wp:featuredmedia":[{"embeddable":true,"href":"https:\/\/latinoamerica21.com\/pt-br\/wp-json\/wp\/v2\/media\/40456"}],"wp:attachment":[{"href":"https:\/\/latinoamerica21.com\/pt-br\/wp-json\/wp\/v2\/media?parent=40491"}],"wp:term":[{"taxonomy":"category","embeddable":true,"href":"https:\/\/latinoamerica21.com\/pt-br\/wp-json\/wp\/v2\/categories?post=40491"},{"taxonomy":"post_tag","embeddable":true,"href":"https:\/\/latinoamerica21.com\/pt-br\/wp-json\/wp\/v2\/tags?post=40491"},{"taxonomy":"gps","embeddable":true,"href":"https:\/\/latinoamerica21.com\/pt-br\/wp-json\/wp\/v2\/gps?post=40491"}],"curies":[{"name":"wp","href":"https:\/\/api.w.org\/{rel}","templated":true}]}}