{"id":40725,"date":"2024-05-23T09:00:00","date_gmt":"2024-05-23T12:00:00","guid":{"rendered":"https:\/\/latinoamerica21.com\/?p=40725"},"modified":"2024-05-22T16:57:12","modified_gmt":"2024-05-22T19:57:12","slug":"china-e-equador-influencia-midiatica-do-novo-tlc","status":"publish","type":"post","link":"https:\/\/latinoamerica21.com\/pt-br\/china-e-equador-influencia-midiatica-do-novo-tlc\/","title":{"rendered":"China e Equador: Influ\u00eancia midi\u00e1tica do novo TLC"},"content":{"rendered":"\n<p>Equador e China entram em um novo ciclo de rela\u00e7\u00f5es comerciais. Desde 1\u00ba de maio de 2024, o gigante asi\u00e1tico e a pequena na\u00e7\u00e3o sul-americana come\u00e7aram a implementar o Tratado de Livre Com\u00e9rcio (TLC), com foco na \u201ccoopera\u00e7\u00e3o econ\u00f4mica e coopera\u00e7\u00e3o bilateral\u201d. A esperan\u00e7a de implementar a liberaliza\u00e7\u00e3o do com\u00e9rcio e fomentar investimentos, al\u00e9m de facilitar o desenvolvimento econ\u00f4mico e social, \u00e9 uma das esperan\u00e7as de um Equador atingido por uma crise em seus cofres fiscais e altos n\u00edveis de viol\u00eancia. Nesse cen\u00e1rio de evidente instabilidade pol\u00edtica, o acordo foi recebido com cr\u00edticas por v\u00e1rios setores da sociedade equatoriana, com evidentes implica\u00e7\u00f5es no \u00e2mbito midi\u00e1tico.<\/p>\n\n\n\n<p>De fato, os meios de comunica\u00e7\u00e3o tiveram uma influ\u00eancia significativa na forma\u00e7\u00e3o da opini\u00e3o p\u00fablica sobre o acordo comercial. Dos 89 artigos publicados nos portais digitais da m\u00eddia local e internacional entre 15 de fevereiro de 2024 (quando a Assembleia Nacional ratificou o acordo) e 30 de abril de 2024 (um dia antes da entrada em vigor do mesmo), pelo menos 32% deles inclu\u00edram os termos \u201ctemor\u201d, \u201cdesigualdade\u201d e \u201cpreocupa\u00e7\u00e3o\u201d ao se referirem ao TLC Equador-China. A\u00e7\u00f5es de prote\u00e7\u00e3o das economias locais equatorianas e o cuidado com meio ambiente foram dois dos temas mais recorrentes entre os especialistas convidados a participar dos di\u00e1logos jornal\u00edsticos em espanhol.<\/p>\n\n\n\n<p>\u00c9 ineg\u00e1vel que a abertura do acordo comercial chin\u00eas com uma na\u00e7\u00e3o latino-americana reflete sua inten\u00e7\u00e3o de buscar aliados n\u00e3o ocidentais para diversificar sua economia em resposta \u00e0 globaliza\u00e7\u00e3o e \u00e0 crescente multipolaridade. Nos \u00faltimos anos, a <a href=\"https:\/\/latinoamerica21.com\/pt-br\/o-forum-china-celac-10-anos-depois-de-sua-criacao\/\">China mostrou um interesse crescente na Am\u00e9rica Latina<\/a>, especialmente em com\u00e9rcio e investimentos, com iniciativas focadas em financiar os governos dessa regi\u00e3o e no interc\u00e2mbio tecnol\u00f3gico, entre outros \u00e2mbitos.<\/p>\n\n\n\n<p>Isso, por sua vez, \u00e9 um sinal do aumento geral da presen\u00e7a da China em um sistema internacional que exige maior financiamento p\u00f3s-covid e rotas comerciais para aliviar os efeitos das crises econ\u00f4mico-sanit\u00e1rias. Nessa linha, somente no caso Equador-China, estima-se que haver\u00e1 uma elimina\u00e7\u00e3o gradual de tarifas para 99,6% das exporta\u00e7\u00f5es do pa\u00eds sul-americano em uma d\u00e9cada.<\/p>\n\n\n\n<p><strong>A m\u00eddia e a opini\u00e3o p\u00fablica<\/strong><\/p>\n\n\n\n<p>\u00c9 inquestion\u00e1vel que a interpreta\u00e7\u00e3o midi\u00e1tica da pol\u00edtica internacional molda a opini\u00e3o p\u00fablica. No caso desse acordo, h\u00e1 dois setores sobre os quais gira a produ\u00e7\u00e3o de conte\u00fado jornal\u00edstico: automotivo e pl\u00e1sticos. Por um lado, a m\u00eddia tem ecoado o impacto que esse TLC ter\u00e1 na redu\u00e7\u00e3o dos custos de venda dos carros chineses, que em mar\u00e7o de 2024 lideraram o mercado equatoriano com 4.760 ve\u00edculos vendidos (36% do total de vendas nesse m\u00eas).<\/p>\n\n\n\n<p>Mas, por outro lado, o pl\u00e1stico \u00e9 outra das quest\u00f5es abordadas nesse processo comercial. Um m\u00eas antes da ratifica\u00e7\u00e3o do acordo, v\u00e1rios meios de comunica\u00e7\u00e3o equatorianos ressaltaram o fato de que esse instrumento poderia ser uma desculpa para a importa\u00e7\u00e3o de res\u00edduos. Apesar disso, desde a data da ratifica\u00e7\u00e3o at\u00e9 30 de abril, o tema foi para segundo plano, com \u00eanfase na diminui\u00e7\u00e3o dos pre\u00e7os dos carros e nas poss\u00edveis vantagens para o setor agropecu\u00e1rio equatoriano.<\/p>\n\n\n\n<p>Um dos temas pendentes na cobertura desse acordo \u00e9 o interc\u00e2mbio cultural entre ambas as na\u00e7\u00f5es. A China n\u00e3o \u00e9 s\u00f3 um mercado de 1,4 bilh\u00e3o de habitantes onde \u00e9 poss\u00edvel comercializar novos produtos equatorianos. O gigante asi\u00e1tico tamb\u00e9m tem um <em>soft power<\/em> que foi claramente exposto no seu livro branco intitulado \u201cUma comunidade global de futuro compartilhado: Propostas e a\u00e7\u00f5es da China\u201d (setembro de 2023). Ele especifica a necessidade de aumentar os interc\u00e2mbios entre as na\u00e7\u00f5es para fomentar a inclus\u00e3o e o respeito \u00e0s diferen\u00e7as. Em outras palavras, em seu modelo de integra\u00e7\u00e3o, \u00e9 imposs\u00edvel pensar que o comercial n\u00e3o anda de m\u00e3os dadas com o cultural.<\/p>\n\n\n\n<p>Neste exato momento, \u00e9 dif\u00edcil determinar se h\u00e1 uma imagem positiva ou negativa do Acordo China-Equador na m\u00eddia devido aos detalhes t\u00e9cnicos-econ\u00f4micos nos quais a discuss\u00e3o na m\u00eddia se concentrou. Por agora, o governo desenvolveu uma intensa agenda para divulgar os pontos principais da primeira fase de implementa\u00e7\u00e3o desse instrumento. Surge a quest\u00e3o de at\u00e9 que ponto os jornalistas podem deixar de lado seus valores e cren\u00e7as ao reportar sobre o tema, considerando aspectos como, por exemplo, se os interesses equatorianos podem ser equilibrados com os interesses chineses.<\/p>\n\n\n\n<p>As acusa\u00e7\u00f5es de que o acordo \u00e9 uma venda em massa de recursos naturais e interesses pol\u00edticos e econ\u00f4micos estrat\u00e9gicos foram especialmente comuns nos meses pr\u00e9vios \u00e0 entrada em vigor do tratado, mas tamb\u00e9m cresce o interesse na redu\u00e7\u00e3o de pre\u00e7os em \u00e1reas como transporte e tecnologia, dois setores de suma import\u00e2ncia ao medir o crescimento dos povos.<\/p>\n\n\n\n<p><sup>* Este artigo foi publicado originalmente no site da <a href=\"http:\/\/chinayamericalatina.com\/\">REDCAEM<\/a>.<\/sup><\/p>\n","protected":false},"excerpt":{"rendered":"<p>O governo equatoriano tem desenvolvido uma agenda intensa para divulgar os pontos-chave para a primeira fase de implementa\u00e7\u00e3o do TLC com a China<\/p>\n","protected":false},"author":615,"featured_media":40716,"comment_status":"closed","ping_status":"closed","sticky":false,"template":"","format":"standard","meta":{"_acf_changed":false,"episode_type":"","audio_file":"","cover_image":"","cover_image_id":"","duration":"","filesize":"","filesize_raw":"","date_recorded":"","explicit":"","block":"","itunes_episode_number":"","itunes_title":"","itunes_season_number":"","itunes_episode_type":"","footnotes":""},"categories":[16761,16715],"tags":[17187],"gps":[],"class_list":{"0":"post-40725","1":"post","2":"type-post","3":"status-publish","4":"format-standard","5":"has-post-thumbnail","7":"category-china-es-pt-br","8":"category-ecuador-pt-br","9":"tag-debates-2"},"acf":[],"_links":{"self":[{"href":"https:\/\/latinoamerica21.com\/pt-br\/wp-json\/wp\/v2\/posts\/40725","targetHints":{"allow":["GET"]}}],"collection":[{"href":"https:\/\/latinoamerica21.com\/pt-br\/wp-json\/wp\/v2\/posts"}],"about":[{"href":"https:\/\/latinoamerica21.com\/pt-br\/wp-json\/wp\/v2\/types\/post"}],"author":[{"embeddable":true,"href":"https:\/\/latinoamerica21.com\/pt-br\/wp-json\/wp\/v2\/users\/615"}],"replies":[{"embeddable":true,"href":"https:\/\/latinoamerica21.com\/pt-br\/wp-json\/wp\/v2\/comments?post=40725"}],"version-history":[{"count":0,"href":"https:\/\/latinoamerica21.com\/pt-br\/wp-json\/wp\/v2\/posts\/40725\/revisions"}],"wp:featuredmedia":[{"embeddable":true,"href":"https:\/\/latinoamerica21.com\/pt-br\/wp-json\/wp\/v2\/media\/40716"}],"wp:attachment":[{"href":"https:\/\/latinoamerica21.com\/pt-br\/wp-json\/wp\/v2\/media?parent=40725"}],"wp:term":[{"taxonomy":"category","embeddable":true,"href":"https:\/\/latinoamerica21.com\/pt-br\/wp-json\/wp\/v2\/categories?post=40725"},{"taxonomy":"post_tag","embeddable":true,"href":"https:\/\/latinoamerica21.com\/pt-br\/wp-json\/wp\/v2\/tags?post=40725"},{"taxonomy":"gps","embeddable":true,"href":"https:\/\/latinoamerica21.com\/pt-br\/wp-json\/wp\/v2\/gps?post=40725"}],"curies":[{"name":"wp","href":"https:\/\/api.w.org\/{rel}","templated":true}]}}