{"id":41254,"date":"2024-06-12T09:00:00","date_gmt":"2024-06-12T12:00:00","guid":{"rendered":"https:\/\/latinoamerica21.com\/?p=41254"},"modified":"2024-06-12T08:28:31","modified_gmt":"2024-06-12T11:28:31","slug":"o-agonizante-campo-da-politica-no-mexico","status":"publish","type":"post","link":"https:\/\/latinoamerica21.com\/pt-br\/o-agonizante-campo-da-politica-no-mexico\/","title":{"rendered":"O agonizante campo da pol\u00edtica no M\u00e9xico"},"content":{"rendered":"\n<p>A pol\u00edtica \u00e9 um campo de batalha: por direitos, justi\u00e7a, liberdade, igualdade e, sobretudo, por poder. Mas, no caso do M\u00e9xico, muitas dessas batalhas tamb\u00e9m s\u00e3o de vida ou morte.<\/p>\n\n\n\n<p>O soci\u00f3logo Pierre Bourdieu prop\u00f4s uma perspectiva para entender a sociedade que tem sido muito influente e que pode nos levar a entender melhor a situa\u00e7\u00e3o agonizante da pol\u00edtica neste pa\u00eds.<\/p>\n\n\n\n<p>Para o franc\u00eas, a sociedade \u00e9 diferenciada em universos sociais relativamente independentes uns dos outros, com suas pr\u00f3prias regras, pr\u00e1ticas e produtos. Esses universos s\u00e3o o resultado de lutas hist\u00f3ricas: pela independ\u00eancia, para ocupar uma posi\u00e7\u00e3o dentro desses espa\u00e7os, para reivindicar os benef\u00edcios que cada \u00e2mbito oferece, para reestruturar um campo contra for\u00e7as dominantes.&nbsp;<\/p>\n\n\n\n<p>No campo pol\u00edtico do M\u00e9xico, pode-se mencionar alguns exemplos de tais lutas. Com o lema \u201cTerra e Liberdade\u201d, Emiliano Zapata lutou pela justi\u00e7a agr\u00e1ria e pela democratiza\u00e7\u00e3o da na\u00e7\u00e3o. Com sua trai\u00e7\u00e3o e assassinato, o zapatismo passou a simbolizar uma luta at\u00e9 a morte contra a oligarquia em defesa da democracia, promovendo um programa de a\u00e7\u00e3o pol\u00edtica muito influente que contempla ideias inovadoras, como a revoga\u00e7\u00e3o de mandatos.<\/p>\n\n\n\n<p>Outro caso \u00e9 o de Hermila Galindo, que lutou pela igualdade e pelos direitos pol\u00edticos das mulheres, tornando-se a primeira mulher membro do Congresso em 1952. Por sua vez, Mar\u00eda Garc\u00eda Mart\u00ednez lutou pelo reconhecimento constitucional das mulheres como cidad\u00e3s, possibilitando sua elei\u00e7\u00e3o e, assim, abrindo a possibilidade de ocuparem uma posi\u00e7\u00e3o no campo pol\u00edtico. E muitas outras, como Amalia Gonz\u00e1lez Caballero, Esther Chapa Tijerina e Benita Galeana, lutaram pelo sufr\u00e1gio feminino.<\/p>\n\n\n\n<p>Em meados dos anos 1990, o Ex\u00e9rcito Zapatista de Liberta\u00e7\u00e3o Nacional (EZLN) tamb\u00e9m se op\u00f4s \u00e0 oligarquia, pegando em armas contra o regime neoliberal, ao qual se opunha aos ideais de democratiza\u00e7\u00e3o. Exigiram elei\u00e7\u00f5es democr\u00e1ticas e o reconhecimento da liberdade e da autonomia das comunidades ind\u00edgenas, grupos prejudicados que se tornaram ainda mais vulner\u00e1veis pelo Acordo de Livre Com\u00e9rcio.&nbsp;<\/p>\n\n\n\n<p>Como se pode ver, <a href=\"https:\/\/contralinea.com.mx\/opinion\/la-politica-tambien-es-un-campo-de-batalla\/\">a pol\u00edtica no M\u00e9xico ser um campo de batalha<\/a> torna-se uma afirma\u00e7\u00e3o literal. Enquanto o pa\u00eds passa por um processo de mudan\u00e7as na presid\u00eancia e em v\u00e1rios cargos p\u00fablicos, h\u00e1 d\u00e9cadas a principal batalha tem sido contra o crime organizado, cuja interfer\u00eancia levou \u00e0s campanhas eleitorais mais violentas da hist\u00f3ria do pa\u00eds.&nbsp;<\/p>\n\n\n\n<p>Por um lado, h\u00e1 a viol\u00eancia pol\u00edtico-eleitoral. Nos \u00faltimos meses, registrou-se v\u00e1rios casos de viol\u00eancia contra atores pol\u00edticos. Agress\u00f5es, assassinatos, sequestros, desaparecimentos e amea\u00e7as afetam n\u00e3o s\u00f3 os candidatos, mas tamb\u00e9m suas fam\u00edlias, autoridades eleitas, funcion\u00e1rios p\u00fablicos e ativistas partid\u00e1rios. Com esses ataques, grupos do crime organizado buscam assumir o controle das localidades.<\/p>\n\n\n\n<p>Em v\u00e1rias partes do pa\u00eds, a autonomia e <a href=\"https:\/\/latinoamerica21.com\/pt-br\/mexico-2024-a-eleicao-e-a-furia\/\">a seguran\u00e7a dos atores pol\u00edticos n\u00e3o est\u00e3o garantidas<\/a>, o que leva a uma situa\u00e7\u00e3o cr\u00edtica. O n\u00famero de agress\u00f5es contra agentes pol\u00edticos \u00e9 alarmante: s\u00f3 alguns conseguiram escapar dos ataques. A frase que Eulalio Guti\u00e9rrez proclamou h\u00e1 mais de cem anos, volta a fazer sentido, mas em um contexto diferente: \u201cA paisagem mexicana cheira a sangue\u201d.&nbsp;<\/p>\n\n\n\n<p>Por outro lado, h\u00e1 a viol\u00eancia sofrida por membros de comunidades espec\u00edficas ocupadas por grupos criminosos. As amea\u00e7as e o silenciamento de ativistas pol\u00edticos atuam em detrimento de elei\u00e7\u00f5es livres, al\u00e9m de colocar em risco a vida de muitos. Essa situa\u00e7\u00e3o impossibilita que a arena pol\u00edtica funcione adequadamente nesses territ\u00f3rios, pois dificilmente haver\u00e1 elei\u00e7\u00f5es democr\u00e1ticas.<\/p>\n\n\n\n<p>O que fica como li\u00e7\u00e3o das batalhas hist\u00f3ricas \u00e9 que os movimentos sociais, as lutas armadas e as lutas ideol\u00f3gicas podem ter repercuss\u00f5es cruciais, transformando ou minando a arena pol\u00edtica. N\u00e3o devemos nos esquecer de que a luta pela autonomia, independ\u00eancia de a\u00e7\u00e3o, o direito de admiss\u00e3o em um acampamento \u00e9 uma luta perp\u00e9tua e, neste pa\u00eds, j\u00e1 \u00e9 uma luta pela pr\u00f3pria vida.<\/p>\n\n\n\n<p>Bourdieu nos ensinou que os campos sociais s\u00e3o compostos de algo pelo qual vale a pena lutar. No campo pol\u00edtico, vale a pena defender e garantir a seguran\u00e7a dos atores que o integram, em particular frente \u00e0 intrus\u00e3o de interesses criminosos. Nessa luta, como disse um membro do EZLN h\u00e1 algum tempo, o que \u00e9 realmente importante \u00e9 a base social, pois \u201ca arma que temem n\u00e3o \u00e9 a arma de fogo, mas a da palavra\u201d.<\/p>\n","protected":false},"excerpt":{"rendered":"<p>O que fica como li\u00e7\u00e3o das batalhas hist\u00f3ricas \u00e9 que os movimentos sociais, as lutas armadas e as lutas ideol\u00f3gicas podem ter repercuss\u00f5es cruciais, transformando ou minando o campo pol\u00edtico. <\/p>\n","protected":false},"author":612,"featured_media":41252,"comment_status":"closed","ping_status":"closed","sticky":false,"template":"","format":"standard","meta":{"_acf_changed":false,"episode_type":"","audio_file":"","cover_image":"","cover_image_id":"","duration":"","filesize":"","filesize_raw":"","date_recorded":"","explicit":"","block":"","itunes_episode_number":"","itunes_title":"","itunes_season_number":"","itunes_episode_type":"","footnotes":""},"categories":[16706,16708],"tags":[15839],"gps":[],"class_list":{"0":"post-41254","1":"post","2":"type-post","3":"status-publish","4":"format-standard","5":"has-post-thumbnail","7":"category-mexico-pt-br","8":"category-politica-pt-br","9":"tag-ideias-pt-br"},"acf":[],"_links":{"self":[{"href":"https:\/\/latinoamerica21.com\/pt-br\/wp-json\/wp\/v2\/posts\/41254","targetHints":{"allow":["GET"]}}],"collection":[{"href":"https:\/\/latinoamerica21.com\/pt-br\/wp-json\/wp\/v2\/posts"}],"about":[{"href":"https:\/\/latinoamerica21.com\/pt-br\/wp-json\/wp\/v2\/types\/post"}],"author":[{"embeddable":true,"href":"https:\/\/latinoamerica21.com\/pt-br\/wp-json\/wp\/v2\/users\/612"}],"replies":[{"embeddable":true,"href":"https:\/\/latinoamerica21.com\/pt-br\/wp-json\/wp\/v2\/comments?post=41254"}],"version-history":[{"count":0,"href":"https:\/\/latinoamerica21.com\/pt-br\/wp-json\/wp\/v2\/posts\/41254\/revisions"}],"wp:featuredmedia":[{"embeddable":true,"href":"https:\/\/latinoamerica21.com\/pt-br\/wp-json\/wp\/v2\/media\/41252"}],"wp:attachment":[{"href":"https:\/\/latinoamerica21.com\/pt-br\/wp-json\/wp\/v2\/media?parent=41254"}],"wp:term":[{"taxonomy":"category","embeddable":true,"href":"https:\/\/latinoamerica21.com\/pt-br\/wp-json\/wp\/v2\/categories?post=41254"},{"taxonomy":"post_tag","embeddable":true,"href":"https:\/\/latinoamerica21.com\/pt-br\/wp-json\/wp\/v2\/tags?post=41254"},{"taxonomy":"gps","embeddable":true,"href":"https:\/\/latinoamerica21.com\/pt-br\/wp-json\/wp\/v2\/gps?post=41254"}],"curies":[{"name":"wp","href":"https:\/\/api.w.org\/{rel}","templated":true}]}}