{"id":4175,"date":"2021-03-06T08:45:00","date_gmt":"2021-03-06T11:45:00","guid":{"rendered":"http:\/\/latinoamerica21.com\/?p=4175"},"modified":"2021-03-06T13:14:16","modified_gmt":"2021-03-06T16:14:16","slug":"bolivia-volta-as-urnas-entre-as-luzes-e-as-sombras","status":"publish","type":"post","link":"https:\/\/latinoamerica21.com\/pt-br\/bolivia-volta-as-urnas-entre-as-luzes-e-as-sombras\/","title":{"rendered":"Bol\u00edvia volta \u00e0s urnas entre as luzes e as sombras"},"content":{"rendered":"\n<p>No pr\u00f3ximo domingo, 7 de Mar\u00e7o, os bolivianos ir\u00e3o de novo \u00e0s urnas em menos de seis meses. Desta vez para eleger governadores e prefeitos dos nove departamentos e mais de 300 munic\u00edpios para o per\u00edodo 2021-2026. Em outras circunst\u00e2ncias se afirmaria que este \u00e9 mais um cap\u00edtulo do processo democr\u00e1tico que permite aos eleitores expressarem a sua vontade para renovar o poder local. Contudo, desta vez ir\u00e3o votar no meio de um contexto socioecon\u00f4mico cr\u00edtico, produto da pandemia e da instabilidade pol\u00edtica instalada no pa\u00eds desde o final de 2019 com a ren\u00fancia de Evo Morales ap\u00f3s 14 anos de governo. Bol\u00edvia volta \u00e0s urnas entre as luzes e as sombras.<\/p>\n\n\n\n<p><strong>Tr\u00eas elei\u00e7\u00f5es em menos de dois anos<\/strong><\/p>\n\n\n\n<p>Olhando para o passado imediato, os cidad\u00e3os voltam \u00e0s urnas pela terceira vez entre novembro de 2019 e mar\u00e7o de 2021. De fato, <a href=\"http:\/\/latinoamerica21.com\/br\/precisamos-falar-da-bolivia\/\" target=\"_blank\" rel=\"noreferrer noopener\">a queda de Morales<\/a> &#8211; em novembro de 2019 &#8211; como produto da rea\u00e7\u00e3o popular \u00e0 fraude eleitoral, bem como a subsequente instala\u00e7\u00e3o de um governo de transi\u00e7\u00e3o e a destitui\u00e7\u00e3o de todos os membros do Supremo Tribunal Eleitoral (STE), inaugurou um per\u00edodo de estremecimento nas institui\u00e7\u00f5es pol\u00edticas.<\/p>\n\n\n\n<p>A recente vit\u00f3ria de Arce Catacora, o candidato do MAS, com 55% dos votos v\u00e1lidos e a derrota significativa dos partidos de oposi\u00e7\u00e3o nos com\u00edcios de 2020 gerou a esperan\u00e7a de um regresso \u00e0 normalidade pol\u00edtica. Diversos setores da popula\u00e7\u00e3o tinham expectativas de que o novo governo, que tinha emergido das urnas e agora tinha um forte apoio do Congresso, poderia implementar medidas econ\u00f4micas e sanit\u00e1rias para superar os efeitos da pandemia.<\/p>\n\n\n\n<p>N\u00e3o s\u00f3 devido \u00e0 proximidade temporal das \u00faltimas elei\u00e7\u00f5es gerais, mas tamb\u00e9m porque os atores pol\u00edticos e institucionais de 2020 est\u00e3o presentes e ativos nas elei\u00e7\u00f5es subnacionais, pode-se afirmar que existe uma forte correla\u00e7\u00e3o entre as duas elei\u00e7\u00f5es e o cen\u00e1rio pol\u00edtico e partid\u00e1rio dos pr\u00f3ximos anos.<\/p>\n\n\n\n<p>A m\u00e1xima de que as \u201c<em>elei\u00e7\u00f5es subnacionais s\u00e3o totalmente independentes das elei\u00e7\u00f5es presidenciais\u201d<\/em> n\u00e3o se aplica neste caso.<\/p>\n\n\n\n<p><strong>O cen\u00e1rio eleitoral anterior &nbsp;&nbsp;&nbsp;&nbsp;<\/strong><\/p>\n\n\n\n<p>Ap\u00f3s <a href=\"https:\/\/www1.folha.uol.com.br\/mundo\/2020\/10\/apuracao-oficial-confirma-vitoria-avassaladora-de-arce-na-eleicao-presidencial-na-bolivia.shtml\" target=\"_blank\" rel=\"noreferrer noopener\">a vit\u00f3ria do MAS<\/a> em outubro passado, as elei\u00e7\u00f5es subnacionais tornaram-se um desafio para o partido no poder em dois sentidos. Em primeiro lugar, para consolidar a sua hegemonia nos munic\u00edpios e departamentos do pa\u00eds. Em segundo lugar, para ter um par\u00e2metro real da sua for\u00e7a no que tem sido chamado de \u201cMAS p\u00f3s-Morales\u201d.<\/p>\n\n\n\n<p>A elei\u00e7\u00e3o presidencial mostrou a for\u00e7a do MAS em praticamente todos os departamentos da Bol\u00edvia, resta provar que \u00e9 tamb\u00e9m uma alternativa de poder a n\u00edvel local. Um triunfo tamb\u00e9m permitiria mostrar que o MAS \u00e9 capaz de obter resultados positivos nas zonas urbanas, deixando para tr\u00e1s a imagem de ser um partido fundamentalmente rural.<\/p>\n\n\n\n<p>Com a queda de Morales, o MAS se viu obrigado, de forma brusca, a entrar num processo de renova\u00e7\u00e3o de dirigentes. Os resultados das elei\u00e7\u00f5es subnacionais poderiam marcar a supera\u00e7\u00e3o definitiva da antiga guarda &#8220;masista&#8221;. Caso contr\u00e1rio, uma derrota eleitoral criar\u00e1 as condi\u00e7\u00f5es para o regresso de Morales e da sua comitiva para, mais uma vez, liderar o MAS.<\/p>\n\n\n\n<p>A oposi\u00e7\u00e3o enfrenta os seus pr\u00f3prios desafios com maior drama. Ap\u00f3s a derrota eleitoral de outubro, as duas maiores frentes da oposi\u00e7\u00e3o lutam pela sua sobreviv\u00eancia. Uma delas, Comunidad Ciudadana (CC), que em certos momentos do per\u00edodo 2019-2020 foi vista como a alternativa vi\u00e1vel ao MAS, hoje luta contra a fragmenta\u00e7\u00e3o e a irrelev\u00e2ncia eleitoral.<\/p>\n\n\n\n<p>A segunda for\u00e7a de oposi\u00e7\u00e3o, CREEMOS, do l\u00edder populista de direita Luis Fernando Camacho, com pretens\u00f5es presidenciais em 2020, teve um desempenho decepcionante e mostrou for\u00e7a apenas no departamento de Santa Cruz. Nestas elei\u00e7\u00f5es, Camacho luta pela sua sobreviv\u00eancia neste departamento sem qualquer presen\u00e7a no resto do pa\u00eds.<\/p>\n\n\n\n<p><strong>Novas elei\u00e7\u00f5es, velhos atores e as pesquisas de opini\u00e3o<\/strong><\/p>\n\n\n\n<p>Se algu\u00e9m tiver d\u00favidas sobre a influ\u00eancia direta das elei\u00e7\u00f5es presidenciais nas elei\u00e7\u00f5es do pr\u00f3ximo domingo, basta mencionar que tr\u00eas antigos candidatos presidenciais (incluindo a antiga presidente interina) s\u00e3o atualmente candidatos. Camacho (CREEMOS) e Chi Hyung Chung (ASIP) para governador em Santa Cruz e Jeanine \u00c1\u00f1ez (AHORA) para governador de Beni.<\/p>\n\n\n\n<p>Pesquisas divulgadas esta semana, sobre as quais existe uma crescente desconfian\u00e7a devido aos erros nas \u00faltimas elei\u00e7\u00f5es presidenciais, s\u00e3o realizadas apenas nos tr\u00eas departamentos mais povoados (Santa Cruz, La Paz e Cochabamba) e nas quatro cidades com os maiores eleitorados: La Paz, El Alto, Santa Cruz e Cochabamba.<\/p>\n\n\n\n<p>De acordo com a sondagem da UNITEL, o MAS lidera claramente no governo de Cochabamba (34%). Camacho lidera em Santa Cruz (40%), enquanto que em La Paz h\u00e1 uma forte fragmenta\u00e7\u00e3o dos votos, liderada pelo candidato do MAS, Flores, com 23%. Em todos os tr\u00eas departamentos, o n\u00famero de eleitores indecisos \u00e9 superior a um quarto do eleitorado e tudo indica que haver\u00e1 um segundo turno em 10 de Abril.<\/p>\n\n\n\n<p>As quatro cidades acima mencionadas concentram 46% do PIB e 35% da popula\u00e7\u00e3o. Em todos os quatro munic\u00edpios, a derrota do partido do presidente \u00e9 considerada certa. Em La Paz, Iv\u00e1n Arias (proeminente ex-ministro de A\u00f1ez) tem mais da metade dos votos, tal como Reyes Villa em Cochabamba, Eva Copa, ex-presidente do Senado e recentemente expulsa do MAS, lidera com 75% em El Alto, e na cidade de Santa Cruz dois opositores ao MAS surgem como favoritos, Jos\u00e9 Gary A\u00f1ez (CC) e Jhonny Fernandez (UCS).<\/p>\n\n\n\n<p>Em conclus\u00e3o, \u00e9 importante mencionar outro fator determinante: o hiperativismo do Poder Judici\u00e1rio. Tal como em elei\u00e7\u00f5es anteriores, s\u00e3o iniciados processos judiciais contra candidatos da oposi\u00e7\u00e3o com o objetivo de os desqualificar. Jeanine A\u00f1ez em Beni, Camacho em Santa Cruz e Reyes Villa em Cochabamba s\u00e3o apenas alguns exemplos. H\u00e1 alguns dias, foi anunciada a desqualifica\u00e7\u00e3o de Reyes Villa, o virtual vencedor na cidade de Cochabamba.<\/p>\n\n\n\n<p>Em 7 de Mar\u00e7o, o eleitorado boliviano ir\u00e1 \u00e0s urnas com a esperan\u00e7a de renovar o poder local no meio dos fantasmas e das sombras do passado.<\/p>\n\n\n\n<p><em><sub>*Tradu\u00e7\u00e3o do espanhol por Maria Isabel Santos Lima<\/sub><\/em><\/p>\n","protected":false},"excerpt":{"rendered":"<p>Em outras circunst\u00e2ncias, poderia ser dito que este \u00e9 mais um cap\u00edtulo do partido democr\u00e1tico. No entanto, desta vez eles ir\u00e3o votar em meio a um contexto socioecon\u00f4mico cr\u00edtico, produto da pandemia e da instabilidade pol\u00edtica instalada no pa\u00eds desde o final de 2019 com a ren\u00fancia de Evo Morales.<\/p>\n","protected":false},"author":197,"featured_media":4107,"comment_status":"closed","ping_status":"closed","sticky":false,"template":"","format":"standard","meta":{"_acf_changed":false,"episode_type":"","audio_file":"","cover_image":"","cover_image_id":"","duration":"","filesize":"","filesize_raw":"","date_recorded":"","explicit":"","block":"","itunes_episode_number":"","itunes_title":"","itunes_season_number":"","itunes_episode_type":"","footnotes":""},"categories":[16708,16710,16711,16719,14397,544],"tags":[],"gps":[],"class_list":{"0":"post-4175","1":"post","2":"type-post","3":"status-publish","4":"format-standard","5":"has-post-thumbnail","7":"category-politica-pt-br","8":"category-bolivia-pt-br","9":"category-elecciones-pt-br","10":"category-debates-pt-br","11":"category-eleicoes","12":"category-politica-br"},"acf":[],"_links":{"self":[{"href":"https:\/\/latinoamerica21.com\/pt-br\/wp-json\/wp\/v2\/posts\/4175","targetHints":{"allow":["GET"]}}],"collection":[{"href":"https:\/\/latinoamerica21.com\/pt-br\/wp-json\/wp\/v2\/posts"}],"about":[{"href":"https:\/\/latinoamerica21.com\/pt-br\/wp-json\/wp\/v2\/types\/post"}],"author":[{"embeddable":true,"href":"https:\/\/latinoamerica21.com\/pt-br\/wp-json\/wp\/v2\/users\/197"}],"replies":[{"embeddable":true,"href":"https:\/\/latinoamerica21.com\/pt-br\/wp-json\/wp\/v2\/comments?post=4175"}],"version-history":[{"count":0,"href":"https:\/\/latinoamerica21.com\/pt-br\/wp-json\/wp\/v2\/posts\/4175\/revisions"}],"wp:featuredmedia":[{"embeddable":true,"href":"https:\/\/latinoamerica21.com\/pt-br\/wp-json\/wp\/v2\/media\/4107"}],"wp:attachment":[{"href":"https:\/\/latinoamerica21.com\/pt-br\/wp-json\/wp\/v2\/media?parent=4175"}],"wp:term":[{"taxonomy":"category","embeddable":true,"href":"https:\/\/latinoamerica21.com\/pt-br\/wp-json\/wp\/v2\/categories?post=4175"},{"taxonomy":"post_tag","embeddable":true,"href":"https:\/\/latinoamerica21.com\/pt-br\/wp-json\/wp\/v2\/tags?post=4175"},{"taxonomy":"gps","embeddable":true,"href":"https:\/\/latinoamerica21.com\/pt-br\/wp-json\/wp\/v2\/gps?post=4175"}],"curies":[{"name":"wp","href":"https:\/\/api.w.org\/{rel}","templated":true}]}}