{"id":41817,"date":"2024-06-29T09:00:00","date_gmt":"2024-06-29T12:00:00","guid":{"rendered":"https:\/\/latinoamerica21.com\/?p=41817"},"modified":"2024-06-28T20:09:54","modified_gmt":"2024-06-28T23:09:54","slug":"fora-das-escolas-adolescentes-venezuelanas-em-situacao-de-risco","status":"publish","type":"post","link":"https:\/\/latinoamerica21.com\/pt-br\/fora-das-escolas-adolescentes-venezuelanas-em-situacao-de-risco\/","title":{"rendered":"Fora das escolas: adolescentes venezuelanas em situa\u00e7\u00e3o de risco"},"content":{"rendered":"\n<p>Em busca de uma conversa, um motorista de t\u00e1xi que est\u00e1 me levando em uma viagem para uma cidade distante me conta sobre sua fam\u00edlia: Tenho uma menina e um menino. Tive que tir\u00e1-la da escola porque n\u00e3o tinha dinheiro suficiente para pagar uniformes, livros, lanches, transporte&#8230; Pergunto a ele por que a tirou da escola e n\u00e3o o menino, pois n\u00e3o tirava boas notas? Ele responde: &#8220;Se voc\u00ea soubesse que ela \u00e9 muito mais esfor\u00e7ada do que ele, mas ela j\u00e1 tem 13 anos, seus peitos est\u00e3o aparecendo, ent\u00e3o ela engravida e eu perco todo o dinheiro. Al\u00e9m disso, o menino \u00e9 quem precisa trabalhar para sustentar sua futura fam\u00edlia.<\/p>\n\n\n\n<p>Esse pai espera que sua filha seja uma m\u00e3e adolescente porque ele a v\u00ea dessa forma, uma &#8220;menina com tetas&#8221;, como ele mesmo disse. \u00c9 a cultura dele, parte do costume: as meninas crescem e engravidam, o homem \u00e9 o protetor e provedor do lar. Esse estere\u00f3tipo de g\u00eanero \u00e9 perpetuado de gera\u00e7\u00e3o em gera\u00e7\u00e3o, limitando o progresso socioprodutivo das adolescentes e seu acesso igualit\u00e1rio a oportunidades e direitos.<\/p>\n\n\n\n<p>Mas uma menina fora do circuito escolar que engravida enfrenta um <a href=\"https:\/\/lac.unfpa.org\/sites\/default\/files\/pub-pdf\/ESP-EMBARAZO-ADOLES-14febrero%20FINAL_5.PDF\">risco extraordin\u00e1rio para sua pr\u00f3pria sa\u00fade<\/a> e para o resto de suas condi\u00e7\u00f5es de vida, especialmente seu futuro educacional. De acordo com um <a href=\"https:\/\/www.caf.com\/es\/conocimiento\/visiones\/2021\/01\/desercion-escolar-a-causa-del-embarazo-adolescente\/\">estudo realizado pela CAF<\/a>, a gravidez na adolesc\u00eancia e a maternidade s\u00e3o fatores ex\u00f3genos para o abandono escolar, e <a href=\"https:\/\/www.paho.org\/es\/noticias\/21-11-2023-embarazo-adolescencia-temprana-mirada-integral-derechos-sexuales-derechos\">outro estudo da OPS<\/a> indica que a gravidez na adolesc\u00eancia \u00e9 proporcionalmente maior quanto mais baixo for o n\u00edvel de escolaridade das meninas envolvidas.<\/p>\n\n\n\n<p>Trata-se de um problema urgente para que as adolescentes possam estudar, trabalhar e amadurecer o suficiente antes da maternidade. Mas tamb\u00e9m para suas fam\u00edlias e para toda a comunidade, pois compromete a economia familiar e a mobilidade social: se elas forem pobres, essa maternidade aumenta a possibilidade de continuar ou piorar sua pobreza e, portanto, de que seus filhos tamb\u00e9m cres\u00e7am na pobreza.<\/p>\n\n\n\n<p><strong>O caso venezuelano: uma situa\u00e7\u00e3o alarmante<\/strong><\/p>\n\n\n\n<p>A Venezuela tem o dobro da taxa m\u00e9dia de maternidade adolescente da Am\u00e9rica Latina. De acordo com a Associa\u00e7\u00e3o Venezuelana para uma Educa\u00e7\u00e3o Sexual Alternativa <a href=\"https:\/\/avesa.blog\/\">(AVESA)<\/a>, a Venezuela tem a maior taxa de gravidez na adolesc\u00eancia da Am\u00e9rica do Sul, com 84,6 casos por 1.000 mulheres de 15 a 19 anos.<\/p>\n\n\n\n<p>O contexto da maioria desses nascimentos \u00e9 o de favelas urbanas com altos n\u00edveis de pobreza, falta de acesso a servi\u00e7os sanit\u00e1rios e de higiene menstrual, falhas no fornecimento de \u00e1gua pot\u00e1vel, juntamente com uma grave deteriora\u00e7\u00e3o da renda familiar ap\u00f3s anos de hiperinfla\u00e7\u00e3o; al\u00e9m disso, a desintegra\u00e7\u00e3o familiar &#8211; resultado do \u00eaxodo migrat\u00f3rio que colocou milhares de crian\u00e7as e adolescentes sob os cuidados de familiares indiretos e parentes pr\u00f3ximos &#8211; entre muitos outros problemas.<\/p>\n\n\n\n<p>A evas\u00e3o escolar e as taxas de evas\u00e3o merecem men\u00e7\u00e3o especial. Para al\u00e9m da COVID, o retorno \u00e0s salas de aula tem sido apenas parcial na Venezuela, porque a situa\u00e7\u00e3o das escolas e de seus equipamentos, a escassez de alimentos, os problemas de combust\u00edvel &#8211; com suas implica\u00e7\u00f5es para o transporte p\u00fablico &#8211; e os sal\u00e1rios dos professores (US$ 30 por m\u00eas no melhor dos casos) mant\u00eam milhares de crian\u00e7as e adolescentes fora da sala de aula.<\/p>\n\n\n\n<p>De fato, a <a href=\"https:\/\/www.proyectoencovi.com\/\">Pesquisa Nacional de Condi\u00e7\u00f5es de Vida (ENCOVI) de 2023<\/a> relata que 40% dos alunos com idade entre 3 e 17 anos n\u00e3o frequentam as aulas regularmente. Os alunos ainda n\u00e3o adquirem os conhecimentos necess\u00e1rios para passar de s\u00e9rie ou n\u00edvel e <a href=\"https:\/\/storage.googleapis.com\/qurium\/efectococuyo.com\/la-humanidad-fvm-el-ano-escolar-en-venezuela-termina-con-ninos-sin-competencias-y-80-de-desercion-docente.html?mc_cid=f4af81ceb7&amp;mc_eid=5d1e6dc869\">a situa\u00e7\u00e3o tornou-se cada vez mais cr\u00edtica<\/a> desde a implementa\u00e7\u00e3o do hor\u00e1rio em mosaico, que agora \u00e9 usado em 80% das escolas do pa\u00eds. Nesse sistema, os professores lecionam entre um e tr\u00eas dias por semana, pois no restante do tempo eles se dedicam a outros trabalhos que lhes permitem ganhar dinheiro extra.<\/p>\n\n\n\n<p>Superar um problema como a gravidez na adolesc\u00eancia <a href=\"https:\/\/latinoamerica21.com\/pt-br\/as-criancas-venezuelanas-com-doencas-graves-morrem-por-falta-de-atencao-medica\/\">nesse contexto<\/a> significa trabalhar na constru\u00e7\u00e3o de alternativas para evitar a evas\u00e3o escolar, o que envolve reativar a disponibilidade de contraceptivos gratuitos para os jovens o mais r\u00e1pido poss\u00edvel, juntamente com uma educa\u00e7\u00e3o sexual integral. Na Venezuela, <a href=\"https:\/\/www.swissinfo.ch\/spa\/estudio-revela-que-solo-26-de-las-mujeres-en-venezuela-usa-anticonceptivos\/48051522\">apenas 26,6% das mulheres usam contraceptivos<\/a> devido \u00e0 escassez, \u00e0 baixa renda ou \u00e0 falta de educa\u00e7\u00e3o sexual.<\/p>\n\n\n\n<p>N\u00e3o \u00e9 f\u00e1cil reverter um problema como esse, porque nas muitas ocasi\u00f5es em que a gravidez pode esconder uma agress\u00e3o sexual anterior, h\u00e1 uma dupla vitimiza\u00e7\u00e3o da adolescente e tamb\u00e9m da m\u00e3e, que \u00e9 responsabilizada pela preven\u00e7\u00e3o, quando poderia ser a chefe da fam\u00edlia sem ter condi\u00e7\u00f5es de garantir essa prote\u00e7\u00e3o.<\/p>\n\n\n\n<p>Vale a pena tentar aprender com outras experi\u00eancias, como, por exemplo, os ambulat\u00f3rios com <a href=\"https:\/\/shorturl.asia\/d8A1Q\">servi\u00e7os amig\u00e1veis na Col\u00f4mbia<\/a>, uma iniciativa para mudar os protocolos de atendimento e volt\u00e1-los para a gera\u00e7\u00e3o de confian\u00e7a em rela\u00e7\u00e3o aos adolescentes e suas fam\u00edlias, ou o fornecimento massivo de contraceptivos em bairros pobres nos EUA. O papel do Estado \u00e9 fundamental nessa mat\u00e9ria, mas tamb\u00e9m o envolvimento das empresas, da igreja, das fam\u00edlias e da sociedade civil.<\/p>\n\n\n\n<p>Imagino que muitas fam\u00edlias na Venezuela devem estar tomando decis\u00f5es semelhantes \u00e0s do meu motorista de t\u00e1xi. Esperemos que talentos e esfor\u00e7os como o da adolescente dessa fam\u00edlia n\u00e3o se percam devido a preconceitos e estere\u00f3tipos machistas e que, como sociedade, n\u00e3o nos contentemos com pap\u00e9is atribu\u00eddos pelo sexo em meio a condi\u00e7\u00f5es sociais t\u00e3o prec\u00e1rias.<\/p>\n\n\n\n<p>Para tanto, \u00e9 urgente superar as m\u00faltiplas barreiras machistas e patriarcais que consideram o acesso sexual como um assunto privado das fam\u00edlias. \u00c9 necess\u00e1rio proteger mais as meninas e adolescentes, insistir em sua escolariza\u00e7\u00e3o, proteger sua seguran\u00e7a dentro e fora de casa e apoiar seus direitos sexuais e reprodutivos com mais insumos, melhor atendimento ambulatorial, melhor comunica\u00e7\u00e3o p\u00fablica, menos estigmatiza\u00e7\u00e3o e mais combate \u00e0 viol\u00eancia.<\/p>\n","protected":false},"excerpt":{"rendered":"<p>Na Venezuela, apenas 26,6% das mulheres usam contraceptivos devido \u00e0 escassez, \u00e0 baixa renda ou \u00e0 falta de educa\u00e7\u00e3o sexual<\/p>\n","protected":false},"author":626,"featured_media":41789,"comment_status":"closed","ping_status":"closed","sticky":false,"template":"","format":"standard","meta":{"_acf_changed":false,"episode_type":"","audio_file":"","cover_image":"","cover_image_id":"","duration":"","filesize":"","filesize_raw":"","date_recorded":"","explicit":"","block":"","itunes_episode_number":"","itunes_title":"","itunes_season_number":"","itunes_episode_type":"","footnotes":""},"categories":[16721,16791],"tags":[17187],"gps":[],"class_list":{"0":"post-41817","1":"post","2":"type-post","3":"status-publish","4":"format-standard","5":"has-post-thumbnail","7":"category-venezuela-pt-br","8":"category-educacion-pt-br","9":"tag-debates-2"},"acf":[],"_links":{"self":[{"href":"https:\/\/latinoamerica21.com\/pt-br\/wp-json\/wp\/v2\/posts\/41817","targetHints":{"allow":["GET"]}}],"collection":[{"href":"https:\/\/latinoamerica21.com\/pt-br\/wp-json\/wp\/v2\/posts"}],"about":[{"href":"https:\/\/latinoamerica21.com\/pt-br\/wp-json\/wp\/v2\/types\/post"}],"author":[{"embeddable":true,"href":"https:\/\/latinoamerica21.com\/pt-br\/wp-json\/wp\/v2\/users\/626"}],"replies":[{"embeddable":true,"href":"https:\/\/latinoamerica21.com\/pt-br\/wp-json\/wp\/v2\/comments?post=41817"}],"version-history":[{"count":0,"href":"https:\/\/latinoamerica21.com\/pt-br\/wp-json\/wp\/v2\/posts\/41817\/revisions"}],"wp:featuredmedia":[{"embeddable":true,"href":"https:\/\/latinoamerica21.com\/pt-br\/wp-json\/wp\/v2\/media\/41789"}],"wp:attachment":[{"href":"https:\/\/latinoamerica21.com\/pt-br\/wp-json\/wp\/v2\/media?parent=41817"}],"wp:term":[{"taxonomy":"category","embeddable":true,"href":"https:\/\/latinoamerica21.com\/pt-br\/wp-json\/wp\/v2\/categories?post=41817"},{"taxonomy":"post_tag","embeddable":true,"href":"https:\/\/latinoamerica21.com\/pt-br\/wp-json\/wp\/v2\/tags?post=41817"},{"taxonomy":"gps","embeddable":true,"href":"https:\/\/latinoamerica21.com\/pt-br\/wp-json\/wp\/v2\/gps?post=41817"}],"curies":[{"name":"wp","href":"https:\/\/api.w.org\/{rel}","templated":true}]}}